{"id":599800,"date":"2025-12-15T01:16:26","date_gmt":"2025-12-15T01:16:26","guid":{"rendered":"https:\/\/www.europesays.com\/fr\/599800\/"},"modified":"2025-12-15T01:16:26","modified_gmt":"2025-12-15T01:16:26","slug":"blagnac-decouvrez-le-chateau-du-ferradou-comme-si-vous-y-etiez","status":"publish","type":"post","link":"https:\/\/www.europesays.com\/fr\/599800\/","title":{"rendered":"Blagnac. D\u00e9couvrez le ch\u00e2teau du Ferradou comme si vous y \u00e9tiez"},"content":{"rendered":"<p>\u00ab\u00a0Nous avons eu l\u2019immense chance de pouvoir visiter le Ch\u00e2teau du Ferradou, normalement ferm\u00e9 au public, et proposer \u00e0 nos lecteurs des photos in\u00e9dites de son int\u00e9rieur.\u00a0\u00bb Annie Thomas, pr\u00e9sidente de Blagnac Histoire et m\u00e9moire, se f\u00e9licite de la relation li\u00e9e avec Martine Laurent Lenaers, propri\u00e9taire du ch\u00e2teau, relation amorc\u00e9e en juin 2024 lors de la c\u00e9r\u00e9monie qui s\u2019\u00e9tait tenue aux marches du ch\u00e2teau, en l\u2019honneur de l\u2019\u00e9quipage du bombardier B17 qui avait \u00e9t\u00e9 d\u00e9tenu dans les caves du Ferradou durant la Seconde Guerre Mondiale. L\u2019invitation avait donc \u00e9t\u00e9 lanc\u00e9e aux historiens blagnacais qui en ont profit\u00e9 pour r\u00e9diger un dossier tr\u00e8s document\u00e9, tout d\u2019abord consacr\u00e9 \u00e0 Prosper Ferradou, que l\u2019on peut retrouver dans le num\u00e9ro 69 de la revue semestrielle \u00ab\u00a0Questions d\u2019histoire\u00a0\u00bb, puis dans le dernier num\u00e9ro, r\u00e9cemment paru, qui abrite la fameuse visite du ch\u00e2teau agr\u00e9ment\u00e9e de tr\u00e8s nombreuses photos et documents.<\/p>\n<p>Le b\u00e2timent fait \u00e9videmment partie de l\u2019histoire blagnacaise, et fut aussi le th\u00e9\u00e2tre d\u2019\u00e9v\u00e9nements cocasses, comme le rappelle Michele Ferlet, une adh\u00e9rente de BHM : \u00ab\u00a0Lorsque j\u2019\u00e9tais jeune, le ch\u00e2teau \u00e9tait ferm\u00e9, il n\u2019a r\u00e9ouvert que dans les ann\u00e9es 65-70. Pour nous, c\u2019\u00e9tait le ch\u00e2teau de La Belle au bois dormant. Tous les enfants de Blagnac allaient y r\u00f4der, rentraient \u00e0 l\u2019int\u00e9rieur, s\u2019y cachaient. Je me souviens d\u2019une \u00e9quipe de gar\u00e7ons, \u00e0 qui on avait dit que les pointes du paratonnerre \u00e9taient en titane et que \u00e7a valait une fortune. Ils mont\u00e8rent sur le toit, mais ne purent arracher les fameuses pointes.\u00a0\u00bb<\/p>\n<p>Mais le Ferradou n\u2019est pas le seul int\u00e9r\u00eat de la revue 70. On y trouvera \u00e9galement un tr\u00e8s int\u00e9ressant article r\u00e9dig\u00e9 par Dominique Caubet et Annie Thomas concernant la m\u00e9tairie enchant\u00e9e, une belle b\u00e2tisse implant\u00e9e au c\u0153ur de la vieille ville. On y lira \u00e9galement l\u2019\u00e9vocation d\u2019une famille blagnacaise de monnayeurs au XVIIIe si\u00e8cle ainsi que la suite des portraits des jeunes Toulousains qui, le 5 novembre 1940, avaient os\u00e9 d\u00e9fier le r\u00e9gime de Vichy en jetant des tracts sur le passage du cort\u00e8ge du mar\u00e9chal P\u00e9tain de passage \u00e0 Toulouse. Cet acte est reconnu comme le premier de la R\u00e9sistance toulousaine.<\/p>\n<p>Revue disponible \u00e0 Multi Copies 13 bis route de Grenade.<\/p>\n","protected":false},"excerpt":{"rendered":"\u00ab\u00a0Nous avons eu l\u2019immense chance de pouvoir visiter le Ch\u00e2teau du Ferradou, normalement ferm\u00e9 au public, et proposer&hellip;\n","protected":false},"author":2,"featured_media":599801,"comment_status":"","ping_status":"","sticky":false,"template":"","format":"standard","meta":{"footnotes":""},"categories":[2816],"tags":[1111,11,55766,872,1777,674,1011,27,2722,12,2680,2551,25,2312],"class_list":{"0":"post-599800","1":"post","2":"type-post","3":"status-publish","4":"format-standard","5":"has-post-thumbnail","7":"category-toulouse","8":"tag-actu","9":"tag-actualites","10":"tag-blagnac","11":"tag-culture-et-loisirs","12":"tag-eu","13":"tag-europe","14":"tag-fr","15":"tag-france","16":"tag-haute-garonne","17":"tag-news","18":"tag-occitanie","19":"tag-patrimoine","20":"tag-republique-francaise","21":"tag-toulouse"},"share_on_mastodon":{"url":"https:\/\/pubeurope.com\/@fr\/115720944771464864","error":""},"_links":{"self":[{"href":"https:\/\/www.europesays.com\/fr\/wp-json\/wp\/v2\/posts\/599800","targetHints":{"allow":["GET"]}}],"collection":[{"href":"https:\/\/www.europesays.com\/fr\/wp-json\/wp\/v2\/posts"}],"about":[{"href":"https:\/\/www.europesays.com\/fr\/wp-json\/wp\/v2\/types\/post"}],"author":[{"embeddable":true,"href":"https:\/\/www.europesays.com\/fr\/wp-json\/wp\/v2\/users\/2"}],"replies":[{"embeddable":true,"href":"https:\/\/www.europesays.com\/fr\/wp-json\/wp\/v2\/comments?post=599800"}],"version-history":[{"count":0,"href":"https:\/\/www.europesays.com\/fr\/wp-json\/wp\/v2\/posts\/599800\/revisions"}],"wp:featuredmedia":[{"embeddable":true,"href":"https:\/\/www.europesays.com\/fr\/wp-json\/wp\/v2\/media\/599801"}],"wp:attachment":[{"href":"https:\/\/www.europesays.com\/fr\/wp-json\/wp\/v2\/media?parent=599800"}],"wp:term":[{"taxonomy":"category","embeddable":true,"href":"https:\/\/www.europesays.com\/fr\/wp-json\/wp\/v2\/categories?post=599800"},{"taxonomy":"post_tag","embeddable":true,"href":"https:\/\/www.europesays.com\/fr\/wp-json\/wp\/v2\/tags?post=599800"}],"curies":[{"name":"wp","href":"https:\/\/api.w.org\/{rel}","templated":true}]}}