{"id":599802,"date":"2025-12-15T01:17:23","date_gmt":"2025-12-15T01:17:23","guid":{"rendered":"https:\/\/www.europesays.com\/fr\/599802\/"},"modified":"2025-12-15T01:17:23","modified_gmt":"2025-12-15T01:17:23","slug":"toulouse-le-corps-dun-homme-avec-un-trou-a-une-tempe-retrouve-dans-un-local-a-velos","status":"publish","type":"post","link":"https:\/\/www.europesays.com\/fr\/599802\/","title":{"rendered":"Toulouse : Le corps d\u2019un homme avec un trou \u00e0 une tempe retrouv\u00e9 dans un local \u00e0 v\u00e9los"},"content":{"rendered":"<p class=\"mb-4 text-lg md:leading-8 break-words\"><strong>S\u00e9questration &#8211; Le corps d\u2019un homme, p\u00e8re de six ans, disparu depuis trois semaines a \u00e9t\u00e9 retrouv\u00e9, samedi, dans un local \u00e0 v\u00e9los \u00e0 Toulouse. La victime \u00e9tait porteuse d\u2019un orifice \u00e0 la tempe gauche<\/strong><\/p>\n<p class=\"mb-4 text-lg md:leading-8 break-words\">La <a href=\"https:\/\/www.20minutes.fr\/dossier\/disparition?at_medium=RSS%20feed&amp;at_campaign=ynews&amp;utm_source=yahoo&amp;utm_medium=rss&amp;utm_campaign=news_feed&amp;utm_content=in_article_link\" rel=\"nofollow noopener\" target=\"_blank\" data-ylk=\"slk:disparition;elm:context_link;itc:0;sec:content-canvas\" class=\"link \">disparition <\/a>d\u2019un homme de 42 ans et p\u00e8re de six enfants requalifi\u00e9e du chef d\u2019<a href=\"https:\/\/www.20minutes.fr\/dossier\/enlevement?at_medium=RSS%20feed&amp;at_campaign=ynews&amp;utm_source=yahoo&amp;utm_medium=rss&amp;utm_campaign=news_feed&amp;utm_content=in_article_link\" rel=\"nofollow noopener\" target=\"_blank\" data-ylk=\"slk:enl\u00e8vement;elm:context_link;itc:0;sec:content-canvas\" class=\"link \">enl\u00e8vement<\/a> et <a href=\"https:\/\/www.20minutes.fr\/dossier\/sequestration?at_medium=RSS%20feed&amp;at_campaign=ynews&amp;utm_source=yahoo&amp;utm_medium=rss&amp;utm_campaign=news_feed&amp;utm_content=in_article_link\" rel=\"nofollow noopener\" target=\"_blank\" data-ylk=\"slk:s\u00e9questration;elm:context_link;itc:0;sec:content-canvas\" class=\"link \">s\u00e9questration<\/a> suivie de mort. Ce samedi, le corps de la victime a \u00e9t\u00e9 d\u00e9couvert dans un local \u00e0 v\u00e9los \u00e0 <a href=\"https:\/\/www.20minutes.fr\/toulouse\/?at_medium=RSS%20feed&amp;at_campaign=ynews&amp;utm_source=yahoo&amp;utm_medium=rss&amp;utm_campaign=news_feed&amp;utm_content=in_article_link\" rel=\"nofollow noopener\" target=\"_blank\" data-ylk=\"slk:Toulouse;elm:context_link;itc:0;sec:content-canvas\" class=\"link \">Toulouse<\/a>, a indiqu\u00e9 dimanche \u00e0 l\u2019AFP le parquet. Une \u00ab\u00a0autopsie \u00e0 venir permettra de mieux cerner les conditions du d\u00e9c\u00e8s\u00a0\u00bb, dont la cause est \u00ab\u00a0criminelle\u00a0\u00bb, a pr\u00e9cis\u00e9 le parquet.<\/p>\n<p class=\"mb-4 text-lg md:leading-8 break-words\">Alors que les enqu\u00eateurs perquisitionnaient samedi le domicile du disparu, ils ont ouvert un local \u00e0 v\u00e9los o\u00f9 ils ont d\u00e9couvert son corps, porteur d\u2019un orifice \u00e0 la tempe gauche, selon une source polici\u00e8re.<\/p>\n<p class=\"mb-4 text-lg md:leading-8 break-words\">La disparition de cet homme, signal\u00e9e par sa famille inqui\u00e8te, pourrait \u00eatre li\u00e9e au trafic de stup\u00e9fiants selon le parquet qui ne ferme aucune piste. Selon le quotidien local <a href=\"https:\/\/www.ladepeche.fr\/2025\/12\/14\/info-la-depeche-mort-suspecte-le-corps-ensanglante-dun-homme-porte-disparu-decouvert-dans-le-local-a-velos-dune-residence-13110178.php?at_medium=RSS%20feed&amp;at_campaign=ynews&amp;utm_source=yahoo&amp;utm_medium=rss&amp;utm_campaign=news_feed&amp;utm_content=in_article_link\" rel=\"nofollow noopener\" target=\"_blank\" data-ylk=\"slk:La D\u00e9p\u00eache du Midi;elm:context_link;itc:0;sec:content-canvas\" class=\"link \">La D\u00e9p\u00eache du Midi<\/a>, ce p\u00e8re de six enfants n\u2019avait pas donn\u00e9 de signe de vie depuis trois semaines.<\/p>\n<p class=\"mb-4 text-lg md:leading-8 break-words\"><a href=\"https:\/\/www.20minutes.fr\/faits_divers\/faits-divers-toulouse\/4191394-20251214-toulouse-corps-homme-trou-tempe-retrouve-local-velos?at_medium=RSS%20feed&amp;at_campaign=ynews&amp;utm_source=yahoo&amp;utm_medium=rss&amp;utm_campaign=news_feed&amp;utm_content=read_more_link&quot;\" rel=\"nofollow noopener\" target=\"_blank\" data-ylk=\"slk:Lire la suite sur 20minutes;elm:context_link;itc:0;sec:content-canvas\" class=\"link \">Lire la suite sur 20minutes<\/a><\/p>\n<p>\u00c0 lire aussi :<br \/><a href=\"https:\/\/www.20minutes.fr\/faits_divers\/4191374-20251214-savoie-homme-meurt-accident-voiture-alors-trouvait-coffre-conducteur-garde-vue?at_medium=RSS%20feed&amp;at_campaign=ynews&amp;utm_source=yahoo&amp;utm_medium=rss&amp;utm_campaign=news_feed&amp;utm_content=related_content_link\" rel=\"nofollow noopener\" target=\"_blank\" data-ylk=\"slk:Savoie\u00a0: Un homme meurt dans un accident de voiture alors qu\u2019il se trouvait dans le coffre, le conducteur en garde \u00e0 vue;elm:context_link;itc:0;sec:content-canvas\" class=\"link \">Savoie\u00a0: Un homme meurt dans un accident de voiture alors qu\u2019il se trouvait dans le coffre, le conducteur en garde \u00e0 vue<\/a><br \/><a href=\"https:\/\/www.20minutes.fr\/faits_divers\/4191318-20251213-seine-maritime-agresseur-sexuel-enfants-confondu-grace-poupee-pedopornographique?at_medium=RSS%20feed&amp;at_campaign=ynews&amp;utm_source=yahoo&amp;utm_medium=rss&amp;utm_campaign=news_feed&amp;utm_content=related_content_link\" rel=\"nofollow noopener\" target=\"_blank\" data-ylk=\"slk:Seine-Maritime\u00a0: Un agresseur sexuel d\u2019enfants confondu gr\u00e2ce \u00e0 une poup\u00e9e p\u00e9dopornographique;elm:context_link;itc:0;sec:content-canvas\" class=\"link \">Seine-Maritime\u00a0: Un agresseur sexuel d\u2019enfants confondu gr\u00e2ce \u00e0 une poup\u00e9e p\u00e9dopornographique<\/a><\/p>\n","protected":false},"excerpt":{"rendered":"S\u00e9questration &#8211; Le corps d\u2019un homme, p\u00e8re de six ans, disparu depuis trois semaines a \u00e9t\u00e9 retrouv\u00e9, samedi,&hellip;\n","protected":false},"author":2,"featured_media":599803,"comment_status":"","ping_status":"","sticky":false,"template":"","format":"standard","meta":{"footnotes":""},"categories":[2816],"tags":[1111,11,6725,1777,674,1011,27,4933,31940,12,2680,71244,25,2312,825],"class_list":{"0":"post-599802","1":"post","2":"type-post","3":"status-publish","4":"format-standard","5":"has-post-thumbnail","7":"category-toulouse","8":"tag-actu","9":"tag-actualites","10":"tag-corps","11":"tag-eu","12":"tag-europe","13":"tag-fr","14":"tag-france","15":"tag-homme","16":"tag-la-depeche-du-midi","17":"tag-news","18":"tag-occitanie","19":"tag-quotidien-local","20":"tag-republique-francaise","21":"tag-toulouse","22":"tag-velos"},"share_on_mastodon":{"url":"https:\/\/pubeurope.com\/@fr\/115720948529158061","error":""},"_links":{"self":[{"href":"https:\/\/www.europesays.com\/fr\/wp-json\/wp\/v2\/posts\/599802","targetHints":{"allow":["GET"]}}],"collection":[{"href":"https:\/\/www.europesays.com\/fr\/wp-json\/wp\/v2\/posts"}],"about":[{"href":"https:\/\/www.europesays.com\/fr\/wp-json\/wp\/v2\/types\/post"}],"author":[{"embeddable":true,"href":"https:\/\/www.europesays.com\/fr\/wp-json\/wp\/v2\/users\/2"}],"replies":[{"embeddable":true,"href":"https:\/\/www.europesays.com\/fr\/wp-json\/wp\/v2\/comments?post=599802"}],"version-history":[{"count":0,"href":"https:\/\/www.europesays.com\/fr\/wp-json\/wp\/v2\/posts\/599802\/revisions"}],"wp:featuredmedia":[{"embeddable":true,"href":"https:\/\/www.europesays.com\/fr\/wp-json\/wp\/v2\/media\/599803"}],"wp:attachment":[{"href":"https:\/\/www.europesays.com\/fr\/wp-json\/wp\/v2\/media?parent=599802"}],"wp:term":[{"taxonomy":"category","embeddable":true,"href":"https:\/\/www.europesays.com\/fr\/wp-json\/wp\/v2\/categories?post=599802"},{"taxonomy":"post_tag","embeddable":true,"href":"https:\/\/www.europesays.com\/fr\/wp-json\/wp\/v2\/tags?post=599802"}],"curies":[{"name":"wp","href":"https:\/\/api.w.org\/{rel}","templated":true}]}}