{"id":599807,"date":"2025-12-15T01:21:17","date_gmt":"2025-12-15T01:21:17","guid":{"rendered":"https:\/\/www.europesays.com\/fr\/599807\/"},"modified":"2025-12-15T01:21:17","modified_gmt":"2025-12-15T01:21:17","slug":"roberto-de-zerbi-fier-de-la-victoire-2","status":"publish","type":"post","link":"https:\/\/www.europesays.com\/fr\/599807\/","title":{"rendered":"Roberto De Zerbi \u00ab\u00a0fier\u00a0\u00bb de la victoire"},"content":{"rendered":"<p>Dans un match crucial de la 16\u1d49 journ\u00e9e de Ligue 1, l\u2019Olympique de Marseille est parvenu \u00e0 s\u2019imposer 1-0 contre l\u2019AS Monaco au Stade V\u00e9lodrome, lors du dernier match de l\u2019ann\u00e9e pour les Marseillais \u00e0 domicile. Cette victoire, obtenue dans la douleur et au terme d\u2019une rencontre tr\u00e8s disput\u00e9e, permet \u00e0 l\u2019OM de conserver leur troisi\u00e8me place au classement. Le coach Marseillais, Roberto De Zerbi f\u00e9licite ses joueurs apr\u00e8s la performance de son \u00e9quipe. <\/p>\n<p>La rencontre a \u00e9t\u00e9 anim\u00e9e par un score serr\u00e9 et une domination marseillaise ponctu\u00e9e de nombreuses occasions sans r\u00e9ussite jusqu\u2019en fin de match. C\u2019est finalement Mason Greenwood\u00a0(le meilleur joueur du championnat) qui a fait la diff\u00e9rence pour les Marseillais en ouvrant le score peu avant la fin de la rencontre, apr\u00e8s une domination soutenue mais st\u00e9rile pendant une grande partie de la rencontre. Les Mon\u00e9gasques, bien regroup\u00e9s, ont tent\u00e9 de revenir au score, et ont m\u00eame vu deux buts refus\u00e9s pour des hors-jeu, mais la d\u00e9fense olympienne et le gardien Geronimo Rulli ont r\u00e9sist\u00e9 jusqu\u2019au coup de sifflet final.\u00a0<\/p>\n<p>\u00a0<\/p>\n<p>Cette victoire est pr\u00e9cieuse pour l\u2019OM qui pouvait difficilement se permettre de laisser des points apr\u00e8s les succ\u00e8s de Lens, Paris, Lille, Lyon et Rennes et face \u00e0 un concurrent direct comme Monaco. En gagnant ce match difficile au V\u00e9lodrome, les hommes de Roberto De Zerbi consolident leur troisi\u00e8me place au classement avant de jouer dimanche prochain le 32e de finale de coupe de France contre Bourg en Bresse, une \u00e9quipe de National<\/p>\n<p>\u00a0<\/p>\n","protected":false},"excerpt":{"rendered":"Dans un match crucial de la 16\u1d49 journ\u00e9e de Ligue 1, l\u2019Olympique de Marseille est parvenu \u00e0 s\u2019imposer&hellip;\n","protected":false},"author":2,"featured_media":599700,"comment_status":"","ping_status":"","sticky":false,"template":"","format":"standard","meta":{"footnotes":""},"categories":[2814],"tags":[1111,11,1777,674,1011,27,884,12,1176,882,25],"class_list":{"0":"post-599807","1":"post","2":"type-post","3":"status-publish","4":"format-standard","5":"has-post-thumbnail","7":"category-marseille","8":"tag-actu","9":"tag-actualites","10":"tag-eu","11":"tag-europe","12":"tag-fr","13":"tag-france","14":"tag-marseille","15":"tag-news","16":"tag-olympique-de-marseille","17":"tag-provence-alpes-cote-dazur","18":"tag-republique-francaise"},"share_on_mastodon":{"url":"https:\/\/pubeurope.com\/@fr\/115720964248905424","error":""},"_links":{"self":[{"href":"https:\/\/www.europesays.com\/fr\/wp-json\/wp\/v2\/posts\/599807","targetHints":{"allow":["GET"]}}],"collection":[{"href":"https:\/\/www.europesays.com\/fr\/wp-json\/wp\/v2\/posts"}],"about":[{"href":"https:\/\/www.europesays.com\/fr\/wp-json\/wp\/v2\/types\/post"}],"author":[{"embeddable":true,"href":"https:\/\/www.europesays.com\/fr\/wp-json\/wp\/v2\/users\/2"}],"replies":[{"embeddable":true,"href":"https:\/\/www.europesays.com\/fr\/wp-json\/wp\/v2\/comments?post=599807"}],"version-history":[{"count":0,"href":"https:\/\/www.europesays.com\/fr\/wp-json\/wp\/v2\/posts\/599807\/revisions"}],"wp:featuredmedia":[{"embeddable":true,"href":"https:\/\/www.europesays.com\/fr\/wp-json\/wp\/v2\/media\/599700"}],"wp:attachment":[{"href":"https:\/\/www.europesays.com\/fr\/wp-json\/wp\/v2\/media?parent=599807"}],"wp:term":[{"taxonomy":"category","embeddable":true,"href":"https:\/\/www.europesays.com\/fr\/wp-json\/wp\/v2\/categories?post=599807"},{"taxonomy":"post_tag","embeddable":true,"href":"https:\/\/www.europesays.com\/fr\/wp-json\/wp\/v2\/tags?post=599807"}],"curies":[{"name":"wp","href":"https:\/\/api.w.org\/{rel}","templated":true}]}}