{"id":599808,"date":"2025-12-15T01:22:16","date_gmt":"2025-12-15T01:22:16","guid":{"rendered":"https:\/\/www.europesays.com\/fr\/599808\/"},"modified":"2025-12-15T01:22:16","modified_gmt":"2025-12-15T01:22:16","slug":"prison-avec-sursis-pour-une-femme-violente-avec-son-mari","status":"publish","type":"post","link":"https:\/\/www.europesays.com\/fr\/599808\/","title":{"rendered":"prison avec sursis pour une femme violente avec son mari"},"content":{"rendered":"<p itemprop=\"description\"><strong>C&rsquo;est un couple bris\u00e9 et une famille divis\u00e9e qui se sont retrouv\u00e9s au tribunal correctionnel de Villefranche-sur-Sa\u00f4ne cette semaine.<\/strong><\/p>\n<p>Depuis cette journ\u00e9e de septembre 2024, un divorce est en cours et les enfants refusent de voir leur m\u00e8re.<\/p>\n<p>Car cette derni\u00e8re avait franchi une limite, en frappant violemment son mari et en le mena\u00e7ant avec un tisonnier, devant leur fille adolescente. Apeur\u00e9, le mari s&rsquo;\u00e9tait barricad\u00e9 dans sa chambre \u00e0 leur domicile de Moranc\u00e9, puis avait trouv\u00e9 le courage de porter plainte.<\/p>\n<p>Face aux juges, la quadrag\u00e9naire a minimis\u00e9 les faits, accusant sa victime de mentir.<\/p>\n<p>Elle a \u00e9cop\u00e9 de 4 mois de prison avec sursis et a l&rsquo;interdiction d&rsquo;entrer en contact avec son futur ex-mari qu&rsquo;elle devra indemniser, tout comme leur fille qui avait assist\u00e9 \u00e0 la sc\u00e8ne de violences conjugales.<\/p>\n","protected":false},"excerpt":{"rendered":"C&rsquo;est un couple bris\u00e9 et une famille divis\u00e9e qui se sont retrouv\u00e9s au tribunal correctionnel de Villefranche-sur-Sa\u00f4ne cette&hellip;\n","protected":false},"author":2,"featured_media":599809,"comment_status":"","ping_status":"","sticky":false,"template":"","format":"standard","meta":{"footnotes":""},"categories":[1889],"tags":[1111,11,2813,2190,2430,1109,251,1112,2811,1777,674,118,1011,27,1922,1110,1114,2428,2810,12,241,316,25,2812,517,800],"class_list":{"0":"post-599808","1":"post","2":"type-post","3":"status-publish","4":"format-standard","5":"has-post-thumbnail","7":"category-lyon","8":"tag-actu","9":"tag-actualites","10":"tag-article","11":"tag-asvel","12":"tag-auvergne-rhone-alpes","13":"tag-breves","14":"tag-culture","15":"tag-depeches","16":"tag-economique","17":"tag-eu","18":"tag-europe","19":"tag-faits-divers","20":"tag-fr","21":"tag-france","22":"tag-info","23":"tag-informations","24":"tag-infos","25":"tag-lyon","26":"tag-lyonmag","27":"tag-news","28":"tag-ol","29":"tag-politique","30":"tag-republique-francaise","31":"tag-sociale","32":"tag-sport","33":"tag-transports"},"share_on_mastodon":{"url":"https:\/\/pubeurope.com\/@fr\/115720968213956814","error":""},"_links":{"self":[{"href":"https:\/\/www.europesays.com\/fr\/wp-json\/wp\/v2\/posts\/599808","targetHints":{"allow":["GET"]}}],"collection":[{"href":"https:\/\/www.europesays.com\/fr\/wp-json\/wp\/v2\/posts"}],"about":[{"href":"https:\/\/www.europesays.com\/fr\/wp-json\/wp\/v2\/types\/post"}],"author":[{"embeddable":true,"href":"https:\/\/www.europesays.com\/fr\/wp-json\/wp\/v2\/users\/2"}],"replies":[{"embeddable":true,"href":"https:\/\/www.europesays.com\/fr\/wp-json\/wp\/v2\/comments?post=599808"}],"version-history":[{"count":0,"href":"https:\/\/www.europesays.com\/fr\/wp-json\/wp\/v2\/posts\/599808\/revisions"}],"wp:featuredmedia":[{"embeddable":true,"href":"https:\/\/www.europesays.com\/fr\/wp-json\/wp\/v2\/media\/599809"}],"wp:attachment":[{"href":"https:\/\/www.europesays.com\/fr\/wp-json\/wp\/v2\/media?parent=599808"}],"wp:term":[{"taxonomy":"category","embeddable":true,"href":"https:\/\/www.europesays.com\/fr\/wp-json\/wp\/v2\/categories?post=599808"},{"taxonomy":"post_tag","embeddable":true,"href":"https:\/\/www.europesays.com\/fr\/wp-json\/wp\/v2\/tags?post=599808"}],"curies":[{"name":"wp","href":"https:\/\/api.w.org\/{rel}","templated":true}]}}