{"id":599818,"date":"2025-12-15T01:28:40","date_gmt":"2025-12-15T01:28:40","guid":{"rendered":"https:\/\/www.europesays.com\/fr\/599818\/"},"modified":"2025-12-15T01:28:40","modified_gmt":"2025-12-15T01:28:40","slug":"festival-du-livre-2026-hachette-sapprete-a-snober-le-salon-parisien","status":"publish","type":"post","link":"https:\/\/www.europesays.com\/fr\/599818\/","title":{"rendered":"Festival du livre 2026\u00a0: Hachette s\u2019appr\u00eate \u00e0 snober le salon parisien"},"content":{"rendered":"<p class=\"\">La 5e \u00e9dition sous le nom de Festival du livre se tiendra du 17 au 19 avril prochains sous la magnifique verri\u00e8re du Grand Palais, en bord de Seine, \u00e0 Paris. Si la non-participation d\u2019Hachette livre se confirme, ce ne serait pas une bonne nouvelle pour la fili\u00e8re du livre, qui n\u2019est d\u00e9j\u00e0 pas au mieux de sa forme. Entre janvier et ao\u00fbt, le march\u00e9 s\u2019est effrit\u00e9 de 0,8 % \u00e0 2,28 milliards d\u2019euros, selon GfK. Et si l\u2019on ne tient pas compte du ph\u00e9nom\u00e8ne Freida McFadden, autrice de <a href=\"https:\/\/www.leparisien.fr\/culture-loisirs\/livres\/cet-ete-tout-est-devenu-fou-lincroyable-succes-en-librairie-de-la-femme-de-menage-17-11-2024-472BIVRNBBDP3ONKCEOZQBYA3I.php\" target=\"_self\" rel=\"noopener\">la s\u00e9rie \u00ab La Femme de m\u00e9nage \u00bb<\/a>, la baisse est de 2,7 %.<\/p>\n","protected":false},"excerpt":{"rendered":"La 5e \u00e9dition sous le nom de Festival du livre se tiendra du 17 au 19 avril prochains&hellip;\n","protected":false},"author":2,"featured_media":599819,"comment_status":"","ping_status":"","sticky":false,"template":"","format":"standard","meta":{"footnotes":""},"categories":[1888],"tags":[11,872,1777,674,1011,27,1380,12,626,25],"class_list":{"0":"post-599818","1":"post","2":"type-post","3":"status-publish","4":"format-standard","5":"has-post-thumbnail","7":"category-paris","8":"tag-actualites","9":"tag-culture-et-loisirs","10":"tag-eu","11":"tag-europe","12":"tag-fr","13":"tag-france","14":"tag-livres","15":"tag-news","16":"tag-paris","17":"tag-republique-francaise"},"share_on_mastodon":{"url":"https:\/\/pubeurope.com\/@fr\/115720991834482640","error":""},"_links":{"self":[{"href":"https:\/\/www.europesays.com\/fr\/wp-json\/wp\/v2\/posts\/599818","targetHints":{"allow":["GET"]}}],"collection":[{"href":"https:\/\/www.europesays.com\/fr\/wp-json\/wp\/v2\/posts"}],"about":[{"href":"https:\/\/www.europesays.com\/fr\/wp-json\/wp\/v2\/types\/post"}],"author":[{"embeddable":true,"href":"https:\/\/www.europesays.com\/fr\/wp-json\/wp\/v2\/users\/2"}],"replies":[{"embeddable":true,"href":"https:\/\/www.europesays.com\/fr\/wp-json\/wp\/v2\/comments?post=599818"}],"version-history":[{"count":0,"href":"https:\/\/www.europesays.com\/fr\/wp-json\/wp\/v2\/posts\/599818\/revisions"}],"wp:featuredmedia":[{"embeddable":true,"href":"https:\/\/www.europesays.com\/fr\/wp-json\/wp\/v2\/media\/599819"}],"wp:attachment":[{"href":"https:\/\/www.europesays.com\/fr\/wp-json\/wp\/v2\/media?parent=599818"}],"wp:term":[{"taxonomy":"category","embeddable":true,"href":"https:\/\/www.europesays.com\/fr\/wp-json\/wp\/v2\/categories?post=599818"},{"taxonomy":"post_tag","embeddable":true,"href":"https:\/\/www.europesays.com\/fr\/wp-json\/wp\/v2\/tags?post=599818"}],"curies":[{"name":"wp","href":"https:\/\/api.w.org\/{rel}","templated":true}]}}