{"id":599824,"date":"2025-12-15T01:32:13","date_gmt":"2025-12-15T01:32:13","guid":{"rendered":"https:\/\/www.europesays.com\/fr\/599824\/"},"modified":"2025-12-15T01:32:13","modified_gmt":"2025-12-15T01:32:13","slug":"de-nouveaux-pourparlers-americano-ukrainien-prevus-lundi-apres-un-dimanche-de-negociations","status":"publish","type":"post","link":"https:\/\/www.europesays.com\/fr\/599824\/","title":{"rendered":"de nouveaux pourparlers am\u00e9ricano-ukrainien pr\u00e9vus lundi, apr\u00e8s un dimanche de n\u00e9gociations"},"content":{"rendered":"<p>\n    Volodymyr Zelensky a dit vouloir convaincre les \u00c9tats-Unis de soutenir un cessez-le-feu impliquant un gel de la ligne de front. La Russie, elle, r\u00e9clame la cession de tout le Donbass.<\/p>\n<p class=\"fig-paragraph\">Apr\u00e8s cinq heures de pourparlers dimanche 14 d\u00e9cembre, le pr\u00e9sident ukrainien et les n\u00e9gociateurs am\u00e9ricains \u00abont convenu de continuer demain\u00bb, a indiqu\u00e9 \u00e0 la presse le conseiller du chef de l\u2019\u00c9tat ukrainien, Dmytro Lytvyn. Il est \u00e9galement pr\u00e9vu que Volodymyr Zelensky s\u2019exprime lundi. Kiev esp\u00e8re convaincre Washington qu&rsquo;un cessez-le-feu doit intervenir en Ukraine sans concessions territoriales pr\u00e9alables \u00e0 la Russie.<\/p>\n<p class=\"fig-paragraph\">Outre ce deuxi\u00e8me round de discussions ukraino-am\u00e9ricaines, de nombreux dirigeants europ\u00e9ens sont attendus lundi soir \u00e0 Berlin pour accorder leurs positions et peser sur le plan am\u00e9ricain pour mettre fin \u00e0 la guerre mais jug\u00e9 trop favorable \u00e0 la Russie. Comme Kiev, ils s&rsquo;opposent au fait de c\u00e9der aux revendications du Kremlin. Ils craignent que le pr\u00e9sident am\u00e9ricain,\u00a0<a href=\"http:\/\/www.lefigaro.fr\/international\/a-moscou-les-envoyes-de-donald-trump-defendent-son-plan-de-paix-pour-l-ukraine-devant-vladimir-poutine-20251202\" data-fig-type=\"Article\" data-gtm-custom-categorie=\"navigation\" data-gtm-custom-action=\"crossclick\" data-gtm-custom-label=\"Contextuel\" data-gtm-event=\"customEventSPE\" data-fig-domain=\"LEFIGARO\" target=\"_blank\" rel=\"noopener\">Donald Trump<\/a>\u00a0abandonne l&rsquo;Ukraine et que l&rsquo;Europe soit exclue des d\u00e9bats sur la s\u00e9curit\u00e9 du continent, alors que le Kremlin est per\u00e7u comme une menace majeure.<\/p>\n<p>                                            <a class=\"fig-a11y-skip\" href=\"#fig-a11y-skip-main-inarticle\" data-module=\"a11y-skip\" data-context=\"was @visible\"><br \/>\n    Passer la publicit\u00e9<br \/>\n<\/a>            <\/p>\n<p class=\"fig-paragraph\"><a href=\"http:\/\/www.lefigaro.fr\/international\/guerre-en-ukraine-volodymyr-zelensky-fait-des-concessions-pour-garder-les-americains-a-bord-20251212\" data-fig-type=\"Article\" data-gtm-custom-categorie=\"navigation\" data-gtm-custom-action=\"crossclick\" data-gtm-custom-label=\"Contextuel\" data-gtm-event=\"customEventSPE\" data-fig-domain=\"LEFIGARO\" target=\"_blank\" rel=\"noopener\">Volodymyr Zelensky<\/a>\u00a0avait \u00e9t\u00e9 accueilli dimanche apr\u00e8s-midi \u00e0 la chancellerie par\u00a0<a href=\"https:\/\/video.lefigaro.fr\/figaro\/international\/friedrich-merz-estime-que-les-decennies-de-la-pax-americana-sont-en-grande-partie-terminees-20251214\" data-fig-type=\"Video\" data-gtm-custom-categorie=\"navigation\" data-gtm-custom-action=\"crossclick\" data-gtm-custom-label=\"Contextuel\" data-gtm-event=\"customEventSPE\" data-fig-domain=\"LEFIGARO\" target=\"_blank\" rel=\"noopener\">Friedrich Merz<\/a>. Des drapeaux am\u00e9ricains, ukrainiens et europ\u00e9ens y \u00e9taient d\u00e9ploy\u00e9s pour l&rsquo;occasion. Des photos diffus\u00e9es par la pr\u00e9sidence ukrainienne montraient les deux dirigeants en compagnie des \u00e9missaires am\u00e9ricains, Steve Witkoff et Jared Kushner, gendre de Donald Trump. Sur X, Friedrich Merz a jug\u00e9 que des \u00abquestions difficiles\u00bb \u00e9taient sur la table et que les \u00abint\u00e9r\u00eats ukrainiens sont aussi les int\u00e9r\u00eats europ\u00e9ens\u00bb.<\/p>\n<p>                                            Fortes objections russes<\/p>\n<p class=\"fig-paragraph\">Avant la rencontre, Volodymyr Zelensky avait dit vouloir convaincre les \u00c9tats-Unis de soutenir un\u00a0<a href=\"http:\/\/www.lefigaro.fr\/international\/arrive-a-berlin-zelensky-dit-vouloir-convaincre-les-americains-de-soutenir-un-gel-de-la-ligne-de-front-en-ukraine-20251214\" data-fig-type=\"NewsFlash\" data-gtm-custom-categorie=\"navigation\" data-gtm-custom-action=\"crossclick\" data-gtm-custom-label=\"Contextuel\" data-gtm-event=\"customEventSPE\" data-fig-domain=\"LEFIGARO\" target=\"_blank\" rel=\"noopener\">cessez-le-feu impliquant un gel de la ligne de front<\/a>, et non la cession de tout le Donbass (est), comme r\u00e9clam\u00e9 par le Kremlin et propos\u00e9 par Washington: \u00abJ&rsquo;aimerais que les Am\u00e9ricains nous soutiennent sur ce point\u00bb. Kiev et l&rsquo;Europe ont toujours refus\u00e9 cette concession, qui r\u00e9compenserait Poutine. Zelensky a aussi dit dimanche, avant les n\u00e9gociations, que Washington n&rsquo;avait pas encore r\u00e9pondu \u00e0 la version du plan pour mettre fin au conflit, amend\u00e9e cette semaine par Kiev et les Europ\u00e9ens.<\/p>\n<p class=\"fig-paragraph\">Interrog\u00e9 par la t\u00e9l\u00e9vision d&rsquo;\u00c9tat russe, le conseiller de Vladimir Poutine, Iouri Ouchakov a balay\u00e9 ces amendements, pr\u00e9disant de \u00abfortes objections\u00bb, tout en admettant ne pas en avoir pris connaissance. Zelensky a aussi r\u00e9affirm\u00e9 vouloir des garanties de s\u00e9curit\u00e9 europ\u00e9ennes et am\u00e9ricaines pour dissuader toute nouvelle attaque\u00a0: \u00abNous voulons \u00eatre s\u00fbrs qu&rsquo;il n&rsquo;y aura pas de r\u00e9p\u00e9tition de la guerre apr\u00e8s un cessez-le-feu\u00bb. Il s&rsquo;agirait d&rsquo;un m\u00e9canisme inspir\u00e9 de l&rsquo;article 5 de l&rsquo;Otan pr\u00e9voyant une protection mutuelle des pays membres, sans adh\u00e9sion de l&rsquo;Ukraine \u00e0 l&rsquo;Alliance atlantique, comme le demandait Kiev auparavant. \u00abC&rsquo;est d\u00e9j\u00e0 un compromis de notre part\u00bb, a jug\u00e9 Zelensky, car c&rsquo;est une revendication majeure de Moscou.<\/p>\n<p class=\"fig-paragraph\">Alors que les hostilit\u00e9s se poursuivent, ajoutant de nouvelles victimes aux centaines de milliers de morts et de bless\u00e9s, Donald Trump a affich\u00e9 son impatience cette semaine face \u00e0 la lenteur des discussions autour de son plan de r\u00e8glement du conflit d\u00e9clench\u00e9 par l&rsquo;invasion russe de f\u00e9vrier 2022.<\/p>\n<p>                                            L&rsquo;Europe veut peser<\/p>\n<p class=\"fig-paragraph\">Lundi, Volodymyr Zelensky doit aussi s&rsquo;entretenir \u00e0 Berlin avec le chancelier Merz, son principal bailleur en Europe, et se rendre \u00e0 un forum \u00e9conomique germano-ukrainien. Dans la soir\u00e9e, de nombreux dirigeants europ\u00e9ens alli\u00e9s de Kiev sont attendus \u00e0 Berlin pour un d\u00eener \u00e0 huis clos.\u00a0<a href=\"http:\/\/www.lefigaro.fr\/international\/la-grande-bascule-americaine-met-en-scene-le-lachage-de-l-ukraine-et-celui-de-l-europe-20251208\" data-fig-type=\"Article\" data-gtm-custom-categorie=\"navigation\" data-gtm-custom-action=\"crossclick\" data-gtm-custom-label=\"Contextuel\" data-gtm-event=\"customEventSPE\" data-fig-domain=\"LEFIGARO\" target=\"_blank\" rel=\"noopener\">Maintenus sur la touche<\/a>\u00a0par une Maison Blanche critique de ses alli\u00e9s du Vieux continent, les Europ\u00e9ens veulent peser, arguant que la s\u00e9curit\u00e9 europ\u00e9enne est en jeu et que la Russie est une menace continentale.<\/p>\n<p>                                            <a class=\"fig-a11y-skip\" href=\"#fig-a11y-skip-main-inarticle_mtf\" data-module=\"a11y-skip\" data-context=\"was @visible\"><br \/>\n    Passer la publicit\u00e9<br \/>\n<\/a>            <\/p>\n<p class=\"fig-paragraph\">L&rsquo;Ukraine est press\u00e9e par Washington et Moscou de c\u00e9der la partie du Donbass qu&rsquo;elle contr\u00f4le, essentiellement dans<a href=\"http:\/\/www.lefigaro.fr\/international\/guerre-en-ukraine-donetsk-reste-la-region-la-plus-menacee-par-l-avancee-russe-20251103\" data-fig-type=\"NewsFlash\" data-gtm-custom-categorie=\"navigation\" data-gtm-custom-action=\"crossclick\" data-gtm-custom-label=\"Contextuel\" data-gtm-event=\"customEventSPE\" data-fig-domain=\"LEFIGARO\" target=\"_blank\" rel=\"noopener\">\u00a0la r\u00e9gion de Donetsk<\/a>. Il s&rsquo;agirait d&rsquo;y cr\u00e9er une \u00abzone \u00e9conomique libre\u00bb ou une \u00abzone d\u00e9militaris\u00e9e\u00bb. En \u00e9change, l&rsquo;arm\u00e9e russe se retirerait de la partie occup\u00e9e des r\u00e9gions de Soumy, Kharkiv et Dnipropetrovsk (nord, nord-est et centre-est), mais se maintiendrait dans celles de Kherson et Zaporijjia (sud) dont Moscou revendique l&rsquo;annexion.<\/p>\n<p class=\"fig-paragraph\">La version du plan am\u00e9ricain r\u00e9vis\u00e9e par les Ukrainiens n&rsquo;a pas \u00e9t\u00e9 rendue publique. Un texte a \u00e9galement \u00e9t\u00e9 soumis \u00e0 Moscou par\u00a0<a href=\"http:\/\/www.lefigaro.fr\/international\/guerre-en-ukraine-trump-envoie-son-emissaire-steve-witkoff-rencontrer-zelensky-et-les-europeens-20251214\" data-fig-type=\"NewsFlash\" data-gtm-custom-categorie=\"navigation\" data-gtm-custom-action=\"crossclick\" data-gtm-custom-label=\"Contextuel\" data-gtm-event=\"customEventSPE\" data-fig-domain=\"LEFIGARO\" target=\"_blank\" rel=\"noopener\">Steve Witkoff<\/a>. L&rsquo;Ukraine est particuli\u00e8rement sous pression: la pr\u00e9sidence est affaiblie par un scandale de corruption, l&rsquo;arm\u00e9e recule et la population soumise \u00e0 des coupures de courant \u00e0 cause des frappes russes.<\/p>\n","protected":false},"excerpt":{"rendered":"Volodymyr Zelensky a dit vouloir convaincre les \u00c9tats-Unis de soutenir un cessez-le-feu impliquant un gel de la ligne&hellip;\n","protected":false},"author":2,"featured_media":599825,"comment_status":"","ping_status":"","sticky":false,"template":"","format":"standard","meta":{"footnotes":""},"categories":[1590],"tags":[11,75,1777,674,131,12,220,134],"class_list":{"0":"post-599824","1":"post","2":"type-post","3":"status-publish","4":"format-standard","5":"has-post-thumbnail","7":"category-ukraine","8":"tag-actualites","9":"tag-donald-trump","10":"tag-eu","11":"tag-europe","12":"tag-guerre-en-ukraine","13":"tag-news","14":"tag-ukraine","15":"tag-volodymyr-zelensky"},"share_on_mastodon":{"url":"https:\/\/pubeurope.com\/@fr\/115721007596106444","error":""},"_links":{"self":[{"href":"https:\/\/www.europesays.com\/fr\/wp-json\/wp\/v2\/posts\/599824","targetHints":{"allow":["GET"]}}],"collection":[{"href":"https:\/\/www.europesays.com\/fr\/wp-json\/wp\/v2\/posts"}],"about":[{"href":"https:\/\/www.europesays.com\/fr\/wp-json\/wp\/v2\/types\/post"}],"author":[{"embeddable":true,"href":"https:\/\/www.europesays.com\/fr\/wp-json\/wp\/v2\/users\/2"}],"replies":[{"embeddable":true,"href":"https:\/\/www.europesays.com\/fr\/wp-json\/wp\/v2\/comments?post=599824"}],"version-history":[{"count":0,"href":"https:\/\/www.europesays.com\/fr\/wp-json\/wp\/v2\/posts\/599824\/revisions"}],"wp:featuredmedia":[{"embeddable":true,"href":"https:\/\/www.europesays.com\/fr\/wp-json\/wp\/v2\/media\/599825"}],"wp:attachment":[{"href":"https:\/\/www.europesays.com\/fr\/wp-json\/wp\/v2\/media?parent=599824"}],"wp:term":[{"taxonomy":"category","embeddable":true,"href":"https:\/\/www.europesays.com\/fr\/wp-json\/wp\/v2\/categories?post=599824"},{"taxonomy":"post_tag","embeddable":true,"href":"https:\/\/www.europesays.com\/fr\/wp-json\/wp\/v2\/tags?post=599824"}],"curies":[{"name":"wp","href":"https:\/\/api.w.org\/{rel}","templated":true}]}}