{"id":599826,"date":"2025-12-15T01:33:17","date_gmt":"2025-12-15T01:33:17","guid":{"rendered":"https:\/\/www.europesays.com\/fr\/599826\/"},"modified":"2025-12-15T01:33:17","modified_gmt":"2025-12-15T01:33:17","slug":"ethan-brown-remporte-le-titre-junior-au-championnat-national-de-cyclocross-usa-2025","status":"publish","type":"post","link":"https:\/\/www.europesays.com\/fr\/599826\/","title":{"rendered":"Ethan Brown remporte le titre junior au championnat national de cyclocross USA 2025"},"content":{"rendered":"<p><strong>Un triomphe m\u00e9morable<\/strong> s\u2019est d\u00e9roul\u00e9 \u00e0 Fayetteville, Arkansas, o\u00f9 le jeune prodige Ethan Brown a conquis le titre tant convoit\u00e9 en cyclocross chez les juniors lors des <strong>championnats nationaux de cyclocross USA<\/strong>. Cette victoire \u00e9clatante n\u2019est rien de moins qu\u2019un exploit personnel pour Brown, qui am\u00e9liore son classement apr\u00e8s sa quatri\u00e8me place l\u2019ann\u00e9e pr\u00e9c\u00e9dente.<\/p>\n<p>Dans la roue de la victoire<\/p>\n<p>D\u00e8s le d\u00e9part, la comp\u00e9tition s\u2019est r\u00e9v\u00e9l\u00e9e farouche. Matthew Crabbe, membre de l\u2019\u00e9quipe Finkraft Junior Cycling, a impos\u00e9 un rythme soutenu, parvenant \u00e0 d\u00e9crocher la m\u00e9daille d\u2019argent apr\u00e8s avoir franchi la ligne d\u2019arriv\u00e9e 23 secondes derri\u00e8re Brown. Ce dernier, fort de son exp\u00e9rience et de sa position de t\u00eate de s\u00e9rie, a su profiter des erreurs de ses concurrents, notamment de Noah Scholnick, champion panam\u00e9ricain junior, qui a d\u00fb se contenter du bronze.<\/p>\n<p>Une rivalit\u00e9 palpitante<\/p>\n<p>Les deux premi\u00e8res boucles ont \u00e9t\u00e9 anim\u00e9es par l\u2019affrontement entre Brown (17 ans) et Scholnick (16 ans). Alternant \u00e0 la t\u00eate du peloton, c\u2019est finalement Brown qui a su tirer son \u00e9pingle du jeu, exploitant une erreur tactique de Scholnick pour creuser l\u2019\u00e9cart d\u2019ici la fin du troisi\u00e8me tour. Brown s\u2019est alors livr\u00e9 \u00e0 une course impeccable, saluant les spectateurs dans la derni\u00e8re ligne droite, s\u00fbr de sa victoire.<\/p>\n<p>L\u2019art de concilier vitesse et technique<\/p>\n<p>Brown, au micro \u00e0 l\u2019issue de sa victoire, a d\u00e9crit un parcours sem\u00e9 d\u2019emb\u00fbches, soulignant la difficult\u00e9 d\u2019une piste rocailleuse qui r\u00e9duit la visibilit\u00e9 en raison des nombreux coureurs. \u00ab\u00a0Mais j\u2019ai pu exploiter certaines sections o\u00f9 la vitesse faisait d\u00e9faut \u00e0 mes concurrents, et cela a \u00e9t\u00e9 d\u00e9terminant\u00a0\u00bb, a-t-il expliqu\u00e9. La technique de course impeccable de Brown, notamment dans les passages d\u00e9licats des barri\u00e8res, a \u00e9t\u00e9 un \u00e9l\u00e9ment cl\u00e9 de son succ\u00e8s.<\/p>\n<p>Un podium plein de promesses<\/p>\n<p>La performance de Crabbe, qui s\u2019est d\u00e9tach\u00e9 du peloton pour suivre son propre rythme, a \u00e9t\u00e9 un mod\u00e8le de r\u00e9gularit\u00e9. Derri\u00e8re lui, Jacob Hines, un autre coureur de l\u2019\u00e9quipe Finkraft, a termin\u00e9 quatri\u00e8me, devan\u00e7ant de 13 secondes Rylan Zacharek du Linear Sport Racing Team, qui a pris la cinqui\u00e8me place.<\/p>\n<p>Sous un ciel d\u00e9gag\u00e9 et un froid piquant, les 46 comp\u00e9titeurs ont entam\u00e9 cette course de 40 minutes avec ambition et d\u00e9termination. D\u00e8s le d\u00e9part, l\u2019attaque frontale de Crabbe a \u00e9tir\u00e9 le peloton, et s\u2019engager dans le bois fut le th\u00e9\u00e2tre des premi\u00e8res offensives de Scholnick. Cependant, c\u2019est Brown qui a su tirer parti des escaliers et autres obstacles pour s\u2019imposer finalement et offrir une fin exemplaire \u00e0 cette comp\u00e9tition de haute vol\u00e9e.<\/p>\n<p>\t\t\t<img data-recalc-dims=\"1\" decoding=\"async\" src=\"https:\/\/www.europesays.com\/fr\/wp-content\/uploads\/2025\/09\/gilles.jpg\" alt=\"Gilles\"\/><\/p>\n<p>Passionn\u00e9 de cyclisme et fervent d\u00e9fenseur de la s\u00e9curit\u00e9 \u00e0 v\u00e9lo, je mets mon exp\u00e9rience au service des cyclistes en partageant mes analyses, mes conseils pratiques et mes guides d\u2019achat. Mon objectif\u00a0? Aider chaque cycliste, du d\u00e9butant au confirm\u00e9, \u00e0 p\u00e9daler plus s\u00fbr et plus malin\u00a0! <br \/>\u2013 Gilles<\/p>\n<p class=\"entry-gnews\">\u00a0<a href=\"https:\/\/news.google.com\/publications\/CAAqJQgKIh9DQklTRVFnTWFnMEtDM05sWTNWMlpXeHZMbVp5S0FBUAE?ceid=FR:fr&amp;oc=3\" title=\"\" target=\"_blank\" rel=\"noopener\">Voir plus d&rsquo;actus SECUVELO en direct sur Gnews<\/a><\/p>\n<p style=\"margin-top:30px;font-size:0.75em;font-style:italic;line-height:1.2;color:#999;\">Ce contenu n&rsquo;a pas valeur de source officielle. Certaines informations peuvent \u00eatre inexactes ou sujettes \u00e0 interpr\u00e9tation. Il est recommand\u00e9 de les v\u00e9rifier aupr\u00e8s de sources reconnues.<\/p>\n","protected":false},"excerpt":{"rendered":"Un triomphe m\u00e9morable s\u2019est d\u00e9roul\u00e9 \u00e0 Fayetteville, Arkansas, o\u00f9 le jeune prodige Ethan Brown a conquis le titre&hellip;\n","protected":false},"author":2,"featured_media":599827,"comment_status":"","ping_status":"","sticky":false,"template":"","format":"standard","meta":{"footnotes":""},"categories":[1589],"tags":[11,73,1866,12,1864,1865,1863,308],"class_list":{"0":"post-599826","1":"post","2":"type-post","3":"status-publish","4":"format-standard","5":"has-post-thumbnail","7":"category-etats-unis","8":"tag-actualites","9":"tag-etats-unis","10":"tag-etats-unis-damerique","11":"tag-news","12":"tag-united-states","13":"tag-united-states-of-america","14":"tag-us","15":"tag-usa"},"share_on_mastodon":{"url":"https:\/\/pubeurope.com\/@fr\/115721012304084273","error":""},"_links":{"self":[{"href":"https:\/\/www.europesays.com\/fr\/wp-json\/wp\/v2\/posts\/599826","targetHints":{"allow":["GET"]}}],"collection":[{"href":"https:\/\/www.europesays.com\/fr\/wp-json\/wp\/v2\/posts"}],"about":[{"href":"https:\/\/www.europesays.com\/fr\/wp-json\/wp\/v2\/types\/post"}],"author":[{"embeddable":true,"href":"https:\/\/www.europesays.com\/fr\/wp-json\/wp\/v2\/users\/2"}],"replies":[{"embeddable":true,"href":"https:\/\/www.europesays.com\/fr\/wp-json\/wp\/v2\/comments?post=599826"}],"version-history":[{"count":0,"href":"https:\/\/www.europesays.com\/fr\/wp-json\/wp\/v2\/posts\/599826\/revisions"}],"wp:featuredmedia":[{"embeddable":true,"href":"https:\/\/www.europesays.com\/fr\/wp-json\/wp\/v2\/media\/599827"}],"wp:attachment":[{"href":"https:\/\/www.europesays.com\/fr\/wp-json\/wp\/v2\/media?parent=599826"}],"wp:term":[{"taxonomy":"category","embeddable":true,"href":"https:\/\/www.europesays.com\/fr\/wp-json\/wp\/v2\/categories?post=599826"},{"taxonomy":"post_tag","embeddable":true,"href":"https:\/\/www.europesays.com\/fr\/wp-json\/wp\/v2\/tags?post=599826"}],"curies":[{"name":"wp","href":"https:\/\/api.w.org\/{rel}","templated":true}]}}