{"id":599828,"date":"2025-12-15T01:34:27","date_gmt":"2025-12-15T01:34:27","guid":{"rendered":"https:\/\/www.europesays.com\/fr\/599828\/"},"modified":"2025-12-15T01:34:27","modified_gmt":"2025-12-15T01:34:27","slug":"face-aux-menaces-croissantes-russes-le-chef-detat-major-des-armees-appelle-a-la-resilience-nationale","status":"publish","type":"post","link":"https:\/\/www.europesays.com\/fr\/599828\/","title":{"rendered":"face aux \u00abmenaces croissantes\u00bb russes, le chef d&rsquo;\u00e9tat-major des arm\u00e9es appelle \u00e0 la \u00abr\u00e9silience nationale\u00bb"},"content":{"rendered":"<p>\n    Richard Knighton s\u2019exprimera lundi 15 d\u00e9cembre devant la Royal United Services Institute, prestigieux think tank sp\u00e9cialis\u00e9 dans les questions de d\u00e9fense. Il entend que \u00abtoute (la) Nation se mobilise\u00bb.<\/p>\n<p class=\"fig-paragraph\">Quelques semaines apr\u00e8s les propos du\u00a0<a href=\"https:\/\/video.lefigaro.fr\/figaro\/actualite-france\/le-chef-d-etat-major-des-armees-alerte-les-maires-de-france-sur-la-menace-russe-20251120\" data-fig-type=\"Video\" data-gtm-custom-categorie=\"navigation\" data-gtm-custom-action=\"crossclick\" data-gtm-custom-label=\"Contextuel\" data-gtm-event=\"customEventSPE\" data-fig-domain=\"LEFIGARO\" target=\"_blank\" rel=\"noopener\">chef d\u2019\u00e9tat-major fran\u00e7ais<\/a>\u00a0sur la menace russe, c\u2019est au tour de son homologue d\u2019outre-Manche de tirer la sonnette d\u2019alarme. Le chef d&rsquo;\u00e9tat-major des arm\u00e9es du Royaume-Uni, Richard Knighton, va appeler lundi 15 d\u00e9cembre \u00e0 la \u00abr\u00e9silience nationale\u00bb face aux \u00abmenaces croissantes\u00bb, \u00e0 commencer par celles de la Russie contre l&rsquo;Otan, selon un communiqu\u00e9 du minist\u00e8re de la D\u00e9fense.<\/p>\n<p class=\"fig-paragraph\">Richard Knighton, qui a succ\u00e9d\u00e9 en septembre \u00e0 Tony Radakin, s&rsquo;exprimera devant la Royal United Services Institute, prestigieux think tank sp\u00e9cialis\u00e9 dans les questions de d\u00e9fense. \u00abLa situation (actuelle, ndlr) est plus p\u00e9rilleuse que tout ce que j&rsquo;ai pu vivre au cours de ma carri\u00e8re, et y r\u00e9pondre n\u00e9cessite bien plus que de simplement renforcer nos forces arm\u00e9es\u00bb, va d\u00e9clarer celui qui a \u00e9t\u00e9 \u00e0 la t\u00eate de la\u00a0<a href=\"http:\/\/www.lefigaro.fr\/international\/le-gouvernement-britannique-va-sevir-contre-les-ex-pilotes-de-la-royal-air-force-qui-forment-l-armee-de-l-air-chinoise-20221020\" data-fig-type=\"Article\" data-gtm-custom-categorie=\"navigation\" data-gtm-custom-action=\"crossclick\" data-gtm-custom-label=\"Contextuel\" data-gtm-event=\"customEventSPE\" data-fig-domain=\"LEFIGARO\" target=\"_blank\" rel=\"noopener\">Royal Air Force<\/a>, l&rsquo;arm\u00e9e de l&rsquo;air britannique. Selon lui, \u00abune nouvelle \u00e8re pour la d\u00e9fense ne signifie pas seulement que notre arm\u00e9e et notre gouvernement se mobilisent (&#8230;) mais que toute notre nation se mobilise\u00bb.<\/p>\n<p>                                            <a class=\"fig-a11y-skip\" href=\"#fig-a11y-skip-main-inarticle\" data-module=\"a11y-skip\" data-context=\"was @visible\"><br \/>\n    Passer la publicit\u00e9<br \/>\n<\/a>            <\/p>\n<p class=\"fig-paragraph\">Des universit\u00e9s aux services de sant\u00e9 publique (NHS) en passant par le r\u00e9seau ferroviaire national\u00a0: chaque secteur de la vie britannique aura son r\u00f4le \u00e0 jouer, compte-t-il marteler, appelant \u00e0 \u00abconstruire une r\u00e9silience nationale\u00bb. Car, va-t-il assurer, la \u00ab<a href=\"http:\/\/www.lefigaro.fr\/international\/guerre-en-ukraine-la-russie-revendique-la-prise-de-la-ville-de-siversk-verrou-du-donbass-20251211\" data-fig-type=\"NewsFlash\" data-gtm-custom-categorie=\"navigation\" data-gtm-custom-action=\"crossclick\" data-gtm-custom-label=\"Contextuel\" data-gtm-event=\"customEventSPE\" data-fig-domain=\"LEFIGARO\" target=\"_blank\" rel=\"noopener\">guerre en Ukraine<\/a> \u00a0montre la volont\u00e9 de Poutine de viser les \u00c9tats voisins, y compris leurs populations civiles (&#8230;) ce qui constitue une menace pour l&rsquo;ensemble de l&rsquo;Otan, y compris le Royaume-Uni\u00bb. En outre, il insistera sur la question de la formation. Un r\u00e9cent rapport de la Royal Academy of Engineering a mis en \u00e9vidence un d\u00e9ficit de comp\u00e9tences en ing\u00e9nierie.<\/p>\n<p>                                            \u00abNous nous dirigeons vers l\u2019incertitude\u00bb<\/p>\n<p class=\"fig-paragraph\">Pour accompagner ce nouvel \u00e9lan dans la formation, le gouvernement d\u00e9bloquera une enveloppe de 50 millions de livres (plus de 56 millions d&rsquo;euros) pour la cr\u00e9ation de nouveaux \u00e9tablissements d&rsquo;excellence technique de la D\u00e9fense. Plus globalement, \u00abnous nous dirigeons vers l&rsquo;incertitude, et cette incertitude devient plus profonde, \u00e0 la fois parce que nos adversaires deviennent plus capables et impr\u00e9visibles, et parce que des changements technologiques sans pr\u00e9c\u00e9dent se manifestent\u00bb, va-t-il d\u00e9clarer.<\/p>\n<p class=\"fig-paragraph\">D\u00e9but d\u00e9cembre, le Royaume-Uni et la Norv\u00e8ge ont sign\u00e9 un nouvel accord de coop\u00e9ration dans la d\u00e9fense, pr\u00e9voyant d&rsquo;op\u00e9rer ensemble une flotte de fr\u00e9gates pour \u00abtraquer les sous-marins russes\u00bb. Selon Londres, l&rsquo;activit\u00e9 des sous-marins russes dans les eaux territoriales britanniques a augment\u00e9 de 30% ces deux derni\u00e8res ann\u00e9es, avec la mont\u00e9e des tensions avec Moscou provoqu\u00e9e par la guerre en Ukraine.<\/p>\n","protected":false},"excerpt":{"rendered":"Richard Knighton s\u2019exprimera lundi 15 d\u00e9cembre devant la Royal United Services Institute, prestigieux think tank sp\u00e9cialis\u00e9 dans les&hellip;\n","protected":false},"author":2,"featured_media":599829,"comment_status":"","ping_status":"","sticky":false,"template":"","format":"standard","meta":{"footnotes":""},"categories":[1588],"tags":[11,1777,674,12,136,473,1853,132,1851,1850,1852],"class_list":{"0":"post-599828","1":"post","2":"type-post","3":"status-publish","4":"format-standard","5":"has-post-thumbnail","7":"category-royaume-uni","8":"tag-actualites","9":"tag-eu","10":"tag-europe","11":"tag-news","12":"tag-otan","13":"tag-royaume-uni","14":"tag-royaume-uni-de-grande-bretagne-et-dirlande-du-nord","15":"tag-russie","16":"tag-uk","17":"tag-united-kingdom","18":"tag-united-kingdom-of-great-britain-and-northern-ireland"},"share_on_mastodon":{"url":"https:\/\/pubeurope.com\/@fr\/115721015361197208","error":""},"_links":{"self":[{"href":"https:\/\/www.europesays.com\/fr\/wp-json\/wp\/v2\/posts\/599828","targetHints":{"allow":["GET"]}}],"collection":[{"href":"https:\/\/www.europesays.com\/fr\/wp-json\/wp\/v2\/posts"}],"about":[{"href":"https:\/\/www.europesays.com\/fr\/wp-json\/wp\/v2\/types\/post"}],"author":[{"embeddable":true,"href":"https:\/\/www.europesays.com\/fr\/wp-json\/wp\/v2\/users\/2"}],"replies":[{"embeddable":true,"href":"https:\/\/www.europesays.com\/fr\/wp-json\/wp\/v2\/comments?post=599828"}],"version-history":[{"count":0,"href":"https:\/\/www.europesays.com\/fr\/wp-json\/wp\/v2\/posts\/599828\/revisions"}],"wp:featuredmedia":[{"embeddable":true,"href":"https:\/\/www.europesays.com\/fr\/wp-json\/wp\/v2\/media\/599829"}],"wp:attachment":[{"href":"https:\/\/www.europesays.com\/fr\/wp-json\/wp\/v2\/media?parent=599828"}],"wp:term":[{"taxonomy":"category","embeddable":true,"href":"https:\/\/www.europesays.com\/fr\/wp-json\/wp\/v2\/categories?post=599828"},{"taxonomy":"post_tag","embeddable":true,"href":"https:\/\/www.europesays.com\/fr\/wp-json\/wp\/v2\/tags?post=599828"}],"curies":[{"name":"wp","href":"https:\/\/api.w.org\/{rel}","templated":true}]}}