{"id":599830,"date":"2025-12-15T01:35:19","date_gmt":"2025-12-15T01:35:19","guid":{"rendered":"https:\/\/www.europesays.com\/fr\/599830\/"},"modified":"2025-12-15T01:35:19","modified_gmt":"2025-12-15T01:35:19","slug":"mondial-f-la-norvege-soffre-un-cinquieme-titre-aux-depens-de-lallemagne-sports","status":"publish","type":"post","link":"https:\/\/www.europesays.com\/fr\/599830\/","title":{"rendered":"Mondial (F) : La Norv\u00e8ge s&rsquo;offre un cinqui\u00e8me titre aux d\u00e9pens de l&rsquo;Allemagne : Sports"},"content":{"rendered":"<p class=\"date\">\n                                                            Mathieu Warnier, Media365, publi\u00e9 le dimanche 14 d\u00e9cembre 2025 \u00e0 19h25\n                                                    <\/p>\n<p>Dans une finale longtemps ind\u00e9cise, la Norv\u00e8ge a pris le meilleur sur l&rsquo;Allemagne (20-23) et remporte son cinqui\u00e8me titre de champion du monde.<\/p>\n<p>La Norv\u00e8ge tient sa cinqui\u00e8me \u00e9toile. Apr\u00e8s le titre olympique puis le titre europ\u00e9en l&rsquo;an pass\u00e9, les joueuses d&rsquo;Ole Gustav Gjekstad ont compl\u00e9t\u00e9 ce dimanche la trilogie en dominant l&rsquo;Allemagne lors de la finale du Mondial sur le parquet de l&rsquo;Ahoy Arena de Rotterdam. Une rencontre qui a d\u00e9but\u00e9 par un bras de fer entre les deux meilleures formations du tournoi, qui ont abord\u00e9 ce dernier rendez-vous en \u00e9tant toujours invaincues. Le premier break a \u00e9t\u00e9 au cr\u00e9dit de l&rsquo;Allemagne apr\u00e8s huit minutes. Trois buts cons\u00e9cutifs sign\u00e9 Viola Leuchter (4 buts sur 11 tirs), Emily Vogel (4 buts sur 8 tirs) et Xenia Smits (1 but sur 1 tir) ont permis \u00e0 la Mannschaft de prendre deux buts d&rsquo;avance. Un avantage que les prot\u00e9g\u00e9es de Markus Gaugisch n&rsquo;ont toutefois su conserver que l&rsquo;espace de huit minutes. Anniken Wollik (2 buts sur 2 tirs) puis Ingvild Kristiansen Bakkerud (3 buts sur 4 tirs) ont permis aux Norv\u00e9giennes de revenir \u00e0 hauteur peu apr\u00e8s le quart d&rsquo;heure de jeu.<\/p>\n<p>L&rsquo;Allemagne s&rsquo;est accroch\u00e9e<\/p>\n<p>La fin du premier acte a une nouvelle fois vu les deux formations se rendre coup pour coup. Maren Nyland Aardahl (1 but sur 2 tirs) a profit\u00e9 d&rsquo;une cage vide \u00e0 la derni\u00e8re seconde pour remettre les deux \u00e9quipes \u00e0 \u00e9galit\u00e9 au moment de retrouver les vestiaires. Toutefois, la Norv\u00e8ge a d\u00e9marr\u00e9 le second acte de cette finale avec un tout autre tempo. Thale Rushfeldt Deila (5 buts sur 6 tirs) et Henny Reistad (5 buts sur 9 tirs) ont sign\u00e9 un 3-0 pour donner \u00e0 leur \u00e9quipe le plus gros \u00e9cart depuis le d\u00e9but de la rencontre. Le banc allemand a alors tout de suite pris un temps mort pour resserrer les boulons et cela a pay\u00e9. Au terme d&rsquo;une p\u00e9riode de dix minutes plus aboutie, les Allemandes ont \u00e9galis\u00e9 gr\u00e2ce \u00e0 Nieke K\u00fchne (1 but sur 2 tirs). Cette fois, c&rsquo;est Ole Gustav Gjekstad qui a pos\u00e9 un temps mort afin de trouver des r\u00e9ponses au d\u00e9fi propos\u00e9 par l&rsquo;Allemagne.<\/p>\n<p>La Norv\u00e8ge a fait tardivement la d\u00e9cision<\/p>\n<p>D\u00e8s la reprise du jeu, le duo Deila-Reistad a fait merveille pour faire de nouveau le break au tableau d&rsquo;affichage. Un ascendant qui s&rsquo;est av\u00e9r\u00e9 d\u00e9finitif. A deux minutes de la fin, Malin Larsen Aune (2 buts sur 2 tirs) a donn\u00e9 trois buts d&rsquo;avance \u00e0 la Norv\u00e8ge. Si les Allemandes ont alors tent\u00e9 le tout pour le tour en faisant sortie Katharina Filter pour jouer \u00e0 une de plus dans le champ, le mal \u00e9tait d\u00e9j\u00e0 fait. Une derni\u00e8re r\u00e9alisation sign\u00e9 Vilde Mortensen Ingstad (2 buts sur 2 tirs) offre \u00e0 la Norv\u00e8ge un cinqui\u00e8me titre mondial (20-23) apr\u00e8s ceux conquis en 1999, 2011, 2015 et 2021 mais \u00e9galement deux ans apr\u00e8s l&rsquo;\u00e9chec face aux Bleues en 2023. L&rsquo;Allemagne, 32 ans apr\u00e8s sa seule finale mondiale, a tout tent\u00e9 mais le rouleau compresseur norv\u00e9gien aura eu le dernier mot. Les co\u00e9quipi\u00e8res de Katrine Lunde confirment leur statut de meilleure \u00e9quipe au monde, elles qui d\u00e9tiennent d\u00e9sormais les trois titres majeurs.<\/p>\n","protected":false},"excerpt":{"rendered":"Mathieu Warnier, Media365, publi\u00e9 le dimanche 14 d\u00e9cembre 2025 \u00e0 19h25 Dans une finale longtemps ind\u00e9cise, la Norv\u00e8ge&hellip;\n","protected":false},"author":2,"featured_media":599831,"comment_status":"","ping_status":"","sticky":false,"template":"","format":"standard","meta":{"footnotes":""},"categories":[1587],"tags":[11,672,1804,1805,1803,1777,674,1801,12,1802],"class_list":{"0":"post-599830","1":"post","2":"type-post","3":"status-publish","4":"format-standard","5":"has-post-thumbnail","7":"category-allemagne","8":"tag-actualites","9":"tag-allemagne","10":"tag-bundesrepublik-deutschland","11":"tag-de","12":"tag-deutschland","13":"tag-eu","14":"tag-europe","15":"tag-germany","16":"tag-news","17":"tag-republique-federale-dallemagne"},"share_on_mastodon":{"url":"https:\/\/pubeurope.com\/@fr\/115721019347393280","error":""},"_links":{"self":[{"href":"https:\/\/www.europesays.com\/fr\/wp-json\/wp\/v2\/posts\/599830","targetHints":{"allow":["GET"]}}],"collection":[{"href":"https:\/\/www.europesays.com\/fr\/wp-json\/wp\/v2\/posts"}],"about":[{"href":"https:\/\/www.europesays.com\/fr\/wp-json\/wp\/v2\/types\/post"}],"author":[{"embeddable":true,"href":"https:\/\/www.europesays.com\/fr\/wp-json\/wp\/v2\/users\/2"}],"replies":[{"embeddable":true,"href":"https:\/\/www.europesays.com\/fr\/wp-json\/wp\/v2\/comments?post=599830"}],"version-history":[{"count":0,"href":"https:\/\/www.europesays.com\/fr\/wp-json\/wp\/v2\/posts\/599830\/revisions"}],"wp:featuredmedia":[{"embeddable":true,"href":"https:\/\/www.europesays.com\/fr\/wp-json\/wp\/v2\/media\/599831"}],"wp:attachment":[{"href":"https:\/\/www.europesays.com\/fr\/wp-json\/wp\/v2\/media?parent=599830"}],"wp:term":[{"taxonomy":"category","embeddable":true,"href":"https:\/\/www.europesays.com\/fr\/wp-json\/wp\/v2\/categories?post=599830"},{"taxonomy":"post_tag","embeddable":true,"href":"https:\/\/www.europesays.com\/fr\/wp-json\/wp\/v2\/tags?post=599830"}],"curies":[{"name":"wp","href":"https:\/\/api.w.org\/{rel}","templated":true}]}}