{"id":599832,"date":"2025-12-15T01:36:22","date_gmt":"2025-12-15T01:36:22","guid":{"rendered":"https:\/\/www.europesays.com\/fr\/599832\/"},"modified":"2025-12-15T01:36:22","modified_gmt":"2025-12-15T01:36:22","slug":"les-bleus-ont-brille-aux-championnats-deurope-de-cross-country","status":"publish","type":"post","link":"https:\/\/www.europesays.com\/fr\/599832\/","title":{"rendered":"Les Bleus ont brill\u00e9 aux Championnats d\u2019Europe de cross-country"},"content":{"rendered":"<p><strong>Championnats d\u2019Europe de cross-country : la journ\u00e9e qui propulse les Bleus dans une nouvelle dimension<\/strong><\/p>\n<p><strong>La Amazfit T-Rex 3 Pro est sur Amazon<\/strong><\/p>\n<p style=\"text-align: center;\"><a href=\"https:\/\/www.amazon.fr\/Amazfit-Connect%C3%A9e-Int%C3%A9gr%C3%A9e-Autonomie-Smartwatch\/dp\/B0FJMQ9Z9P?th=1&amp;linkCode=ll1&amp;tag=utrail-21&amp;linkId=76fff040aff6a02d8871b5856c669041&amp;language=fr_FR&amp;ref_=as_li_ss_tl\" target=\"_blank\" rel=\"noopener\">lien affili\u00e9<\/a><\/p>\n<p><a href=\"https:\/\/www.amazon.fr\/Amazfit-Connect%C3%A9e-Int%C3%A9gr%C3%A9e-Autonomie-Smartwatch\/dp\/B0FJMQ9Z9P?th=1&amp;linkCode=ll1&amp;tag=utrail-21&amp;linkId=76fff040aff6a02d8871b5856c669041&amp;language=fr_FR&amp;ref_=as_li_ss_tl\" target=\"_blank\" rel=\"noopener\"><img loading=\"lazy\" decoding=\"async\" class=\"aligncenter wp-image-448661 size-large\" title=\"Amazfit T-Rex 3 Pro\" src=\"https:\/\/www.europesays.com\/fr\/wp-content\/uploads\/2025\/12\/Capture-decran-2025-10-31-a-00.37.32-1024x935.jpg\" alt=\"Amazfit T-Rex 3 Pro\" width=\"1024\" height=\"935\"  \/><\/a><\/p>\n<p><strong>Lagoa, Portugal. Sous un soleil sec et une lumi\u00e8re d\u2019hiver tranchante, l\u2019\u00e9quipe de France a v\u00e9cu l\u2019une des journ\u00e9es les plus marquantes de son histoire r\u00e9cente. Le bilan est net : neuf m\u00e9dailles, une coh\u00e9sion collective exemplaire et une impression tr\u00e8s forte d\u2019avoir franchi un cap. Dans un sport o\u00f9 la fronti\u00e8re entre la route, le cross et le trail devient de plus en plus poreuse, cette performance rappelle combien les athl\u00e8tes fran\u00e7ais savent briller d\u00e8s que la course quitte le bitume pour revenir \u00e0 la terre, aux mont\u00e9es courtes, aux relances et \u00e0 l\u2019effort brut.<\/strong><\/p>\n<p><strong>Ce dimanche portugais restera comme celui o\u00f9 les U23 femmes ont ouvert une br\u00e8che que personne n\u2019attendait \u00e0 ce niveau : un titre obtenu dans un mouchoir de poche, mais avec un collectif soud\u00e9, dense, presque trail dans l\u2019esprit.<\/strong><\/p>\n<p><strong>R\u00e9sultats et classement Championnats d\u2019Europe de cross-country<\/strong><br \/>\n<strong>Les U23 f\u00e9minines \u00e9crivent la premi\u00e8re page dor\u00e9e<\/strong><\/p>\n<p>Il a fallu compter, recompter, respirer un bon coup\u2026 puis exploser de joie. Les U23 fran\u00e7aises d\u00e9crochent enfin leur premier titre europ\u00e9en officiel, et la mani\u00e8re raconte tout de leur force. Les trois premi\u00e8res tricolores entrent dans le top 10, un fait in\u00e9dit \u00e0 ce niveau.<\/p>\n<p>Julia David-Smith et Camille Place, parfaitement cal\u00e9es dans le rythme d\u00e8s les premi\u00e8res variations du parcours, signent des places de finalistes (5e et 7e). Dans leur sillage, N\u00e9lie Cl\u00e9ment, habitu\u00e9e aux terrains accident\u00e9s et aux profils cassants, tient son r\u00f4le de troisi\u00e8me femme d\u00e9cisive. Cette position, qui d\u00e9partage la France et l\u2019Allemagne \u00e0 \u00e9galit\u00e9 de points, offre l\u2019or aux Bleues.<\/p>\n<p>M\u00eame diminu\u00e9e par une maladie la veille, Jade Le Corre choisit de terminer co\u00fbte que co\u00fbte. Un geste symbolique, \u00e9nergivore, mais pr\u00e9cieux pour le groupe. De l\u2019avant au dernier rang, chaque place compte, comme dans un relais longue distance o\u00f9 le collectif sert de boussole quand les jambes se d\u00e9robent. La r\u00e9compense collective n\u2019en a \u00e9t\u00e9 que plus intense.<\/p>\n<p><strong>Jimmy Gressier : l\u2019argent au go\u00fbt de terre et de frustration<\/strong><\/p>\n<p>La sc\u00e8ne est brutale, presque cin\u00e9matographique. \u00c0 l\u2019entr\u00e9e de la derni\u00e8re mont\u00e9e, Jimmy Gressier est au coude-\u00e0-coude avec l\u2019Espagnol Thierry Ndikumwenayo. Les deux hommes ont mis le feu \u00e0 la course, multipliant les acc\u00e9l\u00e9rations, comme si la ligne droite finale \u00e9tait une arriv\u00e9e d\u2019UTMB version sprint.<\/p>\n<p>Puis survient le d\u00e9tail qui change tout : un appui fuyant, une motte de terre retourn\u00e9e par un autre athl\u00e8te, le pied qui glisse. Gressier perd instantan\u00e9ment son \u00e9quilibre, et avec lui sa trajectoire vers le titre. Il se redresse, relance, mais l\u2019Espagnol a d\u00e9j\u00e0 fait le trou.<\/p>\n<p>L\u2019argent est magnifique, mais la frustration reste vive. L\u2019athl\u00e8te de Boulogne-sur-Mer le dit lui-m\u00eame : avec quelques semaines d\u2019entra\u00eenement suppl\u00e9mentaires, la lutte aurait pu tourner en sa faveur. Malgr\u00e9 tout, sa deuxi\u00e8me place propulse les Bleus sur le podium par \u00e9quipes, avec le soutien de Palcau, B\u00e9dard, Le Baron et Bresc. Un collectif volontaire, mais diminu\u00e9 par l\u2019abandon de Hugo Hay, rattrap\u00e9 par une douleur au tendon alors qu\u2019il jouait une place dans les cinq premiers.<\/p>\n<p><strong>Les seniors femmes, en bronze apr\u00e8s une d\u00e9monstration de courage<\/strong><\/p>\n<p>Si la hi\u00e9rarchie europ\u00e9enne s\u2019est impos\u00e9e avec autorit\u00e9 devant elles (Belgique et Grande-Bretagne), les Fran\u00e7aises ont su arracher la troisi\u00e8me place gr\u00e2ce \u00e0 une combativit\u00e9 constante.<\/p>\n<p>Agathe Guillemot incarne cette intensit\u00e9. On la voit franchir la ligne et s\u2019effondrer aussit\u00f4t, vid\u00e9e, presque choqu\u00e9e par son propre effort. Elle raconte avec humour finir \u201c\u00e0 quatre pattes\u201d, mais son 11e rang est un point d\u2019ancrage pour l\u2019\u00e9quipe.<\/p>\n<p>Juste derri\u00e8re, Ana\u00eblle Guillonnet poursuit sa progression fulgurante. Alessia Zarbo, un peu moins incisive qu\u2019\u00e0 ses derni\u00e8res sorties, reste dans le top 20, tandis que Marie Loheac Bouchard et C\u00e9lia Tabet ferment la marche dans un environnement aussi exigeant que technique.<\/p>\n<p>Une m\u00e9daille de bronze qui ressemble \u00e0 une victoire de volont\u00e9.<\/p>\n<p><strong>Les U23 hommes au rendez-vous : doubl\u00e9 magistral Radja \u2013 Boudy<\/strong><\/p>\n<p>Dans cette cat\u00e9gorie, les Fran\u00e7ais ont d\u00e9j\u00e0 une longue tradition de podiums, mais cela n\u2019enl\u00e8ve rien au doubl\u00e9 d\u2019Aur\u00e9lien Radja (argent) et Pierre Boudy (bronze). Radja est le seul \u00e0 tenir la cadence de Nicholas Griggs, irr\u00e9sistible dans son r\u00f4le de favori.<\/p>\n<p>L\u2019histoire est belle, car elle est faite de travail, de frustrations et de maturit\u00e9. Radja raconte avoir longtemps manqu\u00e9 de constance tactique. Cette fois, il a tenu son plan de bout en bout.<\/p>\n<p>Boudy, sp\u00e9cialiste du steeple, \u00e9crit lui aussi une page importante. Sa derni\u00e8re ligne droite, saisie avec lucidit\u00e9 et esprit d\u2019\u00e9quipe, offre un double bonheur tricolore. L\u2019ensemble du groupe d\u00e9croche la m\u00e9daille d\u2019argent collective.<\/p>\n<p><strong>Lucie Paturel, la surprise lumineuse des U20<\/strong><\/p>\n<p>Chaque \u00e9dition de championnat r\u00e9v\u00e8le une p\u00e9pite. Cette ann\u00e9e, elle s\u2019appelle Lucie Paturel. Pour sa premi\u00e8re s\u00e9lection, elle d\u00e9croche la m\u00e9daille d\u2019argent, meilleure performance fran\u00e7aise de l\u2019histoire dans cette cat\u00e9gorie.<\/p>\n<p>Son sch\u00e9ma de course rappelle certains jeunes talents du trail : prudence au d\u00e9part, mont\u00e9e en puissance progressive, explosion finale. Partie en milieu de peloton, elle remonte place apr\u00e8s place, jusqu\u2019\u00e0 devenir la seule capable de suivre (de loin) l\u2019intouchable Innes Fitzgerald.<\/p>\n<p>La France se contente de la huiti\u00e8me place collective, mais la trajectoire de Paturel ouvre une perspective enthousiasmante.<\/p>\n<p><strong>Alo\u00efs Abraham, d\u00e9j\u00e0 dans la cour des grands<\/strong><\/p>\n<p>\u00c0 peine junior premi\u00e8re ann\u00e9e, Alo\u00efs Abraham grimpe sur la troisi\u00e8me marche du podium europ\u00e9en. Une strat\u00e9gie intelligente, une lucidit\u00e9 rare et une fin de course tranchante : tout y est.<\/p>\n<p>La m\u00e9daille collective leur \u00e9chappe apr\u00e8s une rectification de classement qui replace la Grande-Bretagne sur le podium. Cruel, mais r\u00e9v\u00e9lateur du potentiel des jeunes Fran\u00e7ais.<\/p>\n<p><strong>Le relais mixte au pied du podium<\/strong><\/p>\n<p>Malgr\u00e9 une performance XXL d\u2019Antoine Senard, le relais mixte doit se contenter de la quatri\u00e8me place. Le final est impitoyable : Ma\u00ebl Gouyette r\u00e9siste longtemps, mais le champion du monde du 1500 m, Isaac Nader, finit par le d\u00e9border. Les Bleus restent n\u00e9anmoins dans le top europ\u00e9en.<\/p>\n<p><strong>R\u00e9f\u00e9rence trail<\/strong><\/p>\n<p>\u00a0<\/p>\n<p><img loading=\"lazy\" decoding=\"async\" class=\"size-large wp-image-468467\" src=\"https:\/\/www.europesays.com\/fr\/wp-content\/uploads\/2025\/12\/Capture-decran-2025-12-15-a-00.20.02-1024x583.jpg\" alt=\"Tableau r\u00e9capitulatif \u2013 Europe de cross-country 2025 (Lagoa)\" width=\"1024\" height=\"583\"  \/>Tableau r\u00e9capitulatif \u2013 Europe de cross-country 2025 (Lagoa)<br \/>\n<strong>En r\u00e9sum\u00e9 sur les Championnats d\u2019Europe de cross-country<\/strong><\/p>\n<p>Cette journ\u00e9e \u00e0 Lagoa marque un tournant pour l\u2019athl\u00e9tisme fran\u00e7ais. Au-del\u00e0 des m\u00e9dailles, on retient l\u2019\u00e9nergie collective, la densit\u00e9, la progression des jeunes et l\u2019intensit\u00e9 d\u2019un groupe qui, des U20 aux seniors, montre une coh\u00e9sion rarement atteinte. Pour un pays o\u00f9 la culture du cross nourrit souvent les destins du demi-fond, de la route et m\u00eame du trail, ces championnats d\u2019Europe 2025 resteront un mod\u00e8le d\u2019engagement.<\/p>\n<p>La saison internationale ne fait que commencer, et la dynamique est lanc\u00e9e.<\/p>\n<p><strong>Lire aussi<\/strong><\/p>\n<p>\u00a0<\/p>\n<p>\u00a0<\/p>\n<p>\u00a0<\/p>\n<p>\u00a0<\/p>\n","protected":false},"excerpt":{"rendered":"Championnats d\u2019Europe de cross-country : la journ\u00e9e qui propulse les Bleus dans une nouvelle dimension La Amazfit T-Rex&hellip;\n","protected":false},"author":2,"featured_media":599833,"comment_status":"","ping_status":"","sticky":false,"template":"","format":"standard","meta":{"footnotes":""},"categories":[1586],"tags":[11,71247,1777,674,1011,27,8565,12,25],"class_list":{"0":"post-599832","1":"post","2":"type-post","3":"status-publish","4":"format-standard","5":"has-post-thumbnail","7":"category-europe","8":"tag-actualites","9":"tag-championnats-deurope-de-cross-country","10":"tag-eu","11":"tag-europe","12":"tag-fr","13":"tag-france","14":"tag-jimmy-gressier","15":"tag-news","16":"tag-republique-francaise"},"share_on_mastodon":{"url":"https:\/\/pubeurope.com\/@fr\/115721023963686386","error":""},"_links":{"self":[{"href":"https:\/\/www.europesays.com\/fr\/wp-json\/wp\/v2\/posts\/599832","targetHints":{"allow":["GET"]}}],"collection":[{"href":"https:\/\/www.europesays.com\/fr\/wp-json\/wp\/v2\/posts"}],"about":[{"href":"https:\/\/www.europesays.com\/fr\/wp-json\/wp\/v2\/types\/post"}],"author":[{"embeddable":true,"href":"https:\/\/www.europesays.com\/fr\/wp-json\/wp\/v2\/users\/2"}],"replies":[{"embeddable":true,"href":"https:\/\/www.europesays.com\/fr\/wp-json\/wp\/v2\/comments?post=599832"}],"version-history":[{"count":0,"href":"https:\/\/www.europesays.com\/fr\/wp-json\/wp\/v2\/posts\/599832\/revisions"}],"wp:featuredmedia":[{"embeddable":true,"href":"https:\/\/www.europesays.com\/fr\/wp-json\/wp\/v2\/media\/599833"}],"wp:attachment":[{"href":"https:\/\/www.europesays.com\/fr\/wp-json\/wp\/v2\/media?parent=599832"}],"wp:term":[{"taxonomy":"category","embeddable":true,"href":"https:\/\/www.europesays.com\/fr\/wp-json\/wp\/v2\/categories?post=599832"},{"taxonomy":"post_tag","embeddable":true,"href":"https:\/\/www.europesays.com\/fr\/wp-json\/wp\/v2\/tags?post=599832"}],"curies":[{"name":"wp","href":"https:\/\/api.w.org\/{rel}","templated":true}]}}