{"id":599846,"date":"2025-12-15T01:48:18","date_gmt":"2025-12-15T01:48:18","guid":{"rendered":"https:\/\/www.europesays.com\/fr\/599846\/"},"modified":"2025-12-15T01:48:18","modified_gmt":"2025-12-15T01:48:18","slug":"lilian-calmejane-simpose-aux-crouchaux","status":"publish","type":"post","link":"https:\/\/www.europesays.com\/fr\/599846\/","title":{"rendered":"Lilian Calmejane s\u2019impose aux Crouchaux"},"content":{"rendered":"<blockquote><p>\u00ab\u00a0\u00c7a met en lumi\u00e8re les b\u00e9n\u00e9voles qui s\u2019emmerdent \u00e0 planter les piquets\u00a0\u00bb<\/p><\/blockquote>\n<p>Et pour la concentration, cela a failli lui co\u00fbter la victoire. D\u2019abord au d\u00e9part de l\u2019\u00e9preuve o\u00f9 il a mal chauss\u00e9 sa p\u00e9dale, et s\u2019est retrouv\u00e9 derri\u00e8re Kylian Larpe et Laudelino Plas.<\/p>\n<p>        <img decoding=\"async\" id=\"27099167\" src=\"https:\/\/www.europesays.com\/fr\/wp-content\/uploads\/2025\/12\/img-7656.jpeg\" alt=\"La remont\u00e9e depuis le vallon est toujours difficile.\" itemprop=\"contentURL\"\/><\/p>\n<p>    La remont\u00e9e depuis le vallon est toujours difficile.<\/p>\n<p>R.\u00a0D.<\/p>\n<p>Mais l\u2019ancien vainqueur de l\u2019\u00e9preuve (neuf participations) a su revenir, prendre la t\u00eate, avant de crever le boyau avant sur un caillou. Larpe en a profit\u00e9 pour prendre les devants, \u00e0 trois tours de l\u2019arriv\u00e9e. Calmejane a r\u00e9ussi \u00e0 reproduire son effort, pour finalement l\u2019emporter nettement.<\/p>\n<p>\u00ab\u00a0Je ne me suis pas affol\u00e9, il y a toujours beaucoup d\u2019al\u00e9as\u00a0\u00bb sur les pentes des Crouchaux. Calmejane, retrait\u00e9, a eu ce qu\u2019il venait chercher, \u00ab\u00a0du plaisir\u00a0; je viens ici depuis que je suis en Espoirs, je suis venu quand j\u2019\u00e9tais pro. C\u2019est bien organis\u00e9 [NDLR\u00a0: par l\u2019Entente Cycliste Tr\u00e9lissac Coulounieix-Chamiers de Bernard Mazeau]. Il faut rendre la pareille, faire vivre ces \u00e9preuves. \u00c7a met en lumi\u00e8re les b\u00e9n\u00e9voles qui s\u2019emmerdent \u00e0 planter les piquets.\u00a0\u00bb<\/p>\n<p>        <img decoding=\"async\" id=\"27099168\" src=\"https:\/\/www.europesays.com\/fr\/wp-content\/uploads\/2025\/12\/img-7661.jpeg\" alt=\"Certains passages demandent \u00e9galement un peu de technique.\" itemprop=\"contentURL\"\/><\/p>\n<p>    Certains passages demandent \u00e9galement un peu de technique.<\/p>\n<p>R.\u00a0D.<\/p>\n<p>Chez les f\u00e9minines, Am\u00e9lie Laqu\u00e8be s\u2019impose, devant Joanna Lavens, longtemps devant.<\/p>\n","protected":false},"excerpt":{"rendered":"\u00ab\u00a0\u00c7a met en lumi\u00e8re les b\u00e9n\u00e9voles qui s\u2019emmerdent \u00e0 planter les piquets\u00a0\u00bb Et pour la concentration, cela a&hellip;\n","protected":false},"author":2,"featured_media":599847,"comment_status":"","ping_status":"","sticky":false,"template":"","format":"standard","meta":{"footnotes":""},"categories":[1411],"tags":[1154,207,1011,27,60],"class_list":{"0":"post-599846","1":"post","2":"type-post","3":"status-publish","4":"format-standard","5":"has-post-thumbnail","7":"category-cyclisme","8":"tag-cycling","9":"tag-cyclisme","10":"tag-fr","11":"tag-france","12":"tag-sports"},"share_on_mastodon":{"url":"https:\/\/pubeurope.com\/@fr\/115721072237946961","error":""},"_links":{"self":[{"href":"https:\/\/www.europesays.com\/fr\/wp-json\/wp\/v2\/posts\/599846","targetHints":{"allow":["GET"]}}],"collection":[{"href":"https:\/\/www.europesays.com\/fr\/wp-json\/wp\/v2\/posts"}],"about":[{"href":"https:\/\/www.europesays.com\/fr\/wp-json\/wp\/v2\/types\/post"}],"author":[{"embeddable":true,"href":"https:\/\/www.europesays.com\/fr\/wp-json\/wp\/v2\/users\/2"}],"replies":[{"embeddable":true,"href":"https:\/\/www.europesays.com\/fr\/wp-json\/wp\/v2\/comments?post=599846"}],"version-history":[{"count":0,"href":"https:\/\/www.europesays.com\/fr\/wp-json\/wp\/v2\/posts\/599846\/revisions"}],"wp:featuredmedia":[{"embeddable":true,"href":"https:\/\/www.europesays.com\/fr\/wp-json\/wp\/v2\/media\/599847"}],"wp:attachment":[{"href":"https:\/\/www.europesays.com\/fr\/wp-json\/wp\/v2\/media?parent=599846"}],"wp:term":[{"taxonomy":"category","embeddable":true,"href":"https:\/\/www.europesays.com\/fr\/wp-json\/wp\/v2\/categories?post=599846"},{"taxonomy":"post_tag","embeddable":true,"href":"https:\/\/www.europesays.com\/fr\/wp-json\/wp\/v2\/tags?post=599846"}],"curies":[{"name":"wp","href":"https:\/\/api.w.org\/{rel}","templated":true}]}}