{"id":599848,"date":"2025-12-15T01:49:12","date_gmt":"2025-12-15T01:49:12","guid":{"rendered":"https:\/\/www.europesays.com\/fr\/599848\/"},"modified":"2025-12-15T01:49:12","modified_gmt":"2025-12-15T01:49:12","slug":"apres-monaco-de-zerbi-se-paye-encore-greenwood","status":"publish","type":"post","link":"https:\/\/www.europesays.com\/fr\/599848\/","title":{"rendered":"Apr\u00e8s Monaco, De Zerbi se paye encore Greenwood"},"content":{"rendered":"<p><strong><\/p>\n<p>Robero De Zerbi s\u2019est une nouvelle fois montr\u00e9 dur contre Mason Greenwood apr\u00e8s OM \u2013 AS Monaco (1-0).<\/p>\n<p><\/strong><\/p>\n<p><strong>L\u2019OM s\u2019est adjug\u00e9 ce dimanche soir le choc de la 16e journ\u00e9e de Ligue 1 contre l\u2019AS Monaco (<a href=\"https:\/\/www.footmarseille.com\/136191-bouscule-par-monaco-lom-finit-par-sen-sortir-grace-a-greenwood-et-retrouve-le-podium\" data-type=\"link\" data-id=\"https:\/\/www.footmarseille.com\/136191-bouscule-par-monaco-lom-finit-par-sen-sortir-grace-a-greenwood-et-retrouve-le-podium\" target=\"_blank\" rel=\"noopener\">1-0<\/a>)<\/strong> gr\u00e2ce \u00e0 un Geronimo Rulli des grands soirs et \u00e0 un but de Mason Greenwood en fin de match. Apr\u00e8s le match, <strong>Roberto De Zerbi a salu\u00e9 la combativit\u00e9 de son \u00e9quipe et la prestation des Mon\u00e9gasques<\/strong>.<\/p>\n<p>\u00ab \u00c7a a \u00e9t\u00e9 un beau match \u00e0 regarder. On a senti la fatigue physique et mentale ce (dimanche) soir. On s\u2019est bien battus en Ligue des Champions et l\u00e0. Je tiens \u00e0 f\u00e9liciter cette \u00e9quipe de Monaco, une belle \u00e9quipe bien organis\u00e9e \u00bb, a confi\u00e9 le technicien italien au micro de Ligue 1+.<\/p>\n<p>Interrog\u00e9 sur le match de Mason Greenwood, auteur de l\u2019unique but de cette rencontre, <strong>le coach de l\u2019OM a une nouvelle fois \u00e9gratign\u00e9 sa star<\/strong>, <a href=\"https:\/\/www.footmarseille.com\/135843-de-zerbi-greenwood-est-lun-des-meilleurs-attaquants-deurope-mais\" data-type=\"link\" data-id=\"https:\/\/www.footmarseille.com\/135843-de-zerbi-greenwood-est-lun-des-meilleurs-attaquants-deurope-mais\" target=\"_blank\" rel=\"noopener\">apr\u00e8s l\u2019avoir d\u00e9j\u00e0 fait apr\u00e8s la victoire en Ligue des Champions contre l\u2019Union Saint-Gilloise (2-3)<\/a>. \u00ab <strong>Mason Greenwood est bien rentr\u00e9 dans le match mais il a disparu ensuite<\/strong>. C\u2019est un joueur qui te d\u00e9bloque les matchs. \u00bb<\/p>\n","protected":false},"excerpt":{"rendered":"Robero De Zerbi s\u2019est une nouvelle fois montr\u00e9 dur contre Mason Greenwood apr\u00e8s OM \u2013 AS Monaco (1-0).&hellip;\n","protected":false},"author":2,"featured_media":277791,"comment_status":"","ping_status":"","sticky":false,"template":"","format":"standard","meta":{"footnotes":""},"categories":[1410],"tags":[63,1011,27,60],"class_list":{"0":"post-599848","1":"post","2":"type-post","3":"status-publish","4":"format-standard","5":"has-post-thumbnail","7":"category-football","8":"tag-football","9":"tag-fr","10":"tag-france","11":"tag-sports"},"share_on_mastodon":{"url":"https:\/\/pubeurope.com\/@fr\/115721074444050509","error":""},"_links":{"self":[{"href":"https:\/\/www.europesays.com\/fr\/wp-json\/wp\/v2\/posts\/599848","targetHints":{"allow":["GET"]}}],"collection":[{"href":"https:\/\/www.europesays.com\/fr\/wp-json\/wp\/v2\/posts"}],"about":[{"href":"https:\/\/www.europesays.com\/fr\/wp-json\/wp\/v2\/types\/post"}],"author":[{"embeddable":true,"href":"https:\/\/www.europesays.com\/fr\/wp-json\/wp\/v2\/users\/2"}],"replies":[{"embeddable":true,"href":"https:\/\/www.europesays.com\/fr\/wp-json\/wp\/v2\/comments?post=599848"}],"version-history":[{"count":0,"href":"https:\/\/www.europesays.com\/fr\/wp-json\/wp\/v2\/posts\/599848\/revisions"}],"wp:featuredmedia":[{"embeddable":true,"href":"https:\/\/www.europesays.com\/fr\/wp-json\/wp\/v2\/media\/277791"}],"wp:attachment":[{"href":"https:\/\/www.europesays.com\/fr\/wp-json\/wp\/v2\/media?parent=599848"}],"wp:term":[{"taxonomy":"category","embeddable":true,"href":"https:\/\/www.europesays.com\/fr\/wp-json\/wp\/v2\/categories?post=599848"},{"taxonomy":"post_tag","embeddable":true,"href":"https:\/\/www.europesays.com\/fr\/wp-json\/wp\/v2\/tags?post=599848"}],"curies":[{"name":"wp","href":"https:\/\/api.w.org\/{rel}","templated":true}]}}