{"id":599849,"date":"2025-12-15T01:50:21","date_gmt":"2025-12-15T01:50:21","guid":{"rendered":"https:\/\/www.europesays.com\/fr\/599849\/"},"modified":"2025-12-15T01:50:21","modified_gmt":"2025-12-15T01:50:21","slug":"tony-estanguet-apres-la-fin-de-son-histoire-avec-laetitia-il-prend-une-decision-tres-importante-pour-son-avenir","status":"publish","type":"post","link":"https:\/\/www.europesays.com\/fr\/599849\/","title":{"rendered":"Tony Estanguet : apr\u00e8s la fin de son histoire avec La\u00ebtitia, il prend une d\u00e9cision tr\u00e8s importante pour son avenir"},"content":{"rendered":"<p>La suite apr\u00e8s la publicit\u00e9<\/p>\n<p>Pour <a href=\"https:\/\/www.purepeople.com\/people\/tony-estanguet_p139423\" target=\"_blank\" rel=\"noopener\">Tony Estanguet<\/a>, c&rsquo;\u00e9tait une d\u00e9cision pourtant purement r\u00e9fl\u00e9chie. Mais selon les informations du Parisien ce dimanche 14 d\u00e9cembre, le <a href=\"https:\/\/www.purepeople.com\/article\/l-apres-jo-de-paris-de-tony-estanguet-ne-sera-pas-si-reposant-la-realite-c-est-que_a527403\/1\" target=\"_blank\" rel=\"noopener\">patron des Jeux olympiques de Paris 2024<\/a> <strong>a jet\u00e9 l&rsquo;\u00e9ponge sur l&rsquo;un de ses projets professionnels<\/strong>. Apr\u00e8s la <a href=\"https:\/\/www.purepeople.com\/article\/j-ai-vecu-une-belle-histoire-qui-a-dure-22-ans-j-ai-eu-3-enfants-tony-estanguet-evoque-la-fin-de-son-mariage-avec-laetitia-et-insiste-sur-un-point_a544802\/1\" target=\"_blank\" rel=\"noopener\">fin de son histoire d&rsquo;amour avec La\u00ebtitia<\/a>, il renonce finalement \u00e0 si\u00e9ger au conseil d\u2019administration du Comit\u00e9 d\u2019organisation des Jeux d\u2019hiver 2030 en France. D&rsquo;apr\u00e8s nos confr\u00e8res, Tony Estanguet a annonc\u00e9 sa d\u00e9cision dans un courrier envoy\u00e9 \u00e0 Edgar Grospiron, le pr\u00e9sident.<\/p>\n<p>Explication avanc\u00e9e ? \u00ab\u00a0\u00c9viter tout conflit d\u2019int\u00e9r\u00eats potentiel dans le cadre de ses futures activit\u00e9s professionnelles\u00a0\u00bb, comme l&rsquo;\u00e9crivent nos confr\u00e8res. Edgar Grospiron a confirm\u00e9 que <strong>Tony Estanguet se retirait <\/strong><strong>\u00ab\u00a0de son mandat d&rsquo;administrateur\u00a0\u00bb<\/strong><strong> <\/strong>sur l&rsquo;antenne d&rsquo;Eurosport ce 14 d\u00e9cembre. \u00ab\u00a0Tony a des activit\u00e9s professionnelles qui peuvent \u00eatre en conflit d&rsquo;int\u00e9r\u00eats. (&#8230;) Il ne faut absolument pas voir \u00e7a comme la perte de son soutien. Il sera toujours pr\u00e9sent \u00e0 nos c\u00f4t\u00e9s\u00a0\u00bb, a expliqu\u00e9 le champion olympique de ski de bosses.<\/p>\n<p>Tony Estanguet avait peu d&rsquo;\u00eatre \u00ab\u00a0omnipr\u00e9sent\u00a0\u00bb<\/p>\n<p>Avant qu&rsquo;Edgar Grospiron ne soit nomm\u00e9 \u00e0 la t\u00eate des Alpes 2030, Tony Estanguet faisait pourtant partie des favoris. Redevenu membre du CIO depuis la fin des JO 2024, l&rsquo;ancien sp\u00e9cialiste du cano\u00eb monoplace slalom semblait vouloir peser dans l&rsquo;organisation de cette nouvelle comp\u00e9tition sportive internationale. \u00ab\u00a0Si c\u2019est une volont\u00e9 du CIO et des Alpes 2030, j\u2019irai, disait-il dans les colonnes du Parisien il y a quelques mois. L\u00e0 encore, c\u2019est ma responsabilit\u00e9 d\u2019accompagner la r\u00e9ussite de ces Jeux. Si je peux aider, je le ferai. Avec une limite. <strong>Je pense qu\u2019il ne faut pas que je sois trop pr\u00e9sent.<\/strong>\u00ab\u00a0<\/p>\n<p>Tony Estanguet estimait alors que \u00ab\u00a02030 devait trouver sa place\u00a0\u00bb et \u00ab\u00a0raconter sa propre histoire\u00a0\u00bb apr\u00e8s les JO de Paris. \u00ab\u00a0Dans les coulisses, dans les conseils, je serai toujours disponible. Mais je ne suis pas s\u00fbr que ce soit rendre service aux Alpes 2030 que d\u2019\u00eatre omnipr\u00e9sent\u00a0\u00bb, ajoutait-il. Finalement, l&rsquo;ancien sportif a pr\u00e9f\u00e9r\u00e9 ne pas faire partie des cerveaux des Alpes 2030 et se focaliser sur ses autres projets professionnels.<\/p>\n<p>Depuis la fin de son histoire, il a rencontr\u00e9 Aur\u00e9lie<\/p>\n<p>Pour lui donc, c&rsquo;est un nouveau changement drastique. Car avant cela, Tony Estanguet a v\u00e9cu un bouleversement, personnel cette fois-ci, puisqu&rsquo;en 2020, <strong>il s&rsquo;est s\u00e9par\u00e9 de La\u00ebtitia, la m\u00e8re de ses trois enfants<\/strong>. \u201cC\u2019est difficile quand on arrive \u00e0 un point o\u00f9 on sent que c\u2019est la fin et qu\u2019on d\u00e9cide d\u2019arr\u00eater. Cela a \u00e9t\u00e9 une \u00e9preuve suppl\u00e9mentaire. Mais je trouve qu\u2019on l\u2019a plut\u00f4t bien g\u00e9r\u00e9e parce qu\u2019on a su en parler, disait-il \u00e0 Gala. Ce serait trop simple d\u2019accabler mon emploi du temps. Cela n\u2019a certes pas aid\u00e9.\u201d<\/p>\n<p>\u00ab\u00a0On a refait nos vies depuis\u00a0\u00bb, ajoutait-il. Tony Estanguet vit aujourd&rsquo;hui un bel amour avec une certaine <a href=\"https:\/\/www.purepeople.com\/article\/on-a-refait-nos-vies-apres-la-fin-de-son-histoire-avec-laetitia-mere-de-ses-3-enfants-tony-estanguet-a-retrouve-lamour-aupres-daurelie_a545309\/1\" target=\"_blank\" rel=\"noopener\">Aur\u00e9lie, rencontr\u00e9e lors de la pr\u00e9paration des Jeux olympiques 2024<\/a>. Dans une interview accord\u00e9e \u00e0 La Tribune Dimanche \u00e0 l&rsquo;occasion de la sortie de sa biographie Par amour du sport, parue vendredi 14 novembre 2025, il en profitait m\u00eame pour lui glisser un tendre \u00ab\u00a0je t&rsquo;aime\u00a0\u00bb. <strong>\u00ab\u00a0Ce livre m\u2019a oblig\u00e9 \u00e0 me confier comme je ne l\u2019avais jamais fait\u00a0\u00bb<\/strong>, confiait-il.<\/p>\n","protected":false},"excerpt":{"rendered":"La suite apr\u00e8s la publicit\u00e9 Pour Tony Estanguet, c&rsquo;\u00e9tait une d\u00e9cision pourtant purement r\u00e9fl\u00e9chie. Mais selon les informations&hellip;\n","protected":false},"author":2,"featured_media":599850,"comment_status":"","ping_status":"","sticky":false,"template":"","format":"standard","meta":{"footnotes":""},"categories":[1359],"tags":[58,59,1011,27,973],"class_list":{"0":"post-599849","1":"post","2":"type-post","3":"status-publish","4":"format-standard","5":"has-post-thumbnail","7":"category-people","8":"tag-divertissement","9":"tag-entertainment","10":"tag-fr","11":"tag-france","12":"tag-people"},"share_on_mastodon":{"url":"https:\/\/pubeurope.com\/@fr\/115721078319133758","error":""},"_links":{"self":[{"href":"https:\/\/www.europesays.com\/fr\/wp-json\/wp\/v2\/posts\/599849","targetHints":{"allow":["GET"]}}],"collection":[{"href":"https:\/\/www.europesays.com\/fr\/wp-json\/wp\/v2\/posts"}],"about":[{"href":"https:\/\/www.europesays.com\/fr\/wp-json\/wp\/v2\/types\/post"}],"author":[{"embeddable":true,"href":"https:\/\/www.europesays.com\/fr\/wp-json\/wp\/v2\/users\/2"}],"replies":[{"embeddable":true,"href":"https:\/\/www.europesays.com\/fr\/wp-json\/wp\/v2\/comments?post=599849"}],"version-history":[{"count":0,"href":"https:\/\/www.europesays.com\/fr\/wp-json\/wp\/v2\/posts\/599849\/revisions"}],"wp:featuredmedia":[{"embeddable":true,"href":"https:\/\/www.europesays.com\/fr\/wp-json\/wp\/v2\/media\/599850"}],"wp:attachment":[{"href":"https:\/\/www.europesays.com\/fr\/wp-json\/wp\/v2\/media?parent=599849"}],"wp:term":[{"taxonomy":"category","embeddable":true,"href":"https:\/\/www.europesays.com\/fr\/wp-json\/wp\/v2\/categories?post=599849"},{"taxonomy":"post_tag","embeddable":true,"href":"https:\/\/www.europesays.com\/fr\/wp-json\/wp\/v2\/tags?post=599849"}],"curies":[{"name":"wp","href":"https:\/\/api.w.org\/{rel}","templated":true}]}}