{"id":599861,"date":"2025-12-15T01:59:15","date_gmt":"2025-12-15T01:59:15","guid":{"rendered":"https:\/\/www.europesays.com\/fr\/599861\/"},"modified":"2025-12-15T01:59:15","modified_gmt":"2025-12-15T01:59:15","slug":"fiere-detre-une-sale-conne-une-manif-avant-le-spectacle-dary-abittan-a-cannes","status":"publish","type":"post","link":"https:\/\/www.europesays.com\/fr\/599861\/","title":{"rendered":"\u00ab Fi\u00e8re d\u2019\u00eatre une sale conne \u00bb : une manif avant le spectacle d\u2019Ary Abittan \u00e0 Cannes"},"content":{"rendered":"<p><img alt=\"Des manifestants d\u00e9filent \u00e0 l\u2019appel du collectif f\u00e9ministe fran\u00e7ais \u00ab Nous Toutes \u00bb devant le th\u00e9\u00e2tre Claude-Debussy \u00e0 Cannes, quelques minutes avant le d\u00e9but du spectacle d\u2019Ary Abittan, le 14 d\u00e9cembre 2025.\" loading=\"lazy\" width=\"960\" height=\"640\" decoding=\"async\" data-nimg=\"1\" class=\"rounded-lg\" style=\"color:transparent\" src=\"https:\/\/www.europesays.com\/fr\/wp-content\/uploads\/2025\/12\/6c1d41690386ec28348df61e8fb13440.jpeg\"\/><\/p>\n<p>FREDERIC DIDES \/ AFP Des manifestants d\u00e9filent \u00e0 l\u2019appel du collectif f\u00e9ministe fran\u00e7ais \u00ab Nous Toutes \u00bb devant le th\u00e9\u00e2tre Claude-Debussy \u00e0 Cannes, quelques minutes avant le d\u00e9but du spectacle d\u2019Ary Abittan, le 14 d\u00e9cembre 2025.<\/p>\n<p class=\"mb-4 text-lg md:leading-8 break-words\">\u00ab Agresseur, je te vois \u00bb. \u00c0 l\u2019appel du <a data-i13n=\"cpos:1;pos:1\" href=\"https:\/\/fr.news.yahoo.com\/pourquoi-sales-connes-brigitte-macron-182003262.html\" data-ylk=\"slk:collectif Nous Toutes;cpos:1;pos:1;elm:context_link;itc:0;sec:content-canvas;outcm:mb_qualified_link;_E:mb_qualified_link;ct:story;\" class=\"link  yahoo-link\" target=\"_blank\" rel=\"noopener\">collectif Nous Toutes<\/a>, une trentaine de personnes ont manifest\u00e9 leur col\u00e8re, ce dimanche 14 d\u00e9cembre, devant le Palais des festivals des Cannes, avant que l\u2019humoriste Ary Abittan ne monte sur sc\u00e8ne du th\u00e9\u00e2tre Claude-Debussy, rapporte<a data-i13n=\"cpos:2;pos:1\" href=\"https:\/\/www.nicematin.com\/societe\/fiere-d-etre-une-sale-conne-le-collectif-nous-toutes-06-manifeste-avant-le-spectacle-d-ary-abittan-a-cannes-10660905\" rel=\"nofollow noopener\" target=\"_blank\" data-ylk=\"slk:Nice Matin;cpos:2;pos:1;elm:context_link;itc:0;sec:content-canvas\" class=\"link \"> Nice Matin<\/a>.<\/p>\n<p class=\"mb-4 text-lg md:leading-8 break-words\">Ary Abittan a \u00e9t\u00e9 accus\u00e9 de viol fin 2021 par <a data-i13n=\"cpos:3;pos:1\" href=\"https:\/\/fr.news.yahoo.com\/bless%C3%A9e-brigitte-macron-femme-accuse-170013858.html\" data-ylk=\"slk:une jeune femme;cpos:3;pos:1;elm:context_link;itc:0;sec:content-canvas;outcm:mb_qualified_link;_E:mb_qualified_link;ct:story;\" class=\"link  yahoo-link\" target=\"_blank\" rel=\"noopener\">une jeune femme <\/a>qu\u2019il fr\u00e9quentait depuis quelques semaines. Apr\u00e8s trois ans d\u2019enqu\u00eate, l\u2019instruction a abouti \u00e0 un non-lieu confirm\u00e9 en appel en janvier. Mais son retour sur sc\u00e8ne est depuis contest\u00e9 par des f\u00e9ministes protestant r\u00e9guli\u00e8rement aux abords des salles o\u00f9 il se produit. \u00ab Un non-lieu n\u2019innocente pas un homme violent \u00bb, affirme Nous Toutes 06.<\/p>\n<p class=\"mb-4 text-lg md:leading-8 break-words\"><a data-i13n=\"cpos:4;pos:1\" href=\"https:\/\/fr.news.yahoo.com\/laury-thilleman-confront%C3%A9e-%C3%A0-archive-163247155.html\" data-ylk=\"slk:Laury Thilleman confront\u00e9e \u00e0 cette archive avec Ary Abittan confie son \u00ab traumatisme intact \u00bb;cpos:4;pos:1;elm:context_link;itc:0;sec:content-canvas;outcm:mb_qualified_link;_E:mb_qualified_link;ct:story;\" class=\"link  yahoo-link\" target=\"_blank\" rel=\"noopener\"> Laury Thilleman confront\u00e9e \u00e0 cette archive avec Ary Abittan confie son \u00ab traumatisme intact \u00bb <\/a><\/p>\n<p class=\"mb-4 text-lg md:leading-8 break-words\">Les appels au boycott du com\u00e9dien ont pris une nouvelle ampleur apr\u00e8s la pol\u00e9mique n\u00e9e des propos insultants de Brigitte Macron envers des militantes f\u00e9ministes. Lors d\u2019une action de Nous Toutes aux Folies Berg\u00e8res \u00e0 Paris la semaine derni\u00e8re, la premi\u00e8re dame les avait qualifi\u00e9es de \u00ab sales connes \u00bb. Depuis, de nombreuses femmes apportent leur soutien aux victimes de violences sexuelles, sur les r\u00e9seaux sociaux.<\/p>\n<p>\u00ab Fi\u00e8res d\u2019\u00eatre des sales connes \u00bb<\/p>\n<p class=\"mb-4 text-lg md:leading-8 break-words\">C\u2019est pourquoi les militantes r\u00e9unies \u00e0 Cannes \u00e9taient munies de pancartes o\u00f9 il \u00e9tait \u00e9crit qu\u2019elles \u00e9taient \u00ab fi\u00e8res d\u2019\u00eatre des sales connes \u00bb. Le collectif a aussi scand\u00e9 en fin de rassemblement : \u00ab Si t\u2019es fi\u00e8re d\u2019\u00eatre une sale conne, tape dans tes mains \u00bb.<\/p>\n<p class=\"mb-4 text-lg md:leading-8 break-words\">Depuis lundi, de nombreuses actrices ont aussi utilis\u00e9 le hashtag #jesuisunesaleconne en signe de solidarit\u00e9 avec les associations f\u00e9ministes et les victimes de violences sexuelles. \u00ab Moi aussi je suis une sale conne. Et je soutiens tous.tes les autres \u00bb, a \u00e9crit Judith Godr\u00e8che. \u00ab Je suis une sale conne et fi\u00e8re de l\u2019\u00eatre \u00bb, a abond\u00e9 Marion Cotillard. \u00ab On comprend mieux le manque de budget pour les associations \u00bb, a ironis\u00e9 Alexandra Lamy. \u00ab Sale conne et fi\u00e8re de l\u2019\u00eatre. Soutien \u00e0 toutes les victimes et toutes les militantes gr\u00e2ce auxquelles ce monde est \u00e0 peine plus supportable qu\u2019ailleurs \u00bb, a comment\u00e9, toujours sur Instagram, Cam\u00e9lia Jordana.<\/p>\n<p class=\"mb-4 text-lg md:leading-8 break-words\">Un soutien &#8211; et une expression commune, \u00ab sale conne \u00bb &#8211; \u00e9galement affich\u00e9 par les chanteuses Clara Luciani et Ang\u00e8le, l\u2019\u00e9crivaine Camille Kouchner ou encore la r\u00e9alisatrice Andrea Bescond.<\/p>\n<p class=\"mb-4 text-lg md:leading-8 break-words\">Face \u00e0 la pol\u00e9mique, n\u00e9e d\u2019une vid\u00e9o diffus\u00e9e \u00e0 la presse people \u00e0 la suite d\u2019une bourde de l\u2019agence Bestimage, dont la patronne est proche de la Premi\u00e8re dame, l\u2019entourage de Brigitte Macron a assur\u00e9 qu\u2019il ne fallait \u00ab voir dans cet \u00e9change qu\u2019une critique de la m\u00e9thode radicale employ\u00e9e par ceux qui ont perturb\u00e9, masqu\u00e9s, le spectacle d\u2019Ary Abittan \u00bb.<\/p>\n<p class=\"mb-4 text-lg md:leading-8 break-words\"><a data-i13n=\"cpos:5;pos:1\" href=\"https:\/\/fr.news.yahoo.com\/marion-cotillard-fi%C3%A8re-d-%C3%AAtre-192718845.html\" data-ylk=\"slk:Marion Cotillard \u00ab fi\u00e8re \u00bb d\u2019\u00eatre une \u00ab sale conne \u00bb apr\u00e8s les propos de Brigitte Macron;cpos:5;pos:1;elm:context_link;itc:0;sec:content-canvas;outcm:mb_qualified_link;_E:mb_qualified_link;ct:story;\" class=\"link  yahoo-link\" target=\"_blank\" rel=\"noopener\"> Marion Cotillard \u00ab fi\u00e8re \u00bb d\u2019\u00eatre une \u00ab sale conne \u00bb apr\u00e8s les propos de Brigitte Macron <\/a><\/p>\n<p class=\"mb-4 text-lg md:leading-8 break-words\"><a data-i13n=\"cpos:6;pos:1\" href=\"https:\/\/fr.news.yahoo.com\/brigitte-macron-savait-film%C3%A9e-au-044517147.html\" data-ylk=\"slk:Brigitte Macron se savait film\u00e9e au spectacle d\u2019Ary Abittan, l\u2019agence de Mimi Marchand d\u00e9plore une bourde;cpos:6;pos:1;elm:context_link;itc:0;sec:content-canvas;outcm:mb_qualified_link;_E:mb_qualified_link;ct:story;\" class=\"link  yahoo-link\" target=\"_blank\" rel=\"noopener\"> Brigitte Macron se savait film\u00e9e au spectacle d\u2019Ary Abittan, l\u2019agence de Mimi Marchand d\u00e9plore une bourde <\/a><\/p>\n","protected":false},"excerpt":{"rendered":"FREDERIC DIDES \/ AFP Des manifestants d\u00e9filent \u00e0 l\u2019appel du collectif f\u00e9ministe fran\u00e7ais \u00ab Nous Toutes \u00bb devant&hellip;\n","protected":false},"author":2,"featured_media":599862,"comment_status":"","ping_status":"","sticky":false,"template":"","format":"standard","meta":{"footnotes":""},"categories":[8],"tags":[19796,986,7306,58,59,1011,27,71253,53622],"class_list":{"0":"post-599861","1":"post","2":"type-post","3":"status-publish","4":"format-standard","5":"has-post-thumbnail","7":"category-divertissement","8":"tag-ary-abittan","9":"tag-brigitte-macron","10":"tag-cannes","11":"tag-divertissement","12":"tag-entertainment","13":"tag-fr","14":"tag-france","15":"tag-le-palais-des-festivals","16":"tag-premiere-dame"},"share_on_mastodon":{"url":"https:\/\/pubeurope.com\/@fr\/115721115572643793","error":""},"_links":{"self":[{"href":"https:\/\/www.europesays.com\/fr\/wp-json\/wp\/v2\/posts\/599861","targetHints":{"allow":["GET"]}}],"collection":[{"href":"https:\/\/www.europesays.com\/fr\/wp-json\/wp\/v2\/posts"}],"about":[{"href":"https:\/\/www.europesays.com\/fr\/wp-json\/wp\/v2\/types\/post"}],"author":[{"embeddable":true,"href":"https:\/\/www.europesays.com\/fr\/wp-json\/wp\/v2\/users\/2"}],"replies":[{"embeddable":true,"href":"https:\/\/www.europesays.com\/fr\/wp-json\/wp\/v2\/comments?post=599861"}],"version-history":[{"count":0,"href":"https:\/\/www.europesays.com\/fr\/wp-json\/wp\/v2\/posts\/599861\/revisions"}],"wp:featuredmedia":[{"embeddable":true,"href":"https:\/\/www.europesays.com\/fr\/wp-json\/wp\/v2\/media\/599862"}],"wp:attachment":[{"href":"https:\/\/www.europesays.com\/fr\/wp-json\/wp\/v2\/media?parent=599861"}],"wp:term":[{"taxonomy":"category","embeddable":true,"href":"https:\/\/www.europesays.com\/fr\/wp-json\/wp\/v2\/categories?post=599861"},{"taxonomy":"post_tag","embeddable":true,"href":"https:\/\/www.europesays.com\/fr\/wp-json\/wp\/v2\/tags?post=599861"}],"curies":[{"name":"wp","href":"https:\/\/api.w.org\/{rel}","templated":true}]}}