{"id":599865,"date":"2025-12-15T02:02:20","date_gmt":"2025-12-15T02:02:20","guid":{"rendered":"https:\/\/www.europesays.com\/fr\/599865\/"},"modified":"2025-12-15T02:02:20","modified_gmt":"2025-12-15T02:02:20","slug":"atos-choisit-la-casse-sociale-au-profit-des-actionnaires","status":"publish","type":"post","link":"https:\/\/www.europesays.com\/fr\/599865\/","title":{"rendered":"Atos choisit la casse sociale au profit des actionnaires"},"content":{"rendered":"<p>Mal engag\u00e9 et difficilement justifiable. C\u2019est ainsi que la CGT r\u00e9sume le PSE en cours chez Atos. La multinationale veut en effet supprimer 130\u00a0postes dans les services marketing, communication et commissaires aux comptes. \u00ab\u00a0Sauf qu\u2019on ne peut pas licencier \u00e9conomiquement des personnes cibl\u00e9es sur des postes sp\u00e9cifiques, r\u00e9sultats l\u2019inspection du travail est intervenue, le PSE a \u00e9t\u00e9 r\u00e9duit de 30\u00a0postes et le processus d\u2019information-consultation se voit d\u00e9cal\u00e9 \u00e0 janvier\u00a0\u00bb, explique Pascal Besson, d\u00e9l\u00e9gu\u00e9 syndical CGT d\u2019Atos&#8230;.<\/p>\n","protected":false},"excerpt":{"rendered":"Mal engag\u00e9 et difficilement justifiable. C\u2019est ainsi que la CGT r\u00e9sume le PSE en cours chez Atos. La&hellip;\n","protected":false},"author":2,"featured_media":599866,"comment_status":"","ping_status":"","sticky":false,"template":"","format":"standard","meta":{"footnotes":""},"categories":[6],"tags":[35,33,34,1011,27],"class_list":{"0":"post-599865","1":"post","2":"type-post","3":"status-publish","4":"format-standard","5":"has-post-thumbnail","7":"category-economie","8":"tag-business","9":"tag-economie","10":"tag-economy","11":"tag-fr","12":"tag-france"},"share_on_mastodon":{"url":"https:\/\/pubeurope.com\/@fr\/115721125599615748","error":""},"_links":{"self":[{"href":"https:\/\/www.europesays.com\/fr\/wp-json\/wp\/v2\/posts\/599865","targetHints":{"allow":["GET"]}}],"collection":[{"href":"https:\/\/www.europesays.com\/fr\/wp-json\/wp\/v2\/posts"}],"about":[{"href":"https:\/\/www.europesays.com\/fr\/wp-json\/wp\/v2\/types\/post"}],"author":[{"embeddable":true,"href":"https:\/\/www.europesays.com\/fr\/wp-json\/wp\/v2\/users\/2"}],"replies":[{"embeddable":true,"href":"https:\/\/www.europesays.com\/fr\/wp-json\/wp\/v2\/comments?post=599865"}],"version-history":[{"count":0,"href":"https:\/\/www.europesays.com\/fr\/wp-json\/wp\/v2\/posts\/599865\/revisions"}],"wp:featuredmedia":[{"embeddable":true,"href":"https:\/\/www.europesays.com\/fr\/wp-json\/wp\/v2\/media\/599866"}],"wp:attachment":[{"href":"https:\/\/www.europesays.com\/fr\/wp-json\/wp\/v2\/media?parent=599865"}],"wp:term":[{"taxonomy":"category","embeddable":true,"href":"https:\/\/www.europesays.com\/fr\/wp-json\/wp\/v2\/categories?post=599865"},{"taxonomy":"post_tag","embeddable":true,"href":"https:\/\/www.europesays.com\/fr\/wp-json\/wp\/v2\/tags?post=599865"}],"curies":[{"name":"wp","href":"https:\/\/api.w.org\/{rel}","templated":true}]}}