{"id":599867,"date":"2025-12-15T02:03:11","date_gmt":"2025-12-15T02:03:11","guid":{"rendered":"https:\/\/www.europesays.com\/fr\/599867\/"},"modified":"2025-12-15T02:03:11","modified_gmt":"2025-12-15T02:03:11","slug":"le-candidat-conservateur-jose-antonio-kast-largement-elu","status":"publish","type":"post","link":"https:\/\/www.europesays.com\/fr\/599867\/","title":{"rendered":"le candidat conservateur Jos\u00e9 Antonio Kast largement \u00e9lu"},"content":{"rendered":"<p>\n    Le candidat, qui avait la faveur des alliances \u00e9lectorales et des r\u00e9cents sondages \u00e0 l\u2019approche du second tour, est arriv\u00e9 en t\u00eate du scrutin devant la candidate de gauche Jara, qui a reconnu sa d\u00e9faite.<\/p>\n<p class=\"fig-paragraph\">Selon les premiers r\u00e9sultats officiels d\u00e9voil\u00e9s dimanche soir, le candidat conservateur lib\u00e9ral Jos\u00e9 Antonio Kast enregistrait une nette avance sur sa rivale de gauche Jeannette Jara \u00e0 l\u2019issue du second tour de l\u2019\u00e9lection pr\u00e9sidentielle au Chili. Cette derni\u00e8re a pris la parole pour reconna\u00eetre sa d\u00e9faite.<\/p>\n<p class=\"fig-paragraph\">Si elle \u00e9tait arriv\u00e9e en t\u00eate au premier tour &#8211; 26,71 % contre 24,12 % pour Kast &#8211; elle n\u2019avait pas la faveur des alliances \u00e9lectorales et des\u00a0<a href=\"https:\/\/www.emol.com\/noticias\/Nacional\/2025\/11\/21\/1183777\/resultados-encuesta-bw.html\" target=\"_blank\" rel=\"sponsored noopener\" data-gtm-custom-categorie=\"navigation\" data-gtm-custom-action=\"crossclick\" data-gtm-custom-label=\"Contextuel\" data-gtm-event=\"customEventSPE\">r\u00e9cents sondages<\/a>. Selon des r\u00e9sultats officiels portant sur le d\u00e9pouillement d\u2019environ 20% des bulletins de vote, Jos\u00e9 Antonio Kast recueille 59,83% des suffrages contre 40,17% pour Jeannette Jara. Pr\u00e8s de 16 millions d\u2019\u00e9lecteurs \u00e9taient appel\u00e9s aux urnes pour ce scrutin obligatoire.<\/p>\n<p>                                            <a class=\"fig-a11y-skip\" href=\"#fig-a11y-skip-main-inarticle\" data-module=\"a11y-skip\" data-context=\"was @visible\"><br \/>\n    Passer la publicit\u00e9<br \/>\n<\/a>            <\/p>\n<p class=\"fig-paragraph\">Plus d\u2019informations \u00e0 venir &#8230;<\/p>\n","protected":false},"excerpt":{"rendered":"Le candidat, qui avait la faveur des alliances \u00e9lectorales et des r\u00e9cents sondages \u00e0 l\u2019approche du second tour,&hellip;\n","protected":false},"author":2,"featured_media":599868,"comment_status":"","ping_status":"","sticky":false,"template":"","format":"standard","meta":{"footnotes":""},"categories":[5],"tags":[11,40896,1011,27,14,12,28],"class_list":{"0":"post-599867","1":"post","2":"type-post","3":"status-publish","4":"format-standard","5":"has-post-thumbnail","7":"category-international","8":"tag-actualites","9":"tag-chili","10":"tag-fr","11":"tag-france","12":"tag-international","13":"tag-news","14":"tag-world"},"share_on_mastodon":{"url":"https:\/\/pubeurope.com\/@fr\/115721129417817089","error":""},"_links":{"self":[{"href":"https:\/\/www.europesays.com\/fr\/wp-json\/wp\/v2\/posts\/599867","targetHints":{"allow":["GET"]}}],"collection":[{"href":"https:\/\/www.europesays.com\/fr\/wp-json\/wp\/v2\/posts"}],"about":[{"href":"https:\/\/www.europesays.com\/fr\/wp-json\/wp\/v2\/types\/post"}],"author":[{"embeddable":true,"href":"https:\/\/www.europesays.com\/fr\/wp-json\/wp\/v2\/users\/2"}],"replies":[{"embeddable":true,"href":"https:\/\/www.europesays.com\/fr\/wp-json\/wp\/v2\/comments?post=599867"}],"version-history":[{"count":0,"href":"https:\/\/www.europesays.com\/fr\/wp-json\/wp\/v2\/posts\/599867\/revisions"}],"wp:featuredmedia":[{"embeddable":true,"href":"https:\/\/www.europesays.com\/fr\/wp-json\/wp\/v2\/media\/599868"}],"wp:attachment":[{"href":"https:\/\/www.europesays.com\/fr\/wp-json\/wp\/v2\/media?parent=599867"}],"wp:term":[{"taxonomy":"category","embeddable":true,"href":"https:\/\/www.europesays.com\/fr\/wp-json\/wp\/v2\/categories?post=599867"},{"taxonomy":"post_tag","embeddable":true,"href":"https:\/\/www.europesays.com\/fr\/wp-json\/wp\/v2\/tags?post=599867"}],"curies":[{"name":"wp","href":"https:\/\/api.w.org\/{rel}","templated":true}]}}