{"id":599873,"date":"2025-12-15T02:09:24","date_gmt":"2025-12-15T02:09:24","guid":{"rendered":"https:\/\/www.europesays.com\/fr\/599873\/"},"modified":"2025-12-15T02:09:24","modified_gmt":"2025-12-15T02:09:24","slug":"asse-le-verdict-tombe-apres-bastia","status":"publish","type":"post","link":"https:\/\/www.europesays.com\/fr\/599873\/","title":{"rendered":"ASSE, le verdict tombe apr\u00e8s Bastia"},"content":{"rendered":"<p><strong>L\u2019entra\u00eeneur de Saint-\u00c9tienne,<br \/>\nEirik Horneland, n\u2019a pas cach\u00e9 sa col\u00e8re apr\u00e8s le match nul conc\u00e9d\u00e9<br \/>\npar l\u2019ASSE contre Bastia (2-2), samedi soir en Ligue<br \/>\n2.<\/strong><\/p>\n<p>C\u2019est sur une nouvelle note d\u00e9cevante que Saint-\u00c9tienne a conclu<br \/>\nl\u2019ann\u00e9e en <a href=\"https:\/\/www.football.fr\/ligue-2\" target=\"_blank\" rel=\"noopener\">Ligue 2<\/a>.<br \/>\nUne semaine apr\u00e8s sa d\u00e9faite \u00e0 Dunkerque (0-1), l\u2019ASSE a d\u00fb se<br \/>\ncontenter du nul contre la lanterne rouge bastiaise (2-2), samedi<br \/>\nsoir \u00e0 Geoffroy-Guichard. Un r\u00e9sultat d\u2019autant plus frustrant<br \/>\nqu\u2019apr\u00e8s \u00eatre revenu deux fois au score, gr\u00e2ce au doubl\u00e9 de Zuriko<br \/>\nDavitashvili (24e, 81e), les Verts ont rat\u00e9 l\u2019occasion de<br \/>\nl\u2019emporter sur un penalty manqu\u00e9 par Florian Tardieu (87e).<\/p>\n<blockquote class=\"twitter-tweet\"><p><a class=\"twitter-link\" rel=\"noindex, nofollow noopener\" href=\"https:\/\/twitter.com\/beinsports_fr\/status\/1999955300116308206?s=46&amp;t=Ng37CUMdUaS4hSZh2CDipA\" target=\"_blank\"><br \/>\n<\/a><\/p><\/blockquote>\n<p>Cette contre-performance \u00e0 domicile emp\u00eache Saint\u00e9 de finir 2025<br \/>\nen t\u00eate du championnat. De quoi agacer Eirik Horneland.<br \/>\n\u00ab\u00a0Je suis en col\u00e8re, a pest\u00e9 l\u2019entra\u00eeneur st\u00e9phanois<br \/>\nau micro de beIN Sports. On a une \u00e9quipe qui peut marquer<br \/>\nbeaucoup de buts mais qui en conc\u00e8de trop. Si on analyse les buts<br \/>\nencaiss\u00e9s, ce sont beaucoup de buts \u00e9tranges. On doit toujours<br \/>\nsouffrir, on est test\u00e9s cette saison. Il faut se relever, trouver<br \/>\nun \u00e9quilibre mental qu\u2019on n\u2019a pas eu au cours de la premi\u00e8re partie<br \/>\nde saison.\u00a0\u00bb<\/p>\n<p>L\u2019entraineur de l\u2019ASSE menac\u00e9 ?<\/p>\n<p>S\u2019il n\u2019est pas menac\u00e9 \u00e0 court terme, le technicien norv\u00e9gien<br \/>\nsait qu\u2019il va vite devoir corriger certaines choses, en d\u00e9fense<br \/>\nnotamment et dans l\u2019\u00e9tat d\u2019esprit, pour que Saint-\u00c9tienne revienne<br \/>\nsur Troyes et obtienne sa promotion en Ligue 1 sans trembler.<br \/>\n\u00ab\u00a0On a 30 points en 17 matches, c\u2019est difficile,<br \/>\na-t-il affirm\u00e9. Les axes d\u2019am\u00e9lioration ? On devrait avoir des<br \/>\nmeilleures performances, avoir plus de points. On ne peut pas<br \/>\ndonner autant de buts, a-t-il affirm\u00e9. Il faut gagner plus de<br \/>\nmoments importants dans un match, gagner plus de confiance. Il faut<br \/>\nque l\u2019\u00e9quipe arrive \u00e0 faire des matches sans prendre de but pour<br \/>\nengranger de la confiance.\u00a0\u00bb<\/p>\n<p>\u00ab\u00a0Cette premi\u00e8re partie de saison a \u00e9t\u00e9 tr\u00e8s<br \/>\nfrustrante, a ajout\u00e9 le coach des Verts. On a marqu\u00e9 37-38<br \/>\nbuts (35 en r\u00e9alit\u00e9, ndlr) et on en a conc\u00e9d\u00e9 trop. Tous les<br \/>\nmatches de l\u2019ASSE sont trop \u00e9quilibr\u00e9s en termes de buts marqu\u00e9s et<br \/>\nde buts conc\u00e9d\u00e9s. Il faut trouver un bon \u00e9quilibre pour gagner plus<br \/>\nde matches d\u2019affil\u00e9e. Que ce soit avec moi ou quelqu\u2019un d\u2019autre, il<br \/>\nfaut continuer de marquer des buts sans en encaisser<br \/>\nautant.\u00a0\u00bb Car la concurrence, \u00e0 l\u2019image du Mans qui est<br \/>\nrevenu \u00e0 leur hauteur, de Reims et du Red Star, ne leur feront pas<br \/>\nde cadeau.<\/p>\n<p><script async src=\"https:\/\/platform.twitter.com\/widgets.js\" charset=\"utf-8\"><\/script><\/p>\n","protected":false},"excerpt":{"rendered":"L\u2019entra\u00eeneur de Saint-\u00c9tienne, Eirik Horneland, n\u2019a pas cach\u00e9 sa col\u00e8re apr\u00e8s le match nul conc\u00e9d\u00e9 par l\u2019ASSE contre&hellip;\n","protected":false},"author":2,"featured_media":599874,"comment_status":"","ping_status":"","sticky":false,"template":"","format":"standard","meta":{"footnotes":""},"categories":[9653],"tags":[1111,11,2430,1777,674,1011,27,12,25,4001],"class_list":{"0":"post-599873","1":"post","2":"type-post","3":"status-publish","4":"format-standard","5":"has-post-thumbnail","7":"category-saint-etienne","8":"tag-actu","9":"tag-actualites","10":"tag-auvergne-rhone-alpes","11":"tag-eu","12":"tag-europe","13":"tag-fr","14":"tag-france","15":"tag-news","16":"tag-republique-francaise","17":"tag-saint-etienne"},"share_on_mastodon":{"url":"https:\/\/pubeurope.com\/@fr\/115721153047331632","error":""},"_links":{"self":[{"href":"https:\/\/www.europesays.com\/fr\/wp-json\/wp\/v2\/posts\/599873","targetHints":{"allow":["GET"]}}],"collection":[{"href":"https:\/\/www.europesays.com\/fr\/wp-json\/wp\/v2\/posts"}],"about":[{"href":"https:\/\/www.europesays.com\/fr\/wp-json\/wp\/v2\/types\/post"}],"author":[{"embeddable":true,"href":"https:\/\/www.europesays.com\/fr\/wp-json\/wp\/v2\/users\/2"}],"replies":[{"embeddable":true,"href":"https:\/\/www.europesays.com\/fr\/wp-json\/wp\/v2\/comments?post=599873"}],"version-history":[{"count":0,"href":"https:\/\/www.europesays.com\/fr\/wp-json\/wp\/v2\/posts\/599873\/revisions"}],"wp:featuredmedia":[{"embeddable":true,"href":"https:\/\/www.europesays.com\/fr\/wp-json\/wp\/v2\/media\/599874"}],"wp:attachment":[{"href":"https:\/\/www.europesays.com\/fr\/wp-json\/wp\/v2\/media?parent=599873"}],"wp:term":[{"taxonomy":"category","embeddable":true,"href":"https:\/\/www.europesays.com\/fr\/wp-json\/wp\/v2\/categories?post=599873"},{"taxonomy":"post_tag","embeddable":true,"href":"https:\/\/www.europesays.com\/fr\/wp-json\/wp\/v2\/tags?post=599873"}],"curies":[{"name":"wp","href":"https:\/\/api.w.org\/{rel}","templated":true}]}}