{"id":599875,"date":"2025-12-15T02:10:18","date_gmt":"2025-12-15T02:10:18","guid":{"rendered":"https:\/\/www.europesays.com\/fr\/599875\/"},"modified":"2025-12-15T02:10:18","modified_gmt":"2025-12-15T02:10:18","slug":"40-ans-et-toujours-la-meme-passion-du-chocolat","status":"publish","type":"post","link":"https:\/\/www.europesays.com\/fr\/599875\/","title":{"rendered":"40 ans et toujours la m\u00eame passion du chocolat."},"content":{"rendered":"<p>Le 14 d\u00e9cembre, la Maison Alain Batt souffle ses 40 bougies. Fond\u00e9e en 1974 \u00e0 Nancy, l\u2019enseigne familiale se tourne vers le chocolat en 1985 sous l\u2019impulsion de St\u00e9phane Batt, qui perp\u00e9tue aujourd\u2019hui l\u2019h\u00e9ritage de son p\u00e8re. Depuis, la passion du cacao, la recherche de l\u2019excellence et la cr\u00e9ativit\u00e9 guident chacune des cr\u00e9ations sorties des ateliers nanc\u00e9iens.<\/p>\n<p>  <strong>Une s\u00e9lection pour No\u00ebl<\/strong><\/p>\n<p>Pour les f\u00eates, la Maison d\u00e9voile ses incontournables : marrons glac\u00e9s d\u00e9licatement confits, ballotins de chocolats, truffes fondantes, bottes garnies et P\u00e8res No\u00ebl en chocolat. Autant de douceurs pr\u00e9par\u00e9es avec soin, qui c\u00e9l\u00e8brent la gourmandise et les traditions de fin d\u2019ann\u00e9e. V\u00e9ritable coup de c\u0153ur de la saison, la Batt Box de No\u00ebl r\u00e9unit dans un \u00e9l\u00e9gant coffret le meilleur de la chocolaterie : chocolats, truffes et pains d\u2019\u00e9pices se c\u00f4toient dans une composition g\u00e9n\u00e9reuse et festive. \u00c0 quarante ans, la Maison Batt reste fid\u00e8le \u00e0 son esprit d\u2019origine : offrir, \u00e0 chaque bouch\u00e9e, une exp\u00e9rience authentiquement gourmande. Une belle histoire familiale qui continue de se savourer, g\u00e9n\u00e9ration apr\u00e8s g\u00e9n\u00e9ration.<\/p>\n","protected":false},"excerpt":{"rendered":"Le 14 d\u00e9cembre, la Maison Alain Batt souffle ses 40 bougies. Fond\u00e9e en 1974 \u00e0 Nancy, l\u2019enseigne familiale&hellip;\n","protected":false},"author":2,"featured_media":599876,"comment_status":"","ping_status":"","sticky":false,"template":"","format":"standard","meta":{"footnotes":""},"categories":[9635],"tags":[1111,11,7884,1777,674,1011,27,775,1702,12,25],"class_list":{"0":"post-599875","1":"post","2":"type-post","3":"status-publish","4":"format-standard","5":"has-post-thumbnail","7":"category-nancy","8":"tag-actu","9":"tag-actualites","10":"tag-articles-partenaires","11":"tag-eu","12":"tag-europe","13":"tag-fr","14":"tag-france","15":"tag-grand-est","16":"tag-nancy","17":"tag-news","18":"tag-republique-francaise"},"share_on_mastodon":{"url":"https:\/\/pubeurope.com\/@fr\/115721156967409325","error":""},"_links":{"self":[{"href":"https:\/\/www.europesays.com\/fr\/wp-json\/wp\/v2\/posts\/599875","targetHints":{"allow":["GET"]}}],"collection":[{"href":"https:\/\/www.europesays.com\/fr\/wp-json\/wp\/v2\/posts"}],"about":[{"href":"https:\/\/www.europesays.com\/fr\/wp-json\/wp\/v2\/types\/post"}],"author":[{"embeddable":true,"href":"https:\/\/www.europesays.com\/fr\/wp-json\/wp\/v2\/users\/2"}],"replies":[{"embeddable":true,"href":"https:\/\/www.europesays.com\/fr\/wp-json\/wp\/v2\/comments?post=599875"}],"version-history":[{"count":0,"href":"https:\/\/www.europesays.com\/fr\/wp-json\/wp\/v2\/posts\/599875\/revisions"}],"wp:featuredmedia":[{"embeddable":true,"href":"https:\/\/www.europesays.com\/fr\/wp-json\/wp\/v2\/media\/599876"}],"wp:attachment":[{"href":"https:\/\/www.europesays.com\/fr\/wp-json\/wp\/v2\/media?parent=599875"}],"wp:term":[{"taxonomy":"category","embeddable":true,"href":"https:\/\/www.europesays.com\/fr\/wp-json\/wp\/v2\/categories?post=599875"},{"taxonomy":"post_tag","embeddable":true,"href":"https:\/\/www.europesays.com\/fr\/wp-json\/wp\/v2\/tags?post=599875"}],"curies":[{"name":"wp","href":"https:\/\/api.w.org\/{rel}","templated":true}]}}