{"id":599882,"date":"2025-12-15T02:15:44","date_gmt":"2025-12-15T02:15:44","guid":{"rendered":"https:\/\/www.europesays.com\/fr\/599882\/"},"modified":"2025-12-15T02:15:44","modified_gmt":"2025-12-15T02:15:44","slug":"rejoindre-lirlande-depuis-montpellier-cest-bientot-possible","status":"publish","type":"post","link":"https:\/\/www.europesays.com\/fr\/599882\/","title":{"rendered":"Rejoindre l&rsquo;Irlande depuis Montpellier, c&rsquo;est bient\u00f4t possible"},"content":{"rendered":"<p>Vous souhaitez aller passer quelques jours en Irlande ? Si vous \u00eates H\u00e9raultais, c\u2019est d\u00e9sormais envisageable. En effet, une ligne a\u00e9rienne estivale de <strong>la compagnie Aer Lingus<\/strong> va ouvrir, entre mai et septembre prochain, reliant <a href=\"https:\/\/www.capital.fr\/economie-politique\/odeur-suspecte-a-bord-dun-boeing-a-montpellier-les-passagers-evacues-durgence-1504257\" target=\"_blank\" rel=\"noopener\">Montpellier<\/a> \u00e0 Dublin. Ainsi, les vols d\u2019une dur\u00e9e de<strong> 2h20 environ<\/strong> seront assur\u00e9s<strong> du 19 mai au 12 septembre 2026<\/strong>, tous les mardis et samedis, et op\u00e9r\u00e9s par <a href=\"https:\/\/www.capital.fr\/economie-politique\/a320-airbus-confirme-la-fin-des-blocages-tous-les-appareils-mis-a-jour-1521819\" target=\"_blank\" rel=\"noopener\">un Airbus A320<\/a> <strong>de 174 si\u00e8ges<\/strong>, un appareil de la flotte moyen-courrier de la compagnie.<\/p>\n<p>Il s\u2019agit de <strong>la cinqui\u00e8me nouvelle ligne<\/strong> annonc\u00e9e pour la prochaine saison estivale 2026 depuis l&rsquo;a\u00e9roport de Montpellier-M\u00e9diterran\u00e9e, apr\u00e8s Lisbonne, Stockholm, Djerba et Manchester, rapportent nos confr\u00e8res de <a href=\"https:\/\/france3-regions.franceinfo.fr\/occitanie\/herault\/montpellier\/montpellier-s-ouvre-a-l-irlande-avec-une-liaison-estivale-vers-dublin-en-2026-3265178.html\" target=\"_blank\" rel=\"noopener\">France 3 Occitanie<\/a>. Cette nouvelle liaison montre la volont\u00e9 d\u2019Aer Lingus de diversifier ses destinations et de consolider son attractivit\u00e9 \u00e0 l\u2019international.<\/p>\n<p>La compagnie met en avant l\u2019U.S. Preclearance<\/p>\n<p>\u00abLe nouveau service Dublin\u2013Montpellier d\u2019Aer Lingus \u00e9tablit une connexion id\u00e9ale entre la capitale irlandaise et le sud de la France\u00bb, a d\u00e9clar\u00e9 Susanne Carberry, directrice client\u00e8le de la compagnie, dans des propos rapport\u00e9s par Air Journal. Cette liaison\u00a0\u00abrenforce les liens culturels et \u00e9conomiques entre les deux r\u00e9gions\u00bb. \u00ab\u202fNous sommes ravis et extr\u00eamement fiers d\u2019accueillir \u00e0 nouveau Aer Lingus \u00e0 Montpellier, renfor\u00e7ant ainsi la pr\u00e9sence du groupe IAG\u202f\u00bb, a, quant \u00e0 lui, affirm\u00e9 Emmanuel Brehmer, pr\u00e9sident du directoire de\u00a0l\u2019a\u00e9roport Montpellier-M\u00e9diterran\u00e9e (MPL).<\/p>\n<p>En plus de Dublin, la compagnie irlandaise va proposer des correspondances facilit\u00e9es vers deux villes tr\u00e8s pris\u00e9es outre-Atlantique : New York et Boston. Pour rappel, l\u2019Irlande est l\u2019unique pays europ\u00e9en \u00e0 offrir<strong> l\u2019U.S. Preclearance<\/strong>, qui permet d\u2019\u00e9viter les files d\u2019attente \u00e0 l\u2019arriv\u00e9e aux Etats-Unis puisque le passage des formalit\u00e9s d\u2019immigration et de douanes am\u00e9ricaines s\u2019effectue \u00e0 Dublin, avant le d\u00e9part.<\/p>\n<p><a class=\"cta ctaInArticle lien-interne medium primary\" target=\"_blank\" href=\"https:\/\/www.capital.fr\/page\/indemnite-vols\" rel=\"noopener\"><br \/>\n\t\t\t &gt;&gt; Notre service &#8211; vol annul\u00e9 \/ retard\u00e9, \u00eates-vous \u00e9ligible \u00e0 une indemnisation ?\t<\/p>\n<p>\t<\/a><\/p>\n","protected":false},"excerpt":{"rendered":"Vous souhaitez aller passer quelques jours en Irlande ? Si vous \u00eates H\u00e9raultais, c\u2019est d\u00e9sormais envisageable. En effet,&hellip;\n","protected":false},"author":2,"featured_media":599883,"comment_status":"","ping_status":"","sticky":false,"template":"","format":"standard","meta":{"footnotes":""},"categories":[9599],"tags":[1111,11,58335,1777,674,1011,27,516,2208,12,2680,25,21852],"class_list":{"0":"post-599882","1":"post","2":"type-post","3":"status-publish","4":"format-standard","5":"has-post-thumbnail","7":"category-montpellier","8":"tag-actu","9":"tag-actualites","10":"tag-compagnies-au00e9riennes","11":"tag-eu","12":"tag-europe","13":"tag-fr","14":"tag-france","15":"tag-irlande","16":"tag-montpellier","17":"tag-news","18":"tag-occitanie","19":"tag-republique-francaise","20":"tag-transport-au00e9rien"},"share_on_mastodon":{"url":"https:\/\/pubeurope.com\/@fr\/115721176552318876","error":""},"_links":{"self":[{"href":"https:\/\/www.europesays.com\/fr\/wp-json\/wp\/v2\/posts\/599882","targetHints":{"allow":["GET"]}}],"collection":[{"href":"https:\/\/www.europesays.com\/fr\/wp-json\/wp\/v2\/posts"}],"about":[{"href":"https:\/\/www.europesays.com\/fr\/wp-json\/wp\/v2\/types\/post"}],"author":[{"embeddable":true,"href":"https:\/\/www.europesays.com\/fr\/wp-json\/wp\/v2\/users\/2"}],"replies":[{"embeddable":true,"href":"https:\/\/www.europesays.com\/fr\/wp-json\/wp\/v2\/comments?post=599882"}],"version-history":[{"count":0,"href":"https:\/\/www.europesays.com\/fr\/wp-json\/wp\/v2\/posts\/599882\/revisions"}],"wp:featuredmedia":[{"embeddable":true,"href":"https:\/\/www.europesays.com\/fr\/wp-json\/wp\/v2\/media\/599883"}],"wp:attachment":[{"href":"https:\/\/www.europesays.com\/fr\/wp-json\/wp\/v2\/media?parent=599882"}],"wp:term":[{"taxonomy":"category","embeddable":true,"href":"https:\/\/www.europesays.com\/fr\/wp-json\/wp\/v2\/categories?post=599882"},{"taxonomy":"post_tag","embeddable":true,"href":"https:\/\/www.europesays.com\/fr\/wp-json\/wp\/v2\/tags?post=599882"}],"curies":[{"name":"wp","href":"https:\/\/api.w.org\/{rel}","templated":true}]}}