{"id":599884,"date":"2025-12-15T02:18:19","date_gmt":"2025-12-15T02:18:19","guid":{"rendered":"https:\/\/www.europesays.com\/fr\/599884\/"},"modified":"2025-12-15T02:18:19","modified_gmt":"2025-12-15T02:18:19","slug":"pres-de-rouen-un-habitant-handicape-peine-a-rentrer-chez-lui","status":"publish","type":"post","link":"https:\/\/www.europesays.com\/fr\/599884\/","title":{"rendered":"pr\u00e8s de Rouen, un habitant handicap\u00e9 peine \u00e0 rentrer chez lui"},"content":{"rendered":"<p>                    Par<br \/>\n        <strong><br \/>\n            <a href=\"https:\/\/actu.fr\/auteur\/emilien-jacques\" title=\"Consulter tous les articles de Emilien Jacques\" target=\"_blank\" rel=\"noopener\">Emilien Jacques<\/a><br \/>\n                    <\/strong><\/p>\n<p>        Publi\u00e9 le<\/p>\n<p>            14 d\u00e9c. 2025 \u00e0 22h28        <\/p>\n<p>Le coup de gueule pouss\u00e9 par Fran\u00e7ois Duboc sur les r\u00e9seaux sociaux ressemble \u00e0 une<b> bouteille \u00e0 la mer<\/b>. Ce riverain de<a href=\"https:\/\/actu.fr\/normandie\/saint-pierre-les-elbeuf_76640\" target=\"_blank\" rel=\"noopener\"> Saint-Pierre-l\u00e8s-Elbeuf (Seine-Maritime)<\/a> vit dans la maison en face de l\u2019un des <b>plus grands boulodromes de France<\/b> et rencontre des difficult\u00e9s \u00e0 <b>rentrer chez lui<\/b> lorsque des manifestations sportives s\u2019y tiennent. D\u2019autant plus qu\u2019il est atteint d\u2019un <b>handicap moteur<\/b>. Il alerte aujourd\u2019hui sur la situation.<\/p>\n<p>Un voisin envahissant<\/p>\n<p class=\" wall-content\">C\u2019est la maison de son enfance et inutile de dire que Fran\u00e7ois Duboc y est attach\u00e9 et qu\u2019il souhaite la quitter le plus tard possible. Il \u00e9tait donc l\u00e0 bien avant la construction de l\u2019<b>Espace Henri-Salvador<\/b> en 2008, qui abrite le boulodrome de la commune.<\/p>\n<p class=\" wall-content\">Un b\u00e2timent s\u00e9par\u00e9 de son domicile par la rue aux Thuilliers, o\u00f9 les <b>places de stationnement<\/b> qui la longent sont prises d\u2019assaut par les nombreux visiteurs qui se rendent aux <b>tournois de boules<\/b> r\u00e9gionaux organis\u00e9s par le club.<\/p>\n<p class=\" wall-content\">Probl\u00e8me\u2009: la place qu\u2019a toujours utilis\u00e9e Fran\u00e7ois Duboc, cr\u00e9\u00e9e des ann\u00e9es auparavant, n\u2019est pas \u00e9pargn\u00e9e par les automobilistes chez qui il n\u2019observe pas une grande <b>courtoisie\u2009<\/b>: \u00ab\u2009Si on compte sur la civilit\u00e9 des gens,<b> on est d\u00e9\u00e7u<\/b>.\u2009\u00bb<\/p>\n<p>Impossible de stationner<\/p>\n<p class=\" wall-content\">De cette civilit\u00e9, l\u2019homme de 78\u00a0ans en aurait fort besoin, lors des grands \u00e9v\u00e8nements au boulodrome, qui surviennent r\u00e9guli\u00e8rement. Ces jours-l\u00e0, il doit <b>s\u2019arr\u00eater au milieu de la route<\/b> et bloquer la circulation pour pouvoir immobiliser son v\u00e9hicule en face de chez lui, le temps d<b>\u2019ouvrir manuellement son portail<\/b> et de rentrer dans la cour.<\/p>\n<p>    <img   decoding=\"async\" loading=\"lazy\" class=\"size-large\" src=\"https:\/\/www.europesays.com\/fr\/wp-content\/uploads\/2025\/12\/3bde7617dd1965fde7617dd1933ee7v-960x640.jpg\" alt=\"Il arrive m\u00eame parfois que des automobilistes stationnent sur l'accotement en herbe le long de chez Fran\u00e7ois Duboc.\" width=\"960\" height=\"640\"\/><br \/>\n    Il arrive m\u00eame parfois que des automobilistes stationnent sur l\u2019accotement en herbe le long de chez Fran\u00e7ois Duboc. \u00a9Emilien Jacques<\/p>\n<p class=\" wall-content\">\u00ab\u2009Hors de question que je me gare \u00e0 150\u00a0m\u00e8tres de chez moi pour ouvrir mon portail\u2009\u00bb, d\u00e9clare-t-il, alors qu\u2019il rappelle \u00eatre difficilement autonome \u00e0 cause d\u2019un genou d\u00e9faillant, qui l\u2019oblige \u00e0 marcher, <b>p\u00e9niblement, avec une canne<\/b>.<\/p>\n<p>Votre r\u00e9gion, votre actu !<\/p>\n<p>Recevez chaque jour les infos qui comptent pour vous.<\/p>\n<p>\t<a href=\"https:\/\/actu.fr\/newsletter\" class=\"ac-btn ac-btn--corner ac-btn--medium ac-btn--blue800\" target=\"_blank\" rel=\"noopener\">S&rsquo;incrire<\/a><\/p>\n<blockquote class=\"ac-article-quote wall-content\">\n<p>C\u2019est d\u00e9j\u00e0 arriv\u00e9 qu\u2019on se gare en partie devant mon portail. L\u00e0, je ne peux plus m\u00eame plus entrer ou sortir de chez moi.<\/p>\n<p>Fran\u00e7ois Duboc<\/p><\/blockquote>\n<p class=\" wall-content\">Et quand ce ne sont pas les usagers du boulodrome qui obstruent l\u2019acc\u00e8s, ce sont <b>les poids lourds<\/b> qui profitent de cet espace le long de la route.<\/p>\n<p>Quelles solutions\u2009?<\/p>\n<p class=\" wall-content\">\u00ab\u2009La derni\u00e8re fois j\u2019\u00e9tais exc\u00e9d\u00e9, j\u2019ai vraiment eu un coup de gueule.\u2009\u00bb Un ras-le-bol accentu\u00e9 par <b>l\u2019absence d\u2019initiatives<\/b>, selon lui, de la part du club de p\u00e9tanque ou de la mairie pour arranger la situation. Exprimer son m\u00e9contentement reste vain. \u00ab\u2009<b>\u00c7a ne m\u00e8ne \u00e0 rien<\/b>, \u00e7a ne d\u00e9bouche sur rien de concret\u2009\u00bb, d\u00e9plore Fran\u00e7ois Duboc.<\/p>\n<p class=\" wall-content\">Pourtant, il se rappelle, \u00e0 la cr\u00e9ation du boulodrome, avoir eu des \u00e9changes cordiaux avec les dirigeants du club, qui avaient m\u00eame install\u00e9 un panneau \u00ab<b>\u2009D\u00e9fense de stationner<\/b>\u2009\u00bb sur la place de parking en face de son portail. Il n\u2019est rest\u00e9 que quelques mois. \u00ab\u2009Je suis \u00e0 peu pr\u00e8s persuad\u00e9 qu\u2019ils l\u2019ont enlev\u00e9, \u00e7a leur fait des places de stationnement suppl\u00e9mentaires\u2026\u2009\u00bb, songe-t-il.<\/p>\n<p class=\" wall-content\">Aujourd\u2019hui, la<b> communication est rompue<\/b> avec le club de p\u00e9tanque, comme avec la municipalit\u00e9, que Fran\u00e7ois Duboc accuse d\u2019\u00eatre au courant du probl\u00e8me sans pour autant chercher \u00e0 le r\u00e9gler.<\/p>\n<blockquote class=\"ac-article-quote wall-content\">\n<p>Qu\u2019on ne me dise pas qu\u2019ils ne savent pas, tout le monde le sait. Il suffit d\u2019avoir des yeux pour le voir<\/p>\n<p>Fran\u00e7ois Duboc<\/p><\/blockquote>\n<p>Des solutions \u00e0 l&rsquo;\u00e9tude<\/p>\n<p>De son c\u00f4t\u00e9, la Ville de Saint-Pierre-l\u00e8s-Elbeuf assure qu&rsquo;elle prend la situation au s\u00e9rieux et qu&rsquo;elle recherche des solutions : \u00ab\u00a0La Ville consciente des difficult\u00e9s de stationnement \u00e0 proximit\u00e9 du boulodrome qui sont li\u00e9es aux manifestations et au d\u00e9veloppement des activit\u00e9s du boulodrome a demand\u00e9 aux clubs et comit\u00e9s d\u00e9partementaux de veiller au stationnement des v\u00e9hicules des participants. Par ailleurs, une r\u00e9flexion est en cours depuis plusieurs mois avec la M\u00e9tropole Rouen Normandie, le Comit\u00e9 r\u00e9gional de p\u00e9tanque de Normandie, propri\u00e9taire du b\u00e2timent, le club occupant de la Boule p\u00e9tanque saint-pierraise et qui va se poursuivre avec les riverains, entreprises et particuliers, afin d&rsquo;identifier les solutions possibles.<br \/>&#13;<br \/>\nParmi les pistes \u00e9tudi\u00e9es figurent la cr\u00e9ation d&rsquo;un parking suppl\u00e9mentaire aux alentours du site ou encore la mise en place ponctuelle, lors des week-ends de comp\u00e9tition, d&rsquo;un sens unique avec stationnement en \u00e9pi.<br \/>&#13;<br \/>\nLa Ville appelle \u00e9galement les utilisateurs et conducteurs au civisme et \u00e0 ne pas se garer sur des emplacements g\u00eanants ou non autoris\u00e9s et \u00e0 respecter les riverains.\u00a0\u00bb<\/p>\n<p class=\" wall-content\">La situation est donc <b>fig\u00e9e <\/b>et des plus <b>inconfortables <\/b>selon l\u2019habitant de cette maison mitoyenne, qu\u2019il partage avec son voisin de 89 ans, tout aussi <b>d\u00e9sempar\u00e9<\/b>. \u00ab\u2009\u00c7a va \u00eatre ardu pour r\u00e9gler \u00e7a\u2009\u00bb, souffle Fran\u00e7ois Duboc, qui soumet n\u00e9anmoins l\u2019id\u00e9e de replacer ce fameux panneau d\u2019interdiction de stationner\u2009: \u00ab\u2009Ce serait la solution la plus simple\u2026\u2009\u00bb<\/p>\n<p class=\" wall-content\">Personnalisez votre actualit\u00e9 en ajoutant vos villes et m\u00e9dias en favori avec <a href=\"https:\/\/moncompte.actu.fr\" title=\"D\u00e9couvez Mon Actu\" rel=\"nofollow noopener\" data-trk=\"{&quot;cta&quot;:{&quot;action&quot;:&quot;https:\\\/\\\/moncompte.actu.fr&quot;,&quot;category&quot;:&quot;mon compte&quot;,&quot;from&quot;:&quot;article footer&quot;,&quot;name&quot;:&quot;Mon actu&quot;,&quot;type&quot;:&quot;cta&quot;}}\" target=\"_blank\">Mon Actu<\/a>.<\/p>\n","protected":false},"excerpt":{"rendered":"Par Emilien Jacques Publi\u00e9 le 14 d\u00e9c. 2025 \u00e0 22h28 Le coup de gueule pouss\u00e9 par Fran\u00e7ois Duboc&hellip;\n","protected":false},"author":2,"featured_media":599885,"comment_status":"","ping_status":"","sticky":false,"template":"","format":"standard","meta":{"footnotes":""},"categories":[9587],"tags":[1111,11,1777,674,1011,27,1943,12,5161,25,9590,104,6173],"class_list":{"0":"post-599884","1":"post","2":"type-post","3":"status-publish","4":"format-standard","5":"has-post-thumbnail","7":"category-rouen","8":"tag-actu","9":"tag-actualites","10":"tag-eu","11":"tag-europe","12":"tag-fr","13":"tag-france","14":"tag-handicap","15":"tag-news","16":"tag-normandie","17":"tag-republique-francaise","18":"tag-rouen","19":"tag-societe","20":"tag-stationnement"},"share_on_mastodon":{"url":"https:\/\/pubeurope.com\/@fr\/115721189884420687","error":""},"_links":{"self":[{"href":"https:\/\/www.europesays.com\/fr\/wp-json\/wp\/v2\/posts\/599884","targetHints":{"allow":["GET"]}}],"collection":[{"href":"https:\/\/www.europesays.com\/fr\/wp-json\/wp\/v2\/posts"}],"about":[{"href":"https:\/\/www.europesays.com\/fr\/wp-json\/wp\/v2\/types\/post"}],"author":[{"embeddable":true,"href":"https:\/\/www.europesays.com\/fr\/wp-json\/wp\/v2\/users\/2"}],"replies":[{"embeddable":true,"href":"https:\/\/www.europesays.com\/fr\/wp-json\/wp\/v2\/comments?post=599884"}],"version-history":[{"count":0,"href":"https:\/\/www.europesays.com\/fr\/wp-json\/wp\/v2\/posts\/599884\/revisions"}],"wp:featuredmedia":[{"embeddable":true,"href":"https:\/\/www.europesays.com\/fr\/wp-json\/wp\/v2\/media\/599885"}],"wp:attachment":[{"href":"https:\/\/www.europesays.com\/fr\/wp-json\/wp\/v2\/media?parent=599884"}],"wp:term":[{"taxonomy":"category","embeddable":true,"href":"https:\/\/www.europesays.com\/fr\/wp-json\/wp\/v2\/categories?post=599884"},{"taxonomy":"post_tag","embeddable":true,"href":"https:\/\/www.europesays.com\/fr\/wp-json\/wp\/v2\/tags?post=599884"}],"curies":[{"name":"wp","href":"https:\/\/api.w.org\/{rel}","templated":true}]}}