{"id":599886,"date":"2025-12-15T02:21:36","date_gmt":"2025-12-15T02:21:36","guid":{"rendered":"https:\/\/www.europesays.com\/fr\/599886\/"},"modified":"2025-12-15T02:21:36","modified_gmt":"2025-12-15T02:21:36","slug":"gf38-mhsc-zoumana-camara-retrouver-a-grenoble-certaines-valeurs-qui-se-sont-un-peu-effilochees","status":"publish","type":"post","link":"https:\/\/www.europesays.com\/fr\/599886\/","title":{"rendered":"[GF38-MHSC] Zoumana Camara: \u201cRetrouver \u00e0 Grenoble certaines valeurs qui se sont un peu effiloch\u00e9es\u201d"},"content":{"rendered":"<p>En conf\u00e9rence de presse d\u2019avant-match, Zoumana Camara est revenu sur la d\u00e9faite face \u00e0 Pau le week-end dernier. Une d\u00e9faite, la deuxi\u00e8me cons\u00e9cutive, qui doit permettre de rebondir aujourd\u2019hui \u00e0 Grenoble:<\/p>\n<p>\u201cLa d\u00e9faite de Pau sonne comme un rappel. Dans ce championnat assez ouvert, o\u00f9 tout le monde peut battre tout le monde, on ne peut pas s\u2019enflammer quand tout va bien et on ne peut pas \u00eatre plus alarm\u00e9 ou sonner la sonnette d\u2019alarme quand il y a des moins bons r\u00e9sultats. Il faut savoir \u00eatre constant, \u00e0 la fois dans la d\u00e9ception comme dans la joie.\u00a0Mais il est \u00e9vident que pour aller chercher des victoires, il faut mettre certains ingr\u00e9dients qu\u2019on a un peu mis de c\u00f4t\u00e9. Contrairement \u00e0 Boulogne, cela serait dur de dire que l\u2019\u00e9quipe a manqu\u00e9 d\u2019humilit\u00e9 face \u00e0 Pau, ce n\u2019est pas \u00e7a, loin de l\u00e0. \u2019ai une \u00e9quipe jeune. Et peut-\u00eatre que quand on parle de strat\u00e9gie, de tactique, inconsciemment, les joueurs ont peut-\u00eatre tendance \u00e0 oublier qu\u2019avant \u00e7a, il y a cette notion de combat, de duel, de s\u2019imposer quand il y a un ballon entre deux. Contre Pau, il a fallu s\u2019y mettre parfois \u00e0 trois contre un pour r\u00e9cup\u00e9rer le ballon. C\u2019est une question de d\u00e9termination. Pau est venu en jouant sa survie, nous pour faire un bon match de Ligue 2 et cela ne suffit pas.\u201c<\/p>\n<p><img loading=\"lazy\" title=\"Mbuku Montpellier Herault SC v Pau FC - Ligue 2 BKT 20252026 | AllezPaillade.com\" decoding=\"async\" width=\"1024\" height=\"683\" src=\"https:\/\/www.europesays.com\/fr\/wp-content\/uploads\/2025\/12\/ICONSPORT_279085_0037-1024x683.jpg\" alt=\"\" class=\"wp-image-197792\"  \/>Cr\u00e9dits IconSport<\/p>\n<p>Le coach pailladin \u00e9tait logiquement interrog\u00e9 ensuite sur l\u2019opposition du jour face \u00e0 Grenoble au Stade des Alpes:<\/p>\n<p>\u201cUn match difficile nous attend. Grenoble est dans une bonne phase et obtient de bons r\u00e9sultats depuis un moment avec un coach qui connait bien le club, structure, les joueurs\u2026 Grenoble a l\u2019habitude de jouer en 3-5-2 avec deux attaquants qu\u2019ils trouvent dans la profondeur ou le jeu a\u00e9rien, leurs milieux sont capables de plonger, ils ont de bons joueurs de bons moments\u2026  Il faut \u00eatre concentr\u00e9 sur ce qu\u2019on a \u00e0 faire. Il faut essayer d\u2019avoir un peu plus de r\u00e9gularit\u00e9 dans ce qu\u2019on fait. Il\u00a0faut avoir un peu plus de mordant et retrouver certaines valeurs qui se sont un peu effiloch\u00e9es, parce qu\u2019on est aussi un peu \u00e9mouss\u00e9 sur cette fin de premi\u00e8re partie.\u201d<\/p>\n","protected":false},"excerpt":{"rendered":"En conf\u00e9rence de presse d\u2019avant-match, Zoumana Camara est revenu sur la d\u00e9faite face \u00e0 Pau le week-end dernier.&hellip;\n","protected":false},"author":2,"featured_media":599887,"comment_status":"","ping_status":"","sticky":false,"template":"","format":"standard","meta":{"footnotes":""},"categories":[9566],"tags":[328,1111,11,2430,1777,674,1011,27,70323,2731,12,25],"class_list":{"0":"post-599886","1":"post","2":"type-post","3":"status-publish","4":"format-standard","5":"has-post-thumbnail","7":"category-grenoble","8":"tag-a-la-une","9":"tag-actu","10":"tag-actualites","11":"tag-auvergne-rhone-alpes","12":"tag-eu","13":"tag-europe","14":"tag-fr","15":"tag-france","16":"tag-gf38-mhsc","17":"tag-grenoble","18":"tag-news","19":"tag-republique-francaise"},"share_on_mastodon":{"url":"https:\/\/pubeurope.com\/@fr\/115721200942101885","error":""},"_links":{"self":[{"href":"https:\/\/www.europesays.com\/fr\/wp-json\/wp\/v2\/posts\/599886","targetHints":{"allow":["GET"]}}],"collection":[{"href":"https:\/\/www.europesays.com\/fr\/wp-json\/wp\/v2\/posts"}],"about":[{"href":"https:\/\/www.europesays.com\/fr\/wp-json\/wp\/v2\/types\/post"}],"author":[{"embeddable":true,"href":"https:\/\/www.europesays.com\/fr\/wp-json\/wp\/v2\/users\/2"}],"replies":[{"embeddable":true,"href":"https:\/\/www.europesays.com\/fr\/wp-json\/wp\/v2\/comments?post=599886"}],"version-history":[{"count":0,"href":"https:\/\/www.europesays.com\/fr\/wp-json\/wp\/v2\/posts\/599886\/revisions"}],"wp:featuredmedia":[{"embeddable":true,"href":"https:\/\/www.europesays.com\/fr\/wp-json\/wp\/v2\/media\/599887"}],"wp:attachment":[{"href":"https:\/\/www.europesays.com\/fr\/wp-json\/wp\/v2\/media?parent=599886"}],"wp:term":[{"taxonomy":"category","embeddable":true,"href":"https:\/\/www.europesays.com\/fr\/wp-json\/wp\/v2\/categories?post=599886"},{"taxonomy":"post_tag","embeddable":true,"href":"https:\/\/www.europesays.com\/fr\/wp-json\/wp\/v2\/tags?post=599886"}],"curies":[{"name":"wp","href":"https:\/\/api.w.org\/{rel}","templated":true}]}}