{"id":599889,"date":"2025-12-15T02:23:19","date_gmt":"2025-12-15T02:23:19","guid":{"rendered":"https:\/\/www.europesays.com\/fr\/599889\/"},"modified":"2025-12-15T02:23:19","modified_gmt":"2025-12-15T02:23:19","slug":"pres-de-rennes-la-passerelle-pour-rejoindre-le-campus-ker-lann-ouvre-aux-pietons-et-cyclistes-2","status":"publish","type":"post","link":"https:\/\/www.europesays.com\/fr\/599889\/","title":{"rendered":"Pr\u00e8s de Rennes, la passerelle pour rejoindre le campus Ker Lann ouvre aux pi\u00e9tons et cyclistes"},"content":{"rendered":"<p>\u00c0 partir de ce lundi 15\u00a0d\u00e9cembre 2025, les pi\u00e9tons et cyclistes vont pouvoir emprunter <a href=\"https:\/\/rennes.maville.com\/actu\/actudet_-bruz.-la-passerelle-pieton-velo-de-ker-lann-a-ete-posee-_7-7050304_actu.Htm\" target=\"_self\" rel=\"noopener\">la passerelle qui enjambe la quatre voies \u00e0 Bruz.<\/a> L\u2019ouvrage a \u00e9t\u00e9 install\u00e9 fin octobre\u00a02025 et permet notamment aux \u00e9tudiants de rejoindre le campus de Ker Lann en \u00e9vitant les ronds-points accidentog\u00e8nes.<\/p>\n<p>Cette passerelle de 50\u00a0m\u00e8tres fait aussi partie de la ligne R\u00e9seau express v\u00e9lo, entre Rennes et Bruz, qui passe par Saint-Jacques-de-la-Lande et qui doit \u00eatre finalis\u00e9e avant la fin de l\u2019ann\u00e9e. Elle sera donc ouverte jusqu\u2019au printemps 2026 avant une fermeture d\u2019un mois et demi afin de finaliser son am\u00e9nagement.<\/p>\n<p>Rue de la Motte-Br\u00fblon<\/p>\n<p>Au nord de Rennes, la circulation sera perturb\u00e9e lundi\u00a015 et mardi 16\u00a0d\u00e9cembre 2025 au niveau de la rue\u00a0de la Motte-Br\u00fblon. \u00a0La circulation sera interdite entre la rue de la Bellangerais et la rue de la Taurellerie de 9\u00a0h \u00e0 16\u00a0h\u00a030, pour des travaux de voirie\u00a0, indique Rennes M\u00e9tropole. Une d\u00e9viation sera mise en place par l\u2019avenue du G\u00e9n\u00e9ral-Patton et le boulevard d\u2019Armorique.<\/p>\n<p><strong>Lire aussi\u00a0: <\/strong> <a href=\"https:\/\/rennes.maville.com\/actu\/actudet_-cisaille-en-action-jury-en-visite-et-pieux-en-attente-des-nouvelles-de-la-destruction-du-parking-vilaine-a-rennes-_7-7106866_actu.Htm\" target=\"_self\" rel=\"noopener\">Cisaille en action, jury en visite et pieux en attente\u00a0: des nouvelles de la destruction du parking Vilaine \u00e0 Rennes<\/a><\/p>\n<p>Rue de Lorient<\/p>\n<p>\u00c0 l\u2019ouest, au niveau de la rue de Lorient, des modifications sont pr\u00e9vues du lundi\u00a015 au vendredi 19\u00a0d\u00e9cembre 2025. La chauss\u00e9e sera r\u00e9duite entre la rue Amiral-Courbet et le boulevard Marbeuf, dans le cadre de travaux pr\u00e9paratoires pour l\u2019am\u00e9nagement de la ligne T2\u00a0du trambus.<\/p>\n<p>Avenue du G\u00e9n\u00e9ral-Patton<\/p>\n<p>Du c\u00f4t\u00e9 de l\u2019avenue du G\u00e9n\u00e9ral-Patton, la circulation est toujours interdite jusqu\u2019en mars\u00a02026 \u00a0entre l\u2019avenue de Rochester et la rue Franz-Heller, dans le cadre de l\u2019am\u00e9nagement du carrefour\u00a0. Une d\u00e9viation est mise en place.<\/p>\n<p>\u00a0<\/p>\n","protected":false},"excerpt":{"rendered":"\u00c0 partir de ce lundi 15\u00a0d\u00e9cembre 2025, les pi\u00e9tons et cyclistes vont pouvoir emprunter la passerelle qui enjambe&hellip;\n","protected":false},"author":2,"featured_media":599333,"comment_status":"","ping_status":"","sticky":false,"template":"","format":"standard","meta":{"footnotes":""},"categories":[2821],"tags":[1111,11,829,13701,10628,1777,674,1011,27,63386,63387,12,10102,26301,10636,3762,31915,584,25,3728],"class_list":{"0":"post-599889","1":"post","2":"type-post","3":"status-publish","4":"format-standard","5":"has-post-thumbnail","7":"category-rennes","8":"tag-actu","9":"tag-actualites","10":"tag-bretagne","11":"tag-campus","12":"tag-cyclistes","13":"tag-eu","14":"tag-europe","15":"tag-fr","16":"tag-france","17":"tag-ker","18":"tag-lann","19":"tag-news","20":"tag-ouvre","21":"tag-passerelle","22":"tag-pietons","23":"tag-pres","24":"tag-rejoindre","25":"tag-rennes","26":"tag-republique-francaise","27":"tag-saint-malo"},"share_on_mastodon":{"url":"https:\/\/pubeurope.com\/@fr\/115721207988012534","error":""},"_links":{"self":[{"href":"https:\/\/www.europesays.com\/fr\/wp-json\/wp\/v2\/posts\/599889","targetHints":{"allow":["GET"]}}],"collection":[{"href":"https:\/\/www.europesays.com\/fr\/wp-json\/wp\/v2\/posts"}],"about":[{"href":"https:\/\/www.europesays.com\/fr\/wp-json\/wp\/v2\/types\/post"}],"author":[{"embeddable":true,"href":"https:\/\/www.europesays.com\/fr\/wp-json\/wp\/v2\/users\/2"}],"replies":[{"embeddable":true,"href":"https:\/\/www.europesays.com\/fr\/wp-json\/wp\/v2\/comments?post=599889"}],"version-history":[{"count":0,"href":"https:\/\/www.europesays.com\/fr\/wp-json\/wp\/v2\/posts\/599889\/revisions"}],"wp:featuredmedia":[{"embeddable":true,"href":"https:\/\/www.europesays.com\/fr\/wp-json\/wp\/v2\/media\/599333"}],"wp:attachment":[{"href":"https:\/\/www.europesays.com\/fr\/wp-json\/wp\/v2\/media?parent=599889"}],"wp:term":[{"taxonomy":"category","embeddable":true,"href":"https:\/\/www.europesays.com\/fr\/wp-json\/wp\/v2\/categories?post=599889"},{"taxonomy":"post_tag","embeddable":true,"href":"https:\/\/www.europesays.com\/fr\/wp-json\/wp\/v2\/tags?post=599889"}],"curies":[{"name":"wp","href":"https:\/\/api.w.org\/{rel}","templated":true}]}}