{"id":59989,"date":"2025-04-28T19:20:08","date_gmt":"2025-04-28T19:20:08","guid":{"rendered":"https:\/\/www.europesays.com\/fr\/59989\/"},"modified":"2025-04-28T19:20:08","modified_gmt":"2025-04-28T19:20:08","slug":"le-test-de-jerez-2025-minute-par-minute","status":"publish","type":"post","link":"https:\/\/www.europesays.com\/fr\/59989\/","title":{"rendered":"Le Test de Jerez 2025 minute par minute"},"content":{"rendered":"<p>                Lundi 28 avril<\/p>\n<p>18h00 &#8211; Le drapeau \u00e0 damier est agit\u00e9 ! Marc M\u00e1rquez termine avec le meilleur chrono de la journ\u00e9e gr\u00e2ce \u00e0 une marque en 1&rsquo;35.876. Il devance Maverick Vi\u00f1ales ainsi que Fabio Quartararo. Merci \u00e0 tous d&rsquo;avoir suivi ce Test en notre compagnie !<\/p>\n<p>\u00a0<\/p>\n<p>17h30 &#8211; La plupart des pilotes sont effectivement en piste pour ces derni\u00e8res minutes de la journ\u00e9e. Comme ce matin, Marc M\u00e1rquez s&#8217;empare du meilleur temps gr\u00e2ce \u00e0 une marque en 1&rsquo;35.876. Il est suivi par la KTM de Maverick Vi\u00f1ales, qui se hisse au deuxi\u00e8me rang.<\/p>\n<p>\u00a0<\/p>\n<p>17h00 &#8211; On entre dans la derni\u00e8re heure de ce Test ! Tous les pilotes Honda sont en piste \u00e0 l&rsquo;exception de Joan Mir (Honda HRC Castrol). Les membres des autres constructeurs sont pour le moment au box. Reste \u00e0 voir si tout ce beau monde va ressortir pour un dernier run.<\/p>\n<p>\u00a0<\/p>\n<p>16h42 &#8211; Assez peu d&rsquo;activit\u00e9 en piste \u00e0 une heure et 20 minutes du drapeau \u00e0 damier avec seulement une poing\u00e9e de pilotes hors des box. Pour l&rsquo;instant, Fabio Quartararo est en t\u00eate devant Alex Rins et Marc M\u00e1rquez.<\/p>\n<p>\u00a0<\/p>\n<p>15h50 &#8211; Apr\u00e8s avoir sign\u00e9 le deuxi\u00e8me temps derri\u00e8re son co\u00e9quipier, Alex Rins est rentr\u00e9 au box pour mettre un terme \u00e0 cette journ\u00e9e de test. L&rsquo;Espagnol s&rsquo;est montr\u00e9 satisfait des am\u00e9liorations apport\u00e9es \u00e0 son moteur \u00e0 quatre cylindres en ligne. Quelques minutes plus tard, Fabio Quartararo a lui aussi conclu cette journ\u00e9e de roulage en Andalousie. \u00c0 un peu plus de deux heures de la fin de ce test, les deux hommes occupent pour le moment les deux premi\u00e8res places du classement.<\/p>\n<p>\u00a0<\/p>\n<p>15h20 &#8211; Le Fran\u00e7ais am\u00e9liore encore et signe un tour en 1&rsquo;36.353 ! Pour l&rsquo;heure, tous les pilotes sont entr\u00e9s en piste cet apr\u00e8s-midi \u00e0 l&rsquo;exception de Johann Zarco et Enea Bastianini (Red Bull KTM Tech3).<\/p>\n<p>\u00a0<\/p>\n<p>14h44 &#8211; Fabio Quartararo m\u00e8ne la s\u00e9ance de l&rsquo;apr\u00e8s-midi gr\u00e2ce \u00e0 un tour boucl\u00e9 en 1&rsquo;36.489. Pendant ce temps, Fabio Di Giannantonio (Pertamina Enduro VR46 Racing Team) est parti \u00e0 la faute dans le dernier virage du circuit.<\/p>\n<\/p>\n<p>13h50 &#8211; Les premiers pilotes font leur retour sur le trac\u00e9 ! Maverick Vi\u00f1ales, Somkiat Chantra (Idemitsu Honda LCR), Alex Rins (Monster Energy Yamaha MotoGP\u2122) et Takaaki Nakagami sont sortis le temps de quelques tours mais pour l&rsquo;instant, seuls Fabio Quartararo et Ferm\u00edn Aldeguer (BK8 Gresini Racing MotoGP\u2122) sont en piste.<\/p>\n<p>\u00a0<\/p>\n<p>13h20 &#8211; Apr\u00e8s une courte pause d\u00e9di\u00e9e \u00e0 des essais de d\u00e9part, les pilotes MotoGP\u2122 rentrent au box pour leur pause d\u00e9jeuner. Rendez-vous dans l&rsquo;apr\u00e8s-midi pour la suite de ce Test !\u00a0<\/p>\n<p>\u00a0<\/p>\n<p>13h00 &#8211; Fin de la troisi\u00e8me heure \u00e0 Jerez. Pas de changement au niveau de la feuille des temps puisque Marc M\u00e1rquez est toujours en t\u00eate devant nos Fran\u00e7ais.<\/p>\n<p>\u00a0<\/p>\n<p>12h00 &#8211; La deuxi\u00e8me heure de roulage s&rsquo;ach\u00e8ve au circuit de Jerez. Marc M\u00e1rquez m\u00e8ne la danse gr\u00e2ce \u00e0 un tour boucl\u00e9 en 1&rsquo;36.184. Il est suivi par nos Fran\u00e7ais Fabio Quartararo et Johann Zarco (Castrol Honda LCR) ainsi que Marco Bezzecchi (Aprilia Racing), ce qui nous donne quatre constructeurs dans le top 4.<\/p>\n<p>\u00a0<\/p>\n<p>11h20 &#8211; Marc M\u00e1rquez passe en t\u00eate gr\u00e2ce \u00e0 un tour boucl\u00e9 en 1&rsquo;36.184.<\/p>\n<p>\u00a0<\/p>\n<p>11h00 &#8211; Ainsi s&rsquo;ach\u00e8ve la premi\u00e8re heure de roulage en Andalousie. Fabio Quartararo pointe au sommet de la feuille des temps gr\u00e2ce \u00e0 un tour boucl\u00e9 en 1&rsquo;36.496. Le vainqueur du GP d&rsquo;hier, Alex M\u00e1rquez (BK8 Gresini Racing MotoGP\u2122), est deuxi\u00e8me \u00e0 482 milli\u00e8mes.<\/p>\n<p>\u00a0<\/p>\n<p>10h30 &#8211; Brad Binder (Red Bull KTM Factory Racing) se hisse au sommet de la feuille des temps gr\u00e2ce \u00e0 une marque en 1&rsquo;37.055.<\/p>\n<p>\u00a0<\/p>\n<p>10h23 &#8211; Marc M\u00e1rquez \u00e9tablit la premi\u00e8re marque de la journ\u00e9e en 1&rsquo;37.294. Pour le moment, on est encore loin du chrono de la pole position de Fabio Quartararo (Monster Energy Yamaha MotoGP\u2122) en 1&rsquo;35.610 effectu\u00e9 samedi.<\/p>\n<p>\u00a0<\/p>\n<p>10h15 : Apr\u00e8s sa chute d&rsquo;hier qui lui a provoqu\u00e9 une contusion au cou, Franco Morbidelli (Pertamina Enduro VR46 Racing Team) ne participera pas au test d&rsquo;aujourd&rsquo;hui. Le team VR46 pr\u00e9cise que l&rsquo;Italien n&rsquo;avait de toute fa\u00e7on pas grand chose \u00e0 tester aujourd&rsquo;hui et qu&rsquo;il est donc pr\u00e9f\u00e9rable de le laisser au repos. Puisqu&rsquo;il ne roulera pas aujourd&rsquo;hui, le n\u00b021 devra passer par le centre m\u00e9dical pour recevoir le feu vert des m\u00e9decins le jeudi du GP de France. Bon r\u00e9tablissement, Franky !<\/p>\n<p>\u00a0<\/p>\n<p>10h12 &#8211; Une dizaine de pilotes sont d\u00e9sormais en piste. Marc M\u00e1rquez (Ducati Lenovo Team) vient \u00e0 son tour de sortir du box.<\/p>\n<p>\u00a0<\/p>\n<p>10h02 &#8211; Le pilote d&rsquo;essai de KTM, Dani Pedrosa, fait lui aussi son apparition sur le circuit andalou.<\/p>\n<p>\u00a0<\/p>\n<p>10h00 &#8211; C&rsquo;est parti \u00e0 Jerez ! Maverick Vi\u00f1ales (Red Bull KTM Tech3) est le premier pilote \u00e0 entrer en piste. Il est suivi par Jack Miller (Prima Pramac Yamaha, Francesco Bagnaia (Ducati Lenovo Team) et Marco Bezzecchi (Aprilia Racing).<\/p>\n<p>9h00 \u2013 Bonjour \u00e0 tous ! Tu t&rsquo;es remis de tes \u00e9motions apr\u00e8s ce GP d&rsquo;Espagne spectaculaire ? Ce week-end a Jerez a marqu\u00e9 les esprits et il se poursuit ce lundi avec un Test officiel d&rsquo;une journ\u00e9e. Toute la journ\u00e9e, on te tient au courant sur absolument tout ce qui se trame en piste et dans le paddock.<\/p>\n","protected":false},"excerpt":{"rendered":"Lundi 28 avril 18h00 &#8211; Le drapeau \u00e0 damier est agit\u00e9 ! Marc M\u00e1rquez termine avec le meilleur&hellip;\n","protected":false},"author":2,"featured_media":59990,"comment_status":"","ping_status":"","sticky":false,"template":"","format":"standard","meta":{"footnotes":""},"categories":[1413],"tags":[1011,27,1457,1456,60,2032],"class_list":{"0":"post-59989","1":"post","2":"type-post","3":"status-publish","4":"format-standard","5":"has-post-thumbnail","7":"category-moto","8":"tag-fr","9":"tag-france","10":"tag-moto","11":"tag-motocycle","12":"tag-sports","13":"tag-text"},"share_on_mastodon":{"url":"https:\/\/pubeurope.com\/@fr\/114417213352675761","error":""},"_links":{"self":[{"href":"https:\/\/www.europesays.com\/fr\/wp-json\/wp\/v2\/posts\/59989","targetHints":{"allow":["GET"]}}],"collection":[{"href":"https:\/\/www.europesays.com\/fr\/wp-json\/wp\/v2\/posts"}],"about":[{"href":"https:\/\/www.europesays.com\/fr\/wp-json\/wp\/v2\/types\/post"}],"author":[{"embeddable":true,"href":"https:\/\/www.europesays.com\/fr\/wp-json\/wp\/v2\/users\/2"}],"replies":[{"embeddable":true,"href":"https:\/\/www.europesays.com\/fr\/wp-json\/wp\/v2\/comments?post=59989"}],"version-history":[{"count":0,"href":"https:\/\/www.europesays.com\/fr\/wp-json\/wp\/v2\/posts\/59989\/revisions"}],"wp:featuredmedia":[{"embeddable":true,"href":"https:\/\/www.europesays.com\/fr\/wp-json\/wp\/v2\/media\/59990"}],"wp:attachment":[{"href":"https:\/\/www.europesays.com\/fr\/wp-json\/wp\/v2\/media?parent=59989"}],"wp:term":[{"taxonomy":"category","embeddable":true,"href":"https:\/\/www.europesays.com\/fr\/wp-json\/wp\/v2\/categories?post=59989"},{"taxonomy":"post_tag","embeddable":true,"href":"https:\/\/www.europesays.com\/fr\/wp-json\/wp\/v2\/tags?post=59989"}],"curies":[{"name":"wp","href":"https:\/\/api.w.org\/{rel}","templated":true}]}}