{"id":599896,"date":"2025-12-15T02:30:15","date_gmt":"2025-12-15T02:30:15","guid":{"rendered":"https:\/\/www.europesays.com\/fr\/599896\/"},"modified":"2025-12-15T02:30:15","modified_gmt":"2025-12-15T02:30:15","slug":"les-elections-approchent-la-foule-pour-ce-conseil-municipal-au-nord-de-nantes-2","status":"publish","type":"post","link":"https:\/\/www.europesays.com\/fr\/599896\/","title":{"rendered":"\u00ab Les \u00e9lections approchent ! \u00bb : la foule pour ce conseil municipal au nord de Nantes"},"content":{"rendered":"<p>Le conseil municipal du 2\u00a0d\u00e9cembre a attir\u00e9 un public plus nombreux qu\u2019\u00e0 l\u2019accoutum\u00e9e. \u00ab\u00a0Les \u00e9lections approchent\u00a0\u00bb, a lanc\u00e9 avec humour la maire, Gwenola Franco. En effet, plusieurs membres de la liste en cours de constitution \u00ab\u00a0Vigneux \u00e0 venir\u00a0\u00bb, men\u00e9e par Claude Labour, \u00e9taient pr\u00e9sents pour observer le fonctionnement de l\u2019assembl\u00e9e.<\/p>\n<p>L\u2019int\u00e9r\u00eat g\u00e9n\u00e9ral a &#8230;<\/p>\n<p>\u00a0<\/p>\n","protected":false},"excerpt":{"rendered":"Le conseil municipal du 2\u00a0d\u00e9cembre a attir\u00e9 un public plus nombreux qu\u2019\u00e0 l\u2019accoutum\u00e9e. \u00ab\u00a0Les \u00e9lections approchent\u00a0\u00bb, a lanc\u00e9&hellip;\n","protected":false},"author":2,"featured_media":599458,"comment_status":"","ping_status":"","sticky":false,"template":"","format":"standard","meta":{"footnotes":""},"categories":[2818],"tags":[1111,11,71191,7516,5949,1777,674,8383,1011,27,7517,766,12,1308,2636,25],"class_list":{"0":"post-599896","1":"post","2":"type-post","3":"status-publish","4":"format-standard","5":"has-post-thumbnail","7":"category-nantes","8":"tag-actu","9":"tag-actualites","10":"tag-approchent","11":"tag-conseil","12":"tag-elections","13":"tag-eu","14":"tag-europe","15":"tag-foule","16":"tag-fr","17":"tag-france","18":"tag-municipal","19":"tag-nantes","20":"tag-news","21":"tag-nord","22":"tag-pays-de-la-loire","23":"tag-republique-francaise"},"share_on_mastodon":{"url":"https:\/\/pubeurope.com\/@fr\/115721235606204672","error":""},"_links":{"self":[{"href":"https:\/\/www.europesays.com\/fr\/wp-json\/wp\/v2\/posts\/599896","targetHints":{"allow":["GET"]}}],"collection":[{"href":"https:\/\/www.europesays.com\/fr\/wp-json\/wp\/v2\/posts"}],"about":[{"href":"https:\/\/www.europesays.com\/fr\/wp-json\/wp\/v2\/types\/post"}],"author":[{"embeddable":true,"href":"https:\/\/www.europesays.com\/fr\/wp-json\/wp\/v2\/users\/2"}],"replies":[{"embeddable":true,"href":"https:\/\/www.europesays.com\/fr\/wp-json\/wp\/v2\/comments?post=599896"}],"version-history":[{"count":0,"href":"https:\/\/www.europesays.com\/fr\/wp-json\/wp\/v2\/posts\/599896\/revisions"}],"wp:featuredmedia":[{"embeddable":true,"href":"https:\/\/www.europesays.com\/fr\/wp-json\/wp\/v2\/media\/599458"}],"wp:attachment":[{"href":"https:\/\/www.europesays.com\/fr\/wp-json\/wp\/v2\/media?parent=599896"}],"wp:term":[{"taxonomy":"category","embeddable":true,"href":"https:\/\/www.europesays.com\/fr\/wp-json\/wp\/v2\/categories?post=599896"},{"taxonomy":"post_tag","embeddable":true,"href":"https:\/\/www.europesays.com\/fr\/wp-json\/wp\/v2\/tags?post=599896"}],"curies":[{"name":"wp","href":"https:\/\/api.w.org\/{rel}","templated":true}]}}