{"id":599897,"date":"2025-12-15T02:31:38","date_gmt":"2025-12-15T02:31:38","guid":{"rendered":"https:\/\/www.europesays.com\/fr\/599897\/"},"modified":"2025-12-15T02:31:38","modified_gmt":"2025-12-15T02:31:38","slug":"le-fc-nantes-gifle-les-marseillaises-dans-une-beaujoire-record","status":"publish","type":"post","link":"https:\/\/www.europesays.com\/fr\/599897\/","title":{"rendered":"le FC Nantes gifle les Marseillaises dans une Beaujoire record"},"content":{"rendered":"<p>Un match qui restera grav\u00e9 dans les m\u00e9moires. Ce dimanche apr\u00e8s-midi, le FC Nantes recevait effectivement l\u2019Olympique de Marseille, d\u00e9sormais Les Marseillaises, dans le cadre du match de cl\u00f4ture de la dixi\u00e8me journ\u00e9e d\u2019Arkema Premi\u00e8re Ligue de la saison. Une rencontre qui a vu les Jaune et Vertes s\u2019imposer sur le score de trois buts \u00e0 z\u00e9ro sur la pelouse du stade de la Beaujoire devant 17 491 supporters, soit la sixi\u00e8me meilleure affluence de l&rsquo;histoire du championnat.<\/p>\n<p>Le FCN trop au-dessus<\/p>\n<p>Trois buts inscrits en premi\u00e8re mi-temps. D\u00e8s la 22e minute de jeu, Calba est parvenue \u00e0 ouvrir le score devant ses supporters. \u00c0 la demi-heure de jeu, Toloba fait le break pour Nantes, quelques secondes avant que Bethi n\u2019inscrive le troisi\u00e8me et dernier but de la partie. Les filles de Corinne Diacre ne parviendront pas \u00e0 forcer le verrou nantais. Le FC Nantes consolide sa quatri\u00e8me place au classement, tandis que l\u2019OM est toujours neuvi\u00e8me.\u00a0<\/p>\n<p>Partagez cette info avec vos amis et vos proches en cliquant ici<br \/>Pour r\u00e9sumer<\/p>\n<p>Un match qui restera grav\u00e9 dans les m\u00e9moires. Ce dimanche apr\u00e8s-midi, le FC Nantes recevait effectivement l\u2019Olympique de Marseille, d\u00e9sormais Les Marseillaises, dans le cadre du match de cl\u00f4ture de la dixi\u00e8me journ\u00e9e d\u2019Arkema Premi\u00e8re Ligue de la saison.<\/p>\n<p> <img decoding=\"async\" width=\"76\" height=\"76\" loading=\"lazy\" src=\"https:\/\/static.wui.fr\/images_v3\/avatar-footnational.png\" alt=\"Youcef Ghalaza-Boudra\"\/><\/p>\n","protected":false},"excerpt":{"rendered":"Un match qui restera grav\u00e9 dans les m\u00e9moires. Ce dimanche apr\u00e8s-midi, le FC Nantes recevait effectivement l\u2019Olympique de&hellip;\n","protected":false},"author":2,"featured_media":599898,"comment_status":"","ping_status":"","sticky":false,"template":"","format":"standard","meta":{"footnotes":""},"categories":[2818],"tags":[1111,11,1777,674,61040,1011,27,766,12,2636,25],"class_list":{"0":"post-599897","1":"post","2":"type-post","3":"status-publish","4":"format-standard","5":"has-post-thumbnail","7":"category-nantes","8":"tag-actu","9":"tag-actualites","10":"tag-eu","11":"tag-europe","12":"tag-foot-feminin","13":"tag-fr","14":"tag-france","15":"tag-nantes","16":"tag-news","17":"tag-pays-de-la-loire","18":"tag-republique-francaise"},"share_on_mastodon":{"url":"https:\/\/pubeurope.com\/@fr\/115721240243195049","error":""},"_links":{"self":[{"href":"https:\/\/www.europesays.com\/fr\/wp-json\/wp\/v2\/posts\/599897","targetHints":{"allow":["GET"]}}],"collection":[{"href":"https:\/\/www.europesays.com\/fr\/wp-json\/wp\/v2\/posts"}],"about":[{"href":"https:\/\/www.europesays.com\/fr\/wp-json\/wp\/v2\/types\/post"}],"author":[{"embeddable":true,"href":"https:\/\/www.europesays.com\/fr\/wp-json\/wp\/v2\/users\/2"}],"replies":[{"embeddable":true,"href":"https:\/\/www.europesays.com\/fr\/wp-json\/wp\/v2\/comments?post=599897"}],"version-history":[{"count":0,"href":"https:\/\/www.europesays.com\/fr\/wp-json\/wp\/v2\/posts\/599897\/revisions"}],"wp:featuredmedia":[{"embeddable":true,"href":"https:\/\/www.europesays.com\/fr\/wp-json\/wp\/v2\/media\/599898"}],"wp:attachment":[{"href":"https:\/\/www.europesays.com\/fr\/wp-json\/wp\/v2\/media?parent=599897"}],"wp:term":[{"taxonomy":"category","embeddable":true,"href":"https:\/\/www.europesays.com\/fr\/wp-json\/wp\/v2\/categories?post=599897"},{"taxonomy":"post_tag","embeddable":true,"href":"https:\/\/www.europesays.com\/fr\/wp-json\/wp\/v2\/tags?post=599897"}],"curies":[{"name":"wp","href":"https:\/\/api.w.org\/{rel}","templated":true}]}}