{"id":5999,"date":"2025-04-06T18:57:19","date_gmt":"2025-04-06T18:57:19","guid":{"rendered":"https:\/\/www.europesays.com\/fr\/5999\/"},"modified":"2025-04-06T18:57:19","modified_gmt":"2025-04-06T18:57:19","slug":"revivez-lyon-lille-2-1-ligue-1-j28-lyon-lille","status":"publish","type":"post","link":"https:\/\/www.europesays.com\/fr\/5999\/","title":{"rendered":"Revivez Lyon-Lille (2-1) &#8211; Ligue 1 &#8211; J28 &#8211; Lyon-Lille"},"content":{"rendered":"<p>\u00a0<\/p>\n<p>SALUT TOUT LE MONDE !!! Vous avez pass\u00e9 un bel apr\u00e8s-midi au soleil ? Parce que la soir\u00e9e s&rsquo;annonce encore plus folle, avec cette bataille cruciale dans la qu\u00eate de Coupe d&rsquo;Europe de nos deux protagonistes.\u00a0<br \/>\nConcass\u00e9 par Strasbourg la semaine derni\u00e8re, l&rsquo;OL va devoir relancer la machine s&rsquo;il veut continuer \u00e0 r\u00eaver de Ligue des champions. Et \u00e7a tombe bien, car en cas de succ\u00e8s, les Lyonnais pourraient griller la politesse \u00e0 leurs rivaux Lillois et Ni\u00e7ois, en attendant le match de son bourreau de la semaine pr\u00e9c\u00e9dente, qui se d\u00e9place \u00e0 Reims demain.<\/p>\n<p>Les Dogues auront quant \u00e0 eux \u00e0 coeur de bonifier leur succ\u00e8s dans le derby du Nord, et de profiter du faux-pas des Aiglons, <a href=\"https:\/\/www.sofoot.com\/breves\/ligue-1-sauve-par-anthony-lopes-nantes-coule-nice-grace-a-matthis-abline-et-cree-la-surprise\" rel=\"nofollow noopener\" target=\"_blank\">surpris par Nantes<\/a> hier soir. Dans les mirettes, les basques du dauphin mon\u00e9gasque, et la place sur le podium de l&rsquo;OM. Belle partie de chaise musicale en pr\u00e9vision pour endiabler notre samedi soir!<\/p>\n","protected":false},"excerpt":{"rendered":"\u00a0 SALUT TOUT LE MONDE !!! Vous avez pass\u00e9 un bel apr\u00e8s-midi au soleil ? Parce que la&hellip;\n","protected":false},"author":2,"featured_media":6000,"comment_status":"","ping_status":"","sticky":false,"template":"","format":"standard","meta":{"footnotes":""},"categories":[1889],"tags":[1111,47,11,61,2430,69,65,64,1777,674,63,1011,27,68,66,2428,12,62,70,25,67],"class_list":{"0":"post-5999","1":"post","2":"type-post","3":"status-publish","4":"format-standard","5":"has-post-thumbnail","7":"category-lyon","8":"tag-actu","9":"tag-actualite","10":"tag-actualites","11":"tag-actus-football","12":"tag-auvergne-rhone-alpes","13":"tag-bundesliga","14":"tag-championnats-europeens","15":"tag-equipe-de-france","16":"tag-eu","17":"tag-europe","18":"tag-football","19":"tag-fr","20":"tag-france","21":"tag-ligua","22":"tag-ligue-1","23":"tag-lyon","24":"tag-news","25":"tag-news-foot","26":"tag-premier-league","27":"tag-republique-francaise","28":"tag-serie-a"},"share_on_mastodon":{"url":"https:\/\/pubeurope.com\/@fr\/114292552067176975","error":""},"_links":{"self":[{"href":"https:\/\/www.europesays.com\/fr\/wp-json\/wp\/v2\/posts\/5999","targetHints":{"allow":["GET"]}}],"collection":[{"href":"https:\/\/www.europesays.com\/fr\/wp-json\/wp\/v2\/posts"}],"about":[{"href":"https:\/\/www.europesays.com\/fr\/wp-json\/wp\/v2\/types\/post"}],"author":[{"embeddable":true,"href":"https:\/\/www.europesays.com\/fr\/wp-json\/wp\/v2\/users\/2"}],"replies":[{"embeddable":true,"href":"https:\/\/www.europesays.com\/fr\/wp-json\/wp\/v2\/comments?post=5999"}],"version-history":[{"count":0,"href":"https:\/\/www.europesays.com\/fr\/wp-json\/wp\/v2\/posts\/5999\/revisions"}],"wp:featuredmedia":[{"embeddable":true,"href":"https:\/\/www.europesays.com\/fr\/wp-json\/wp\/v2\/media\/6000"}],"wp:attachment":[{"href":"https:\/\/www.europesays.com\/fr\/wp-json\/wp\/v2\/media?parent=5999"}],"wp:term":[{"taxonomy":"category","embeddable":true,"href":"https:\/\/www.europesays.com\/fr\/wp-json\/wp\/v2\/categories?post=5999"},{"taxonomy":"post_tag","embeddable":true,"href":"https:\/\/www.europesays.com\/fr\/wp-json\/wp\/v2\/tags?post=5999"}],"curies":[{"name":"wp","href":"https:\/\/api.w.org\/{rel}","templated":true}]}}