{"id":599901,"date":"2025-12-15T02:33:26","date_gmt":"2025-12-15T02:33:26","guid":{"rendered":"https:\/\/www.europesays.com\/fr\/599901\/"},"modified":"2025-12-15T02:33:26","modified_gmt":"2025-12-15T02:33:26","slug":"les-agriculteurs-de-la-coordination-rurale-annoncent-un-barrage-filtrant-sur-lautoroute-a63","status":"publish","type":"post","link":"https:\/\/www.europesays.com\/fr\/599901\/","title":{"rendered":"les agriculteurs de la Coordination rurale annoncent un barrage filtrant sur l&rsquo;autoroute A63"},"content":{"rendered":"<p>                    Par<br \/>\n        <strong><br \/>\n            <a href=\"https:\/\/actu.fr\/auteur\/sports33\" title=\"Consulter tous les articles de Nicolas Gosselin\" target=\"_blank\" rel=\"noopener\">Nicolas Gosselin<\/a><br \/>\n                    <\/strong><\/p>\n<p>        Publi\u00e9 le<\/p>\n<p>            14 d\u00e9c. 2025 \u00e0 14h57        <\/p>\n<p>La <a href=\"https:\/\/actu.fr\/nouvelle-aquitaine\/bordeaux_33063\/pour-etre-ecoutes-on-va-faire-sauter-des-ponts-la-coordination-rurale-de-gironde-n-a-plus-rien-a-perdre_63567300.html\" target=\"_blank\" rel=\"noopener\">Coordination rurale<\/a> ne d\u00e9col\u00e8re pas. Apr\u00e8s <a href=\"https:\/\/actu.fr\/occitanie\/montastruc-la-conseillere_31358\/dermatose-nodulaire-la-colere-des-agriculteurs-monte-des-affrontements-en-ariege-des-blocages-en-occitanie_63566367.html\" target=\"_blank\" rel=\"noopener\">les affrontements avec des CRS dans l\u2019Ari\u00e8ge<\/a> pour emp\u00eacher <a href=\"https:\/\/actu.fr\/occitanie\/les-bordes-sur-arize_09061\/dermatose-nodulaire-en-ariege-l-abattage-de-plus-de-200-vaches-vient-de-debuter_63568629.html\" target=\"_blank\" rel=\"noopener\">l\u2019abattage d\u2019un \u00e9levage de plus de 200 bovins<\/a>, les <a href=\"https:\/\/actu.fr\/tag\/agriculture\" target=\"_blank\" rel=\"noopener\">agriculteurs<\/a> de la CR multiplient <strong>les actions coup de poing en France<\/strong> pour alerte sur la <strong>crise agricole<\/strong> et la politique du gouvernement, notamment sur la gestion de la <strong>dermatose nodulaire<\/strong>.\u00a0<\/p>\n<p class=\" wall-content\">Ce dimanche 14 d\u00e9cembre 2025, la Coordination rurale 33 pr\u00e9pare une action \u00e0 Cestas (Gironde) avec <strong>un blocage au niveau de la zone logistique<\/strong> (Lidl, Carrefour, Aldi\u2026) et <strong>un barrage filtrant<\/strong> sur l\u2019<a href=\"https:\/\/actu.fr\/tag\/autoroute-63-a63\" target=\"_blank\" rel=\"noopener\">autoroute A63<\/a>, dans le sens Espagne-Bordeaux.<\/p>\n<p>Les poids lourds \u00e9trangers dans le viseur<\/p>\n<p class=\" wall-content\">Les<strong> camions \u00e9trangers<\/strong> seront cibl\u00e9s. \u00ab\u00a0Tout ce qui n\u2019est pas fran\u00e7ais, ne passe pas. Qu\u2019ils ne nous disent pas que Bordeaux sera affam\u00e9e, on a tout ce qu\u2019il faut en France. Qu\u2019ils s\u2019approvisionnent chez nos producteurs !\u00a0\u00bb, communique la CR 33.<\/p>\n<p class=\" wall-content\">Plusieurs points de d\u00e9part sont pr\u00e9vus, comme \u00e0 Sauveterre-de-Guyenne et Saint-Laurent-de-M\u00e9doc, pour que les tracteurs transitent ensemble jusqu\u2019au point de rendez-vous \u00e0 20 heures. Le mot d\u2019ordre est clair : <strong>les bennes doivent \u00eatre pleines<\/strong> pour entraver la chauss\u00e9e ou bloquer des acc\u00e8s, si besoin.<\/p>\n<p class=\" wall-content\">Interrog\u00e9 par <a href=\"https:\/\/actu.fr\/bordeaux\/\" target=\"_blank\" rel=\"noopener\">actu Bordeaux<\/a>, le pr\u00e9sident de la CR 33 Vincent Collineau parle d\u2019un <strong>mouvement de contestation<\/strong> qui devrait se prolonger et se durcir tant que les agriculteurs n\u2019obtiennent pas des r\u00e9ponses satisfaisantes du gouvernement. \u00ab\u00a0Pour \u00eatre \u00e9cout\u00e9s, on va faire sauter des ponts\u00a0\u00bb, avait-il annonc\u00e9.<\/p>\n<p class=\" wall-content\">Personnalisez votre actualit\u00e9 en ajoutant vos villes et m\u00e9dias en favori avec <a href=\"https:\/\/moncompte.actu.fr\" title=\"D\u00e9couvez Mon Actu\" rel=\"nofollow noopener\" data-trk=\"{&quot;cta&quot;:{&quot;action&quot;:&quot;https:\\\/\\\/moncompte.actu.fr&quot;,&quot;category&quot;:&quot;mon compte&quot;,&quot;from&quot;:&quot;article footer&quot;,&quot;name&quot;:&quot;Mon actu&quot;,&quot;type&quot;:&quot;cta&quot;}}\" target=\"_blank\">Mon Actu<\/a>.<\/p>\n","protected":false},"excerpt":{"rendered":"Par Nicolas Gosselin Publi\u00e9 le 14 d\u00e9c. 2025 \u00e0 14h57 La Coordination rurale ne d\u00e9col\u00e8re pas. Apr\u00e8s les&hellip;\n","protected":false},"author":2,"featured_media":599902,"comment_status":"","ping_status":"","sticky":false,"template":"","format":"standard","meta":{"footnotes":""},"categories":[2817],"tags":[1111,11,327,21591,1997,1777,674,1011,27,1272,12,2219,25,104],"class_list":{"0":"post-599901","1":"post","2":"type-post","3":"status-publish","4":"format-standard","5":"has-post-thumbnail","7":"category-bordeaux","8":"tag-actu","9":"tag-actualites","10":"tag-agriculture","11":"tag-autoroute-63-a63","12":"tag-bordeaux","13":"tag-eu","14":"tag-europe","15":"tag-fr","16":"tag-france","17":"tag-manifestations","18":"tag-news","19":"tag-nouvelle-aquitaine","20":"tag-republique-francaise","21":"tag-societe"},"share_on_mastodon":{"url":"https:\/\/pubeurope.com\/@fr\/115721247364334704","error":""},"_links":{"self":[{"href":"https:\/\/www.europesays.com\/fr\/wp-json\/wp\/v2\/posts\/599901","targetHints":{"allow":["GET"]}}],"collection":[{"href":"https:\/\/www.europesays.com\/fr\/wp-json\/wp\/v2\/posts"}],"about":[{"href":"https:\/\/www.europesays.com\/fr\/wp-json\/wp\/v2\/types\/post"}],"author":[{"embeddable":true,"href":"https:\/\/www.europesays.com\/fr\/wp-json\/wp\/v2\/users\/2"}],"replies":[{"embeddable":true,"href":"https:\/\/www.europesays.com\/fr\/wp-json\/wp\/v2\/comments?post=599901"}],"version-history":[{"count":0,"href":"https:\/\/www.europesays.com\/fr\/wp-json\/wp\/v2\/posts\/599901\/revisions"}],"wp:featuredmedia":[{"embeddable":true,"href":"https:\/\/www.europesays.com\/fr\/wp-json\/wp\/v2\/media\/599902"}],"wp:attachment":[{"href":"https:\/\/www.europesays.com\/fr\/wp-json\/wp\/v2\/media?parent=599901"}],"wp:term":[{"taxonomy":"category","embeddable":true,"href":"https:\/\/www.europesays.com\/fr\/wp-json\/wp\/v2\/categories?post=599901"},{"taxonomy":"post_tag","embeddable":true,"href":"https:\/\/www.europesays.com\/fr\/wp-json\/wp\/v2\/tags?post=599901"}],"curies":[{"name":"wp","href":"https:\/\/api.w.org\/{rel}","templated":true}]}}