{"id":599903,"date":"2025-12-15T02:34:18","date_gmt":"2025-12-15T02:34:18","guid":{"rendered":"https:\/\/www.europesays.com\/fr\/599903\/"},"modified":"2025-12-15T02:34:18","modified_gmt":"2025-12-15T02:34:18","slug":"castanet-tolosan-les-cours-dorgue-font-leur-apparition-a-la-mjc","status":"publish","type":"post","link":"https:\/\/www.europesays.com\/fr\/599903\/","title":{"rendered":"Castanet-Tolosan. Les cours d\u2019orgue font leur apparition \u00e0 la MJC"},"content":{"rendered":"<p>Depuis cette ann\u00e9e, la MJC de Castanet-Tolosan a mis en place des cours d\u2019orgue. Ces cours sont assur\u00e9s par Damien, Professeur. Ils se d\u00e9roulent tous les mardis soir \u00e0 l\u2019\u00e9glise. En effet, la MJC a eu l\u2019opportunit\u00e9 d\u2019acheter un orgue d\u2019occasion afin de le mettre dans une salle de l\u2019\u00e9cole de musique. Par cons\u00e9quent, et ainsi quand l\u2019\u00e9glise est occup\u00e9e, il y a la possibilit\u00e9 de continuer ces cours \u00e0 l\u2019\u00e9cole de musique.<\/p>\n<p>Cet orgue repr\u00e9sente beaucoup pour la MJC. C\u2019est une grande chance car cet instrument n\u2019est pas pr\u00e9sent dans toutes les \u00e9coles de musique. Cet instrument et cette activit\u00e9 peuvent donner envie \u00e0 des adh\u00e9rents de venir le d\u00e9couvrir et l\u2019essayer.<\/p>\n<p>Damien explique : \u00ab\u00a0Je suis passionn\u00e9 d\u2019orgue depuis de nombreuses ann\u00e9es. J\u2019ai le plaisir d\u2019enseigner cet instrument unique au sein de la MJC. Mes cours s\u2019adressent \u00e0 tous les \u00e2ges et tous les niveaux : d\u00e9butants, curieux, ou musiciens confirm\u00e9s qui souhaitent se perfectionner\u00a0\u00bb. L\u2019objectif de ces cours est simple : d\u00e9couvrir ou approfondir le plaisir de jouer de l\u2019orgue, \u00e0 travers un apprentissage \u00e0 la fois technique, musical et cr\u00e9atif, et ce dans une ambiance bienveillante.<\/p>\n<p>Pour tout renseignement, contacter la MJC au 05 61 81 83 56 ou par mail \u00e0 : <a href=\"https:\/\/www.ladepeche.fr\/2025\/12\/14\/mailto:accueil@mjccastanet.fr\" target=\"_blank\" rel=\"noopener\">accueil@mjccastanet.fr<\/a>.<\/p>\n","protected":false},"excerpt":{"rendered":"Depuis cette ann\u00e9e, la MJC de Castanet-Tolosan a mis en place des cours d\u2019orgue. Ces cours sont assur\u00e9s&hellip;\n","protected":false},"author":2,"featured_media":599904,"comment_status":"","ping_status":"","sticky":false,"template":"","format":"standard","meta":{"footnotes":""},"categories":[2816],"tags":[1111,11,4733,71257,1777,674,1011,27,329,2722,12,2680,25,1857,2312],"class_list":{"0":"post-599903","1":"post","2":"type-post","3":"status-publish","4":"format-standard","5":"has-post-thumbnail","7":"category-toulouse","8":"tag-actu","9":"tag-actualites","10":"tag-associations","11":"tag-castanettolosan","12":"tag-eu","13":"tag-europe","14":"tag-fr","15":"tag-france","16":"tag-france-monde","17":"tag-haute-garonne","18":"tag-news","19":"tag-occitanie","20":"tag-republique-francaise","21":"tag-sociu00e9tu00e9","22":"tag-toulouse"},"share_on_mastodon":{"url":"https:\/\/pubeurope.com\/@fr\/115721251319076027","error":""},"_links":{"self":[{"href":"https:\/\/www.europesays.com\/fr\/wp-json\/wp\/v2\/posts\/599903","targetHints":{"allow":["GET"]}}],"collection":[{"href":"https:\/\/www.europesays.com\/fr\/wp-json\/wp\/v2\/posts"}],"about":[{"href":"https:\/\/www.europesays.com\/fr\/wp-json\/wp\/v2\/types\/post"}],"author":[{"embeddable":true,"href":"https:\/\/www.europesays.com\/fr\/wp-json\/wp\/v2\/users\/2"}],"replies":[{"embeddable":true,"href":"https:\/\/www.europesays.com\/fr\/wp-json\/wp\/v2\/comments?post=599903"}],"version-history":[{"count":0,"href":"https:\/\/www.europesays.com\/fr\/wp-json\/wp\/v2\/posts\/599903\/revisions"}],"wp:featuredmedia":[{"embeddable":true,"href":"https:\/\/www.europesays.com\/fr\/wp-json\/wp\/v2\/media\/599904"}],"wp:attachment":[{"href":"https:\/\/www.europesays.com\/fr\/wp-json\/wp\/v2\/media?parent=599903"}],"wp:term":[{"taxonomy":"category","embeddable":true,"href":"https:\/\/www.europesays.com\/fr\/wp-json\/wp\/v2\/categories?post=599903"},{"taxonomy":"post_tag","embeddable":true,"href":"https:\/\/www.europesays.com\/fr\/wp-json\/wp\/v2\/tags?post=599903"}],"curies":[{"name":"wp","href":"https:\/\/api.w.org\/{rel}","templated":true}]}}