{"id":599905,"date":"2025-12-15T02:35:23","date_gmt":"2025-12-15T02:35:23","guid":{"rendered":"https:\/\/www.europesays.com\/fr\/599905\/"},"modified":"2025-12-15T02:35:23","modified_gmt":"2025-12-15T02:35:23","slug":"des-organisations-syndicales-et-etudiantes-appellent-a-un-rassemblement-mardi-contre-lausterite","status":"publish","type":"post","link":"https:\/\/www.europesays.com\/fr\/599905\/","title":{"rendered":"des organisations syndicales et \u00e9tudiantes appellent \u00e0 un rassemblement mardi contre l&rsquo;aust\u00e9rit\u00e9"},"content":{"rendered":"<p>Non \u00e0 l\u2019aust\u00e9rit\u00e9 dans l\u2019enseignement sup\u00e9rieur, Non \u00e0 l\u2019aust\u00e9rit\u00e9 \u00e0 UT2JRASSEMBLEMENT 12H40 MARDI 16\/12 DEVANT LA PRESIDENCE<\/p>\n<p>Ce mardi 16 d\u00e9cembre sera vot\u00e9 au Conseil d\u2019Administration de notre universit\u00e9, le budget rectificatif 2025 et le budget initial de l\u2019ann\u00e9e 2026. Ces budgets d\u00e9ficitaires, \u00e0 hauteur de 12 millions pour le premier et de 3 millions pour le second, sont la cons\u00e9quence directe des politiques des 20 derni\u00e8res ann\u00e9es port\u00e9es par les diff\u00e9rents gouvernements, cassant syst\u00e9matiquement le service public de l\u2019enseignement sup\u00e9rieur par un d\u00e9sinvestissement -massif de l\u2019\u00c9tat dans les universit\u00e9s. Localement, ces budgets port\u00e9s par la Pr\u00e9sidence sous le contr\u00f4le du rectorat, , imposent de nombreuses \u00e9conomies (Campagne d\u2019emplois, fonctionnement, investissement&#8230;) qui seront certainement bien pires d\u2019ann\u00e9e en ann\u00e9e. Une condition commune \u00e0 de nombreuses universit\u00e9s qui vont devoir faire face \u00e0 des cessations de paiement, pr\u00e9voir des ann\u00e9es blanches et subir des attaques sans pr\u00e9c\u00e9dent contre nos conditions de travail, d\u2019\u00e9tudes et de la recherche. France Universit\u00e9 annonce la couleur et estime que le dernier budget du gouvernement aura pour cons\u00e9quence au moins 8000 postes supprim\u00e9s dans l\u2019ann\u00e9e qui va suivre. Dans le m\u00eame temps, le gouvernement annonce vouloir supprimer les APL des \u00e9tudiants \u00e9trangers et de nombreuses universit\u00e9s d\u00e9cident d\u2019appliquer l\u2019augmentation par 16 des frais d\u2019inscription pour les \u00e9tudiants \u00e9trangers pr\u00e9vue depuis 2018 avec Bienvenue en France, un cas de figure qui pourrait arriver aussi pour notre universit\u00e9 o\u00f9 les \u00e9tudiants \u00e9trangers sont pour l\u2019instant exempt\u00e9s de telles d\u00e9penses.<\/p>\n<p>La pr\u00e9sidence nous dit qu\u2019il faudra se serrer la ceinture les 3 prochaines ann\u00e9es, ce qui signifie, pour nous, des suppressions de fili\u00e8res, la d\u00e9gradation des conditions de travail, des suppressions des postes et l\u2019usage massif de contractuel\u00b7les servant de bouche-trou.<\/p>\n<p>Pour toutes ces raisons, nos organisations s\u2019opposeront et, pour celles pr\u00e9sentes au Conseil d\u2019Administration, voteront contre ce budget d\u2019aust\u00e9rit\u00e9 pr\u00e9sent\u00e9 au Conseil d\u2019Administration   , qui ne pr\u00e9voit rien de moins que des attaques contre nos droits sur nos lieux de travail, nos acc\u00e8s aux \u00e9tudes sup\u00e9rieures et \u00e0 la recherche dans les ann\u00e9es \u00e0 venir. Nous exigeons donc un investissement massif de l\u2019\u00c9tat pour un service de l\u2019enseignement sup\u00e9rieur et de la recherche \u00e0 la hauteur des besoins de la population et des d\u00e9fis d\u2019aujourd\u2019hui.<\/p>\n<p>Nous demandons \u00e0 la pr\u00e9sidence d\u2019apporter une r\u00e9ponse imm\u00e9diate aux revendications suivantes vot\u00e9es par l\u2019Assembl\u00e9e G\u00e9n\u00e9rale des personnels et \u00e9tudiant-es\u00a0:<\/p>\n<li>\u00a0L\u2019acc\u00e8s aux listes de diffusion pour les organisations \u00e9tudiantes\n<\/li>\n<li>\u00a0La suppression des primes ind\u00e9centes pour les personnels de direction\n<\/li>\n<li>\u00a0L\u2019 \u00e9tude d\u2019impact des coupes budg\u00e9taires sur la sant\u00e9 des personnels et leurs conditions de travail\n<\/li>\n<li>\u00a0Un engagement clair sur le refus d\u2019augmentation des frais d\u2019inscription<br \/>\nNous appelons donc \u00e0 un rassemblement le m\u00eame jour, mardi 16 d\u00e9cembre, \u00e0 12h40 devant le b\u00e2timent de la pr\u00e9sidence.<\/li>\n","protected":false},"excerpt":{"rendered":"Non \u00e0 l\u2019aust\u00e9rit\u00e9 dans l\u2019enseignement sup\u00e9rieur, Non \u00e0 l\u2019aust\u00e9rit\u00e9 \u00e0 UT2JRASSEMBLEMENT 12H40 MARDI 16\/12 DEVANT LA PRESIDENCE Ce&hellip;\n","protected":false},"author":2,"featured_media":599906,"comment_status":"","ping_status":"","sticky":false,"template":"","format":"standard","meta":{"footnotes":""},"categories":[2816],"tags":[1111,11,1777,674,1011,27,12,2680,25,2312],"class_list":{"0":"post-599905","1":"post","2":"type-post","3":"status-publish","4":"format-standard","5":"has-post-thumbnail","7":"category-toulouse","8":"tag-actu","9":"tag-actualites","10":"tag-eu","11":"tag-europe","12":"tag-fr","13":"tag-france","14":"tag-news","15":"tag-occitanie","16":"tag-republique-francaise","17":"tag-toulouse"},"share_on_mastodon":{"url":"https:\/\/pubeurope.com\/@fr\/115721255229934053","error":""},"_links":{"self":[{"href":"https:\/\/www.europesays.com\/fr\/wp-json\/wp\/v2\/posts\/599905","targetHints":{"allow":["GET"]}}],"collection":[{"href":"https:\/\/www.europesays.com\/fr\/wp-json\/wp\/v2\/posts"}],"about":[{"href":"https:\/\/www.europesays.com\/fr\/wp-json\/wp\/v2\/types\/post"}],"author":[{"embeddable":true,"href":"https:\/\/www.europesays.com\/fr\/wp-json\/wp\/v2\/users\/2"}],"replies":[{"embeddable":true,"href":"https:\/\/www.europesays.com\/fr\/wp-json\/wp\/v2\/comments?post=599905"}],"version-history":[{"count":0,"href":"https:\/\/www.europesays.com\/fr\/wp-json\/wp\/v2\/posts\/599905\/revisions"}],"wp:featuredmedia":[{"embeddable":true,"href":"https:\/\/www.europesays.com\/fr\/wp-json\/wp\/v2\/media\/599906"}],"wp:attachment":[{"href":"https:\/\/www.europesays.com\/fr\/wp-json\/wp\/v2\/media?parent=599905"}],"wp:term":[{"taxonomy":"category","embeddable":true,"href":"https:\/\/www.europesays.com\/fr\/wp-json\/wp\/v2\/categories?post=599905"},{"taxonomy":"post_tag","embeddable":true,"href":"https:\/\/www.europesays.com\/fr\/wp-json\/wp\/v2\/tags?post=599905"}],"curies":[{"name":"wp","href":"https:\/\/api.w.org\/{rel}","templated":true}]}}