{"id":599910,"date":"2025-12-15T02:39:11","date_gmt":"2025-12-15T02:39:11","guid":{"rendered":"https:\/\/www.europesays.com\/fr\/599910\/"},"modified":"2025-12-15T02:39:11","modified_gmt":"2025-12-15T02:39:11","slug":"greenwood-lincontournable-hojbjerg-rayonne-lasm-et-kondogbia-calamiteux-les-tops-flops","status":"publish","type":"post","link":"https:\/\/www.europesays.com\/fr\/599910\/","title":{"rendered":"Greenwood l\u2019incontournable, H\u00f8jbjerg rayonne, l\u2019ASM et Kondogbia calamiteux&#8230; Les tops\/flops"},"content":{"rendered":"<p>\n    <strong>D\u00c9CRYPTAGE<\/strong> &#8211; D\u00e9couvrez ce qui a plu&#8230; et d\u00e9plu \u00e0 la r\u00e9daction du Figaro apr\u00e8s la victoire de l\u2019OM, dimanche soir, en cl\u00f4ture de la 16e journ\u00e9e de Ligue 1, au stade V\u00e9lodrome (1-0).<\/p>\n<p class=\"fig-paragraph\"><strong>TOPS\u00a0<\/strong><\/p>\n<p>                                            L\u2019incontournable Greenwood<\/p>\n<p class=\"fig-paragraph\">Encore et toujours lui. Auteur (d\u00e9j\u00e0) d\u2019un doubl\u00e9 mardi soir en Ligue des champions lors de la victoire de l\u2019OM sur la pelouse de l\u2019Union SG (2-3), le feu follet marseillais a remis \u00e7a dimanche soir, lors de la\u00a0<a href=\"http:\/\/www.lefigaro.fr\/sports\/football\/ligue-1\/ligue-1-vainqueur-de-monaco-l-om-s-accroche-au-podium-20251214\" data-fig-type=\"NewsFlash\" data-gtm-custom-categorie=\"navigation\" data-gtm-custom-action=\"crossclick\" data-gtm-custom-label=\"Contextuel\" data-gtm-event=\"customEventSPE\" data-fig-domain=\"LEFIGARO\" target=\"_blank\" rel=\"noopener\">victoire phoc\u00e9enne face \u00e0 Monaco<\/a>\u00a0(<a href=\"https:\/\/www.lefigaro.fr\/sports\/football\/live\/ligue-1\/2025\/2568576\/marseille-monaco\" data-fig-type=\"Live\" data-gtm-custom-categorie=\"navigation\" data-gtm-custom-action=\"crossclick\" data-gtm-custom-label=\"Contextuel\" data-gtm-event=\"customEventSPE\" data-fig-domain=\"LEFIGARO\" target=\"_blank\" rel=\"noopener\">1-0<\/a>). En jambes puis discret, l\u2019attaquant anglais a une nouvelle fois sign\u00e9 un coup d\u2019\u00e9clat pour sortir son \u00e9quipe de l\u2019impasse. \u00c0 l\u2019issue d\u2019une superbe action collective avec Paix\u00e3o et H\u00f8jbjerg, le n\u00b010 phoc\u00e9en est venu d\u00e9livrer le V\u00e9lodrome d\u2019une puissante reprise du gauche (82e). Imparable. L\u2019homme \u00e0 tout faire de la Canebi\u00e8re.<\/p>\n<p>                                            <a class=\"fig-a11y-skip\" href=\"#fig-a11y-skip-main-inarticle\" data-module=\"a11y-skip\" data-context=\"was @visible\"><br \/>\n    Passer la publicit\u00e9<br \/>\n<\/a>            <\/p>\n<p>                                            H\u00f8jbjerg rayonne<\/p>\n<p class=\"fig-paragraph\">Dans un entrejeu transperc\u00e9 par les transitions rapides et les contre-attaques mon\u00e9gasques &#8211; o\u00f9 Vermeeren et Kondogbia ont coul\u00e9 &#8211; , le Danois a surnag\u00e9. 7 ballons r\u00e9cup\u00e9r\u00e9s et 88 % de passes r\u00e9ussies, dont celle d\u00e9cisive en toute fin de match pour Greenwood (82e). L\u00e0 o\u00f9 il faut, au bon moment.<\/p>\n<p>                                            Rulli et Aguerd en sauveurs<\/p>\n<p class=\"fig-paragraph\">Tous deux en difficult\u00e9 mardi soir en Belgique, les comp\u00e8res se sont rattrap\u00e9s face aux Mon\u00e9gasques. 5 arr\u00eats pour le gardien argentin de l\u2019OM encore dimanche soir, dont un ultime dans les derni\u00e8res secondes face \u00e0 Mika Biereth (90e), bien aid\u00e9 par son co\u00e9quipier et d\u00e9fenseur central, qui a bien suivi pour venir sauver une seconde fois Marseille&#8230; mais le Marocain a livr\u00e9 une nouvelle prestation en demi-teinte, avec des errances d\u00e9fensives plus t\u00f4t dans la partie, le tout ponctu\u00e9 de 12 ballons perdus, et une ribambelle de relances catastrophiques.<\/p>\n<p class=\"fig-body-link\">\n            \u00c0 lire aussi<br \/>\n        <a class=\"fig-body-link__link\" href=\"http:\/\/www.lefigaro.fr\/sports\/football\/ligue-1\/ligue-1-vainqueur-de-monaco-l-om-s-accroche-au-podium-20251214\" data-fig-type=\"NewsFlash\" data-gtm-custom-categorie=\"navigation\" data-gtm-custom-action=\"crossclick\" data-gtm-custom-label=\"Contextuel\" data-gtm-event=\"customEventSPE\" data-fig-domain=\"LEFIGARO\" target=\"_blank\" rel=\"noopener\"><\/p>\n<p>        Ligue 1\u00a0: h\u00e9ro\u00efque, l\u2019OM a le dernier mot face \u00e0 Monaco gr\u00e2ce \u00e0 l\u2019in\u00e9vitable Greenwood<br \/>\n    <\/a>\n<\/p>\n<p class=\"fig-paragraph\"><strong>FLOPS\u00a0<\/strong><\/p>\n<p>                                            L\u2019entame effroyable de l\u2019ASM<\/p>\n<p class=\"fig-paragraph\">25 minutes grotesques. Les Mon\u00e9gasques \u00e9taient tout simplement rest\u00e9s au vestiaire&#8230; ou dans le bus. L\u2019OM a encha\u00een\u00e9 les vagues offensives lors de la premi\u00e8re demi-heure, acculant l\u2019\u00e9quipe de Pocognoli dans ses 30 m\u00e8tres. Par la suite, cette derni\u00e8re est de mieux en mieux ressortie depuis son camp, mais quelle entame affreuse. Un miracle que les joueurs de la Principaut\u00e9 n\u2019aient pas pris de but.<\/p>\n<p>                                            Kondogbia calamiteux<\/p>\n<p class=\"fig-paragraph\">8 ballons perdus, pas le moindre tir au compteur&#8230; et remplac\u00e9 \u00e0 la mi-temps par O\u2019Riley. Amorphe et en dessous de tout, le milieu de terrain de l\u2019OM a sign\u00e9 une de ses pires prestations de la saison. \u00c0 n\u2019en pas douter. Perfor\u00e9 dans tous les sens.<\/p>\n<p>                                            <a class=\"fig-a11y-skip\" href=\"#fig-a11y-skip-main-inarticle_mtf\" data-module=\"a11y-skip\" data-context=\"was @visible\"><br \/>\n    Passer la publicit\u00e9<br \/>\n<\/a>            <\/p>\n<p>                                            Un arbitrage inexplicable<\/p>\n<p class=\"fig-paragraph\">Deux buts refus\u00e9s c\u00f4t\u00e9 mon\u00e9gasque qui auraient, au moins, pu \u00eatre revisionn\u00e9s aupr\u00e8s de la VAR par Monsieur Letexier&#8230; D\u2019autant plus que les hors-jeu de la Principaut\u00e9 \u00e9taient minimes et litigieux. Et que dire de la main de Salisu en seconde p\u00e9riode (71e) &#8211; d\u00e9coll\u00e9e du corps &#8211; , d\u00e9viant une frappe de Greenwood qui partait au but&#8230; Du charabia.<\/p>\n","protected":false},"excerpt":{"rendered":"D\u00c9CRYPTAGE &#8211; D\u00e9couvrez ce qui a plu&#8230; et d\u00e9plu \u00e0 la r\u00e9daction du Figaro apr\u00e8s la victoire de&hellip;\n","protected":false},"author":2,"featured_media":599911,"comment_status":"","ping_status":"","sticky":false,"template":"","format":"standard","meta":{"footnotes":""},"categories":[2814],"tags":[1111,11,2266,1777,674,1011,27,66,884,12,1176,882,25],"class_list":{"0":"post-599910","1":"post","2":"type-post","3":"status-publish","4":"format-standard","5":"has-post-thumbnail","7":"category-marseille","8":"tag-actu","9":"tag-actualites","10":"tag-as-monaco","11":"tag-eu","12":"tag-europe","13":"tag-fr","14":"tag-france","15":"tag-ligue-1","16":"tag-marseille","17":"tag-news","18":"tag-olympique-de-marseille","19":"tag-provence-alpes-cote-dazur","20":"tag-republique-francaise"},"share_on_mastodon":{"url":"https:\/\/pubeurope.com\/@fr\/115721271028827718","error":""},"_links":{"self":[{"href":"https:\/\/www.europesays.com\/fr\/wp-json\/wp\/v2\/posts\/599910","targetHints":{"allow":["GET"]}}],"collection":[{"href":"https:\/\/www.europesays.com\/fr\/wp-json\/wp\/v2\/posts"}],"about":[{"href":"https:\/\/www.europesays.com\/fr\/wp-json\/wp\/v2\/types\/post"}],"author":[{"embeddable":true,"href":"https:\/\/www.europesays.com\/fr\/wp-json\/wp\/v2\/users\/2"}],"replies":[{"embeddable":true,"href":"https:\/\/www.europesays.com\/fr\/wp-json\/wp\/v2\/comments?post=599910"}],"version-history":[{"count":0,"href":"https:\/\/www.europesays.com\/fr\/wp-json\/wp\/v2\/posts\/599910\/revisions"}],"wp:featuredmedia":[{"embeddable":true,"href":"https:\/\/www.europesays.com\/fr\/wp-json\/wp\/v2\/media\/599911"}],"wp:attachment":[{"href":"https:\/\/www.europesays.com\/fr\/wp-json\/wp\/v2\/media?parent=599910"}],"wp:term":[{"taxonomy":"category","embeddable":true,"href":"https:\/\/www.europesays.com\/fr\/wp-json\/wp\/v2\/categories?post=599910"},{"taxonomy":"post_tag","embeddable":true,"href":"https:\/\/www.europesays.com\/fr\/wp-json\/wp\/v2\/tags?post=599910"}],"curies":[{"name":"wp","href":"https:\/\/api.w.org\/{rel}","templated":true}]}}