{"id":599912,"date":"2025-12-15T02:40:24","date_gmt":"2025-12-15T02:40:24","guid":{"rendered":"https:\/\/www.europesays.com\/fr\/599912\/"},"modified":"2025-12-15T02:40:24","modified_gmt":"2025-12-15T02:40:24","slug":"creation-du-groupe-grand-coeur-lyonnais","status":"publish","type":"post","link":"https:\/\/www.europesays.com\/fr\/599912\/","title":{"rendered":"cr\u00e9ation du groupe Grand C\u0153ur lyonnais"},"content":{"rendered":"<p>                            <img loading=\"lazy\" width=\"1200\" height=\"750\" class=\"attachment-article size-article wp-post-image lazyload\" alt=\"\" decoding=\"async\" src=\"https:\/\/www.europesays.com\/fr\/wp-content\/uploads\/2025\/12\/AFP__20230911__DPPI_40623022_114__v1__HighRes__FootballEuro2024QualifyingFranceVRepu-e1761647494883..jpeg\" data-eio-rwidth=\"1200\" data-eio-rheight=\"750\"\/><\/p>\n<p>Jean-Michel Aulas, ancien pr\u00e9sident de l\u2019Olympique Lyonnais et aujourd\u2019hui candidat aux Municipales de 2026 \u00e0 Lyon. (Photo by Matthieu Mirville \/ DPPI via AFP)<\/p>\n<p class=\"content\" style=\"font-size:1.2em;font-weight:700\">Quatre groupes d&rsquo;opposition au sein de la M\u00e9tropole de Lyon ont officialis\u00e9 leur union sous la banni\u00e8re Grand C\u0153ur Lyonnais. Cette nouvelle formation vise \u00e0 proposer une alternative \u00e0 la majorit\u00e9 en place et \u00e0 structurer l&rsquo;opposition autour d&rsquo;un projet commun.<\/p>\n<p>Les opposants politiques \u00e0 la <a href=\"https:\/\/www.lyoncapitale.fr\/actualite\/metropolitaines-2026-bruno-bernard-officiellement-candidat-pour-un-second-mandat\" target=\"_blank\" rel=\"noreferrer noopener\">majorit\u00e9 m\u00e9tropolitaine actuelle de Bruno Bernard<\/a> ont franchi un cap ce week-end en annon\u00e7ant officiellement la cr\u00e9ation du groupe Grand C\u0153ur Lyonnais. Cette nouvelle force politique, qui r\u00e9unit quatre formations politiques allant du centre-gauche \u00e0 la droite r\u00e9publicaine, s&rsquo;inscrit dans la continuit\u00e9 du groupe C\u0153ur lyonnais, fond\u00e9 par Jean-Michel Aulas, candidat aux \u00e9lections municipales. Grand C\u0153ur Lyonnais, qui se pr\u00e9sente comme l&rsquo;unique opposition structur\u00e9e \u00e0 l&rsquo;assembl\u00e9e m\u00e9tropolitaine, revendique 51 membres. Un bloc repr\u00e9sentatif des circonscriptions m\u00e9tropolitaines, selon ses initiateurs.<\/p>\n<p>N\u00e9 \u00e0 la fusion de La M\u00e9tro Positive, Synergies \u00c9lus et Citoyens, Inventer la M\u00e9tropole de Demain et Une M\u00e9tropole pour Tous, le nouveau groupe prolonge une logique de pr\u00e9paration de l&rsquo;\u00e9ch\u00e9ance \u00e9lectorale \u00e0 venir. Les co-pr\u00e9sidents, Pierre Chambon, Gilles Gascon, Marc Grivel et Nicole Sibeud, ont d\u00e9crit cette initiative comme \u00ab\u00a0l\u2019acte fondateur d\u2019une nouvelle volont\u00e9 collective\u00a0\u00bb. Elle vise \u00e0 proposer aux habitants une alternative \u00e0 la majorit\u00e9 m\u00e9tropolitaine et plus conforme \u00e0 leurs attentes, notamment sur des questions budg\u00e9taires, \u00e9conomiques, commerciales et d&rsquo;attractivit\u00e9 du territoire, selon les informations de <a href=\"https:\/\/www.lyonmag.com\/article\/148920\/metropole-de-lyon-quatre-groupes-d-opposition-s-unissent-pour-creer-grand-coeur-lyonnais\" target=\"_blank\" rel=\"noreferrer noopener\">nos confr\u00e8res de Lyon Mag<\/a>. <\/p>\n<p>Aux portes du prochain conseil m\u00e9tropolitain, pr\u00e9vu lundi 15 d\u00e9cembre, la formation se pr\u00e9pare \u00e0 faire entendre sa voix dans l&rsquo;h\u00e9micycle. <\/p>\n","protected":false},"excerpt":{"rendered":"Jean-Michel Aulas, ancien pr\u00e9sident de l\u2019Olympique Lyonnais et aujourd\u2019hui candidat aux Municipales de 2026 \u00e0 Lyon. (Photo by&hellip;\n","protected":false},"author":2,"featured_media":599913,"comment_status":"","ping_status":"","sticky":false,"template":"","format":"standard","meta":{"footnotes":""},"categories":[1889],"tags":[1111,11,2430,1777,674,1011,27,2428,10510,12,25,2429],"class_list":{"0":"post-599912","1":"post","2":"type-post","3":"status-publish","4":"format-standard","5":"has-post-thumbnail","7":"category-lyon","8":"tag-actu","9":"tag-actualites","10":"tag-auvergne-rhone-alpes","11":"tag-eu","12":"tag-europe","13":"tag-fr","14":"tag-france","15":"tag-lyon","16":"tag-metropole-de-lyon","17":"tag-news","18":"tag-republique-francaise","19":"tag-rhone"},"share_on_mastodon":{"url":"https:\/\/pubeurope.com\/@fr\/115721275945743528","error":""},"_links":{"self":[{"href":"https:\/\/www.europesays.com\/fr\/wp-json\/wp\/v2\/posts\/599912","targetHints":{"allow":["GET"]}}],"collection":[{"href":"https:\/\/www.europesays.com\/fr\/wp-json\/wp\/v2\/posts"}],"about":[{"href":"https:\/\/www.europesays.com\/fr\/wp-json\/wp\/v2\/types\/post"}],"author":[{"embeddable":true,"href":"https:\/\/www.europesays.com\/fr\/wp-json\/wp\/v2\/users\/2"}],"replies":[{"embeddable":true,"href":"https:\/\/www.europesays.com\/fr\/wp-json\/wp\/v2\/comments?post=599912"}],"version-history":[{"count":0,"href":"https:\/\/www.europesays.com\/fr\/wp-json\/wp\/v2\/posts\/599912\/revisions"}],"wp:featuredmedia":[{"embeddable":true,"href":"https:\/\/www.europesays.com\/fr\/wp-json\/wp\/v2\/media\/599913"}],"wp:attachment":[{"href":"https:\/\/www.europesays.com\/fr\/wp-json\/wp\/v2\/media?parent=599912"}],"wp:term":[{"taxonomy":"category","embeddable":true,"href":"https:\/\/www.europesays.com\/fr\/wp-json\/wp\/v2\/categories?post=599912"},{"taxonomy":"post_tag","embeddable":true,"href":"https:\/\/www.europesays.com\/fr\/wp-json\/wp\/v2\/tags?post=599912"}],"curies":[{"name":"wp","href":"https:\/\/api.w.org\/{rel}","templated":true}]}}