{"id":599914,"date":"2025-12-15T02:41:16","date_gmt":"2025-12-15T02:41:16","guid":{"rendered":"https:\/\/www.europesays.com\/fr\/599914\/"},"modified":"2025-12-15T02:41:16","modified_gmt":"2025-12-15T02:41:16","slug":"toute-lactualite-de-ce-lundi-15-decembre-2025-a-lyon","status":"publish","type":"post","link":"https:\/\/www.europesays.com\/fr\/599914\/","title":{"rendered":"Toute l&rsquo;actualit\u00e9 de ce lundi 15 d\u00e9cembre 2025 \u00e0 Lyon"},"content":{"rendered":"<p>A la une de l\u2019info \u00e0 Lyon : le dernier Conseil de la M\u00e9tropole du mandat, C\u00e9dric van Styvendael candidat \u00e0 Villeurbanne, Narges Mohammadi arr\u00eat\u00e9e par les autorit\u00e9s iraniennes, Marie-Pierre Vedrenne \u00e0 Mions pour \u00e9voquer la lutte contre le protoxyde d\u2019azote, une collecte de cadeaux de No\u00ebl pour les pensionnaires de la SPA de Lyon, le spectacle son et lumi\u00e8re au palais de la Bourse \u00e0 Lyon. Flow !<\/p>\n<p>ECOUTEZ LE 1\/4H LYONNAIS\u2026 Toute l\u2019actualit\u00e9 de ce lundi 15 d\u00e9cembre 2025<\/p>\n<p>LE 1\/4H LYONNAIS | lundi 15 d\u00e9cembre 2025<\/p>\n<p>Le dernier <strong>Conseil de la M\u00e9tropole<\/strong> avant les \u00e9lections se tient aujourd\u2019hui et demain. Au menu : l\u2019examen du<strong> budget primitif 2026<\/strong>, le <strong>projet Rive Droite<\/strong> du Rh\u00f4ne le <strong>r\u00e9seau de chaleur urbain<\/strong>, l\u2019extension de la <strong>prime \u00e9co-chaleur<\/strong>, de nouvelles aides en mati\u00e8re de <strong>r\u00e9novation \u00e9nerg\u00e9tique<\/strong>,<\/p>\n<p><strong>M\u00e9tropolitaines 2026<\/strong> : cr\u00e9ation du nouveau groupe d\u2019opposition <strong>Grand C\u0153ur lyonnais<\/strong> faisant \u00e9cho \u00e0 la candidature de Jean-Michel Aulas \u00e0 Lyon.<\/p>\n<p><strong>Municipales 2026<\/strong> : <strong>C\u00e9dric van Styvendael<\/strong> candidat \u00e0 Villeurbanne<\/p>\n<p>Notre invit\u00e9 : <strong>C\u00e9dric van Styvendael<\/strong>, candidat aux municipales 2026<\/p>\n<p>La militante iranienne <strong>Narges Mohammadi<\/strong> arr\u00eat\u00e9e par les autorit\u00e9s iraniennes vendredi. Militante pour la cause des droits humains et des droits des femmes, elle avait \u00e9t\u00e9 faite <strong>citoyenne d\u2019honneur de la ville de Lyon<\/strong> en 2022.<\/p>\n<p>Ecoutez aussi : <a href=\"https:\/\/www.lyondemain.fr\/forindustrie-jeu-video-metiers\/\" target=\"_blank\" rel=\"noreferrer noopener\">Forindustrie : un jeu vid\u00e9o pour d\u00e9couvrir l\u2019industrie\u2026<\/a><\/p>\n<p>Egalement dans l\u2019actualit\u00e9 de ce lundi 15 d\u00e9cembre<\/p>\n<p><strong>Marie-Pierre Vedrenne<\/strong> \u00e9tait en visite officielle \u00e0 <strong>Mions<\/strong> vendredi. Pour \u00e9changer avec les \u00e9lus et les acteurs locaux sur \u00ab\u00a0le fl\u00e9au\u00a0\u00bb que repr\u00e9sente le <strong>protoxyde d\u2019azote<\/strong>.<\/p>\n<p>Notre invit\u00e9e : la ministre <strong>Marie-Pierre Vedrenne<\/strong><\/p>\n<p>La <strong><a href=\"https:\/\/www.spa-lyon.org\/\" target=\"_blank\" rel=\"noreferrer noopener\">SPA de Lyon<\/a><\/strong>, dont le refuge est \u00e0 Brignais, lance un appel pour collecter des <strong>cadeaux de No\u00ebl<\/strong> destin\u00e9s aux pensionnaires<\/p>\n<p>Football : l\u2019Olympique Lyonnais s\u2019est impos\u00e9 face au Havre pour le compte de la 16\u1d49 journ\u00e9e de Ligue 1.<\/p>\n<p>OL Lyonnes \u00e9crase Le Havre et s\u2019envole en t\u00eate du championnat<\/p>\n<p>Rugby Challenge Cup : le LOU s\u2019est inclin\u00e9 au Pays de Galles face aux Dragons<\/p>\n<p>Un <strong>spectacle son et lumi\u00e8re<\/strong> au palais de la Bourse \u00e0 Lyon. <strong>Flow<\/strong> ! Un mapping qui se contemple, install\u00e9 sur des poufs positionn\u00e9s au milieu de la salle.<\/p>\n<p>Ecoutez aussi : <a href=\"https:\/\/www.lyondemain.fr\/actualite-de-ce-vendredi-12-decembre-lyon-info-forindustries\/\" target=\"_blank\" rel=\"noreferrer noopener\">Toute l\u2019actualit\u00e9 de ce vendredi 12 d\u00e9cembre 2025 \u00e0 Lyon<\/a><\/p>\n<p><img fetchpriority=\"high\" decoding=\"async\" width=\"1200\" height=\"675\" src=\"https:\/\/www.europesays.com\/fr\/wp-content\/uploads\/2025\/12\/actualite-de-ce-lundi-15-decembre-2025.jpg\" alt=\"actualit\u00e9 de ce lundi 15 d\u00e9cembre  2025 info \u00e0 Lyon\" class=\"wp-image-252777\"  \/>Retrouvez aussi le Quart d\u2019Heure Lyonnais de Lyon Demain sur les antennes de Radio Pluriel (Lyon). Radio Salam (Lyon, Saint-Etienne et Bourg) et Radio Arm\u00e9nie (Lyon et Vienne)<br \/>\nJ\u2019aime \u00e7a\u00a0:<\/p>\n<p>J\u2019aime chargement\u2026<\/p>\n<p><a class=\"sd-link-color\"\/><\/p>\n<p>\n\tArticles similaires\n<\/p>\n<p>\t\t\t\t<img decoding=\"async\" src=\"https:\/\/www.europesays.com\/fr\/wp-content\/uploads\/2025\/12\/1765766476_318_7866158698e17e8ed633c05e8f8e7fe5d9e057ad78661c4dc34e413abb6b9f19\" alt=\"G\u00e9rald Bouchon\"\/><\/p>\n<p>Pionnier des radios libres, passionn\u00e9 de radio, journaliste et dirigeant de m\u00e9dias \u00e9co-responsables..<\/p>\n","protected":false},"excerpt":{"rendered":"A la une de l\u2019info \u00e0 Lyon : le dernier Conseil de la M\u00e9tropole du mandat, C\u00e9dric van&hellip;\n","protected":false},"author":2,"featured_media":599915,"comment_status":"","ping_status":"","sticky":false,"template":"","format":"standard","meta":{"footnotes":""},"categories":[1889],"tags":[1111,11,14941,2430,18352,39574,1052,1777,674,1011,27,45547,69688,12589,2428,71258,71259,10510,71260,21446,71261,12,23183,978,62926,63867,25,53237,71262,3140],"class_list":{"0":"post-599914","1":"post","2":"type-post","3":"status-publish","4":"format-standard","5":"has-post-thumbnail","7":"category-lyon","8":"tag-actu","9":"tag-actualites","10":"tag-aulas","11":"tag-auvergne-rhone-alpes","12":"tag-budget-2026","13":"tag-cedric-van-styvendael","14":"tag-drogue","15":"tag-eu","16":"tag-europe","17":"tag-fr","18":"tag-france","19":"tag-gaz-hilarant","20":"tag-grand-coeur-lyonnais","21":"tag-lou-rugby","22":"tag-lyon","23":"tag-mairie-de-villeurbanne","24":"tag-marie-pierre-vedrenne","25":"tag-metropole-de-lyon","26":"tag-metropolitaines","27":"tag-mions","28":"tag-narges-mohammadi","29":"tag-news","30":"tag-ol-lyonnes","31":"tag-olympique-lyonnais","32":"tag-palais-de-la-bourse","33":"tag-protoxyde-dazote","34":"tag-republique-francaise","35":"tag-son-et-lumiere","36":"tag-spa-de-lyon","37":"tag-spectacle"},"share_on_mastodon":{"url":"https:\/\/pubeurope.com\/@fr\/115721279429997031","error":""},"_links":{"self":[{"href":"https:\/\/www.europesays.com\/fr\/wp-json\/wp\/v2\/posts\/599914","targetHints":{"allow":["GET"]}}],"collection":[{"href":"https:\/\/www.europesays.com\/fr\/wp-json\/wp\/v2\/posts"}],"about":[{"href":"https:\/\/www.europesays.com\/fr\/wp-json\/wp\/v2\/types\/post"}],"author":[{"embeddable":true,"href":"https:\/\/www.europesays.com\/fr\/wp-json\/wp\/v2\/users\/2"}],"replies":[{"embeddable":true,"href":"https:\/\/www.europesays.com\/fr\/wp-json\/wp\/v2\/comments?post=599914"}],"version-history":[{"count":0,"href":"https:\/\/www.europesays.com\/fr\/wp-json\/wp\/v2\/posts\/599914\/revisions"}],"wp:featuredmedia":[{"embeddable":true,"href":"https:\/\/www.europesays.com\/fr\/wp-json\/wp\/v2\/media\/599915"}],"wp:attachment":[{"href":"https:\/\/www.europesays.com\/fr\/wp-json\/wp\/v2\/media?parent=599914"}],"wp:term":[{"taxonomy":"category","embeddable":true,"href":"https:\/\/www.europesays.com\/fr\/wp-json\/wp\/v2\/categories?post=599914"},{"taxonomy":"post_tag","embeddable":true,"href":"https:\/\/www.europesays.com\/fr\/wp-json\/wp\/v2\/tags?post=599914"}],"curies":[{"name":"wp","href":"https:\/\/api.w.org\/{rel}","templated":true}]}}