{"id":599916,"date":"2025-12-15T02:43:39","date_gmt":"2025-12-15T02:43:39","guid":{"rendered":"https:\/\/www.europesays.com\/fr\/599916\/"},"modified":"2025-12-15T02:43:39","modified_gmt":"2025-12-15T02:43:39","slug":"lile-de-france-simpose-progressivement-comme-une-place-forte-du-padel-international","status":"publish","type":"post","link":"https:\/\/www.europesays.com\/fr\/599916\/","title":{"rendered":"L\u2019\u00cele-de-France s\u2019impose progressivement comme une place forte du padel international"},"content":{"rendered":"<p>Il y a encore quelques ann\u00e9es, l\u2019\u00cele-de-France n\u2019\u00e9tait qu\u2019un territoire p\u00e9riph\u00e9rique dans la cartographie du padel mondial. En l\u2019espace de deux saisons, la dynamique a chang\u00e9 de dimension. \u00c0 partir de 2026, <strong>quatre tournois internationaux<\/strong> seront organis\u00e9s en r\u00e9gion parisienne, confirmant une mont\u00e9e en puissance progressive mais d\u00e9sormais bien install\u00e9e.<\/p>\n<p>En 2025, la r\u00e9gion avait d\u00e9j\u00e0 franchi un cap majeur avec <strong>l\u2019Alpine Paris Major<\/strong>, l\u2019un des <strong>quatre tournois les plus importants du monde<\/strong>, accueilli dans l\u2019enceinte de <strong>Roland-Garros<\/strong> et le fameux FIP Promises Paris by WME. En 2026, nouveau cap sera franchi.<\/p>\n<p>Marnes-la-Coquette, nouveau point d\u2019ancrage strat\u00e9gique<\/p>\n<p>\u00c0 seulement <strong>11 kilom\u00e8tres de Roland-Garros<\/strong>, le club <strong>Forest Hill de Marnes-la-Coquette<\/strong> (Hauts-de-Seine) va devenir un site central du circuit FIP en \u00cele-de-France. Deux tournois internationaux y seront organis\u00e9s en 2026, un cas encore peu fr\u00e9quent \u00e0 l\u2019\u00e9chelle europ\u00e9enne.<\/p>\n<p>FIP Bronze Marnes \u2013 18 au 24 mai 2026<\/p>\n<p>Marnes-la-Coquette accueillera pour la premi\u00e8re fois un tournoi international avec un <strong>FIP Bronze<\/strong> programm\u00e9 au printemps.<br \/>Cette \u00e9preuve marquera l\u2019entr\u00e9e officielle de la ville dans le circuit FIP (en dehors du FIP Promises Paris) et constituera <strong>le premier des \u00e9v\u00e9nements internationaux organis\u00e9s en \u00cele-de-France en 2026<\/strong>, hors Paris Major.<\/p>\n<p>Le tournoi se d\u00e9roulera au <strong>Forest Hill<\/strong>, avec l\u2019objectif d\u2019installer un rendez-vous r\u00e9gulier sur le calendrier international.<\/p>\n<p>FIP Silver Marnes \u2013 31 ao\u00fbt au 6 septembre 2026<\/p>\n<p>Quelques mois plus tard, le m\u00eame site accueillera un <strong>FIP Silver<\/strong>, positionn\u00e9 de mani\u00e8re particuli\u00e8rement strat\u00e9gique, <strong>juste avant l\u2019Alpine Paris Major<\/strong>.<br \/>Un doubl\u00e9 rare pour une m\u00eame destination, qui illustre une volont\u00e9 claire de s\u2019inscrire durablement dans le paysage du padel international.<\/p>\n<p>Ce positionnement pourrait attirer un <strong>plateau tr\u00e8s dense<\/strong>, notamment chez les messieurs, avec <strong>plus d\u2019une centaine de paires potentiellement inscrites<\/strong>, au regard de la concentration de joueurs europ\u00e9ens pr\u00e9sents \u00e0 cette p\u00e9riode et de la proximit\u00e9 imm\u00e9diate du Major parisien.<\/p>\n<p>Ce FIP Silver ouvrira ainsi une s\u00e9quence de <strong>deux semaines cons\u00e9cutives de padel international de haut niveau en \u00cele-de-France<\/strong>.<\/p>\n<p>L\u2019Alpine Paris Major, point culminant de la saison francilienne<\/p>\n<p>Concernant <strong>l\u2019Alpine Paris Major 2026<\/strong>, les dates officielles n\u2019ont pas encore \u00e9t\u00e9 formellement confirm\u00e9es. Toutefois, une p\u00e9riode comprise <strong>entre le 7 et le 13 septembre 2026<\/strong> est aujourd\u2019hui largement envisag\u00e9e.<\/p>\n<p>Le directeur du tournoi, <strong>Arnaud Di Pasquale<\/strong>, avait d\u2019ailleurs indiqu\u00e9 que ce positionnement de d\u00e9but septembre avait vocation \u00e0 <strong>s\u2019inscrire dans la dur\u00e9e<\/strong>.<br \/>La programmation du <strong>FIP Silver de Marnes-la-Coquette la semaine pr\u00e9c\u00e9dente<\/strong> vient renforcer cette coh\u00e9rence et permet quasiment d\u2019acter cette fen\u00eatre calendaire.<\/p>\n<p>Le retour du FIP Promises Paris by WME<\/p>\n<p>Autre \u00e9l\u00e9ment structurant du calendrier francilien : le <strong>FIP Promises Paris by WME<\/strong>, tournoi international d\u00e9di\u00e9 aux jeunes, fera \u00e9galement son retour en <strong>2026<\/strong>.<br \/>Sa premi\u00e8re \u00e9dition, organis\u00e9e en 2025, avait marqu\u00e9 les esprits et suscit\u00e9 de nombreux retours positifs, tant par la qualit\u00e9 sportive que par l\u2019exposition offerte aux nouvelles g\u00e9n\u00e9rations.<\/p>\n<p>La <strong>seconde \u00e9dition est pr\u00e9vue au second semestre 2026<\/strong>, de nouveau au <strong>club de L\u00e9signy<\/strong>, confirmant la volont\u00e9 de faire de l\u2019\u00cele-de-France un territoire de r\u00e9f\u00e9rence \u00e9galement pour la formation et le padel de demain.<\/p>\n<p>Une concentration in\u00e9dite sur le second semestre 2026<\/p>\n<p>Avec le <strong>FIP Silver de Marnes-la-Coquette<\/strong>, <strong>l\u2019Alpine Paris Major<\/strong> et le <strong>FIP Promises Paris by WME<\/strong>, l\u2019\u00cele-de-France pourrait ainsi accueillir <strong>trois tournois internationaux lors du seul second semestre 2026<\/strong>.<\/p>\n<p>Une configuration in\u00e9dite en France, qui t\u00e9moigne d\u2019une structuration progressive mais coh\u00e9rente du calendrier, et qui pourrait attirer \u00e0 la fois <strong>les meilleurs joueurs mondiaux<\/strong> et <strong>les espoirs du padel international<\/strong>, sur une p\u00e9riode resserr\u00e9e.<\/p>\n<p>Sans effet d\u2019annonce excessif, l\u2019\u00cele-de-France confirme, \u00e9tape apr\u00e8s \u00e9tape, <strong>son ancrage durable dans l\u2019\u00e9cosyst\u00e8me du padel international<\/strong>, \u00e0 tous les niveaux de la pyramide sportive.<\/p>\n<p><img loading=\"lazy\" decoding=\"async\" data-del=\"avatar\" alt=\"Franck Binisti\" src=\"https:\/\/www.europesays.com\/fr\/wp-content\/uploads\/2025\/07\/Franck-Binisti-Padel-100x100.jpg.webp.webp\" class=\"avatar pp-user-avatar avatar-100 photo \" height=\"100\" width=\"100\"\/><\/p>\n<p>Franck Binisti d\u00e9couvre le padel au Club des Pyramides en 2009 en r\u00e9gion parisienne. Depuis, le padel fait partie de sa vie. Vous le voyez souvent faire le tour de France en allant couvrir les grands \u00e9v\u00e9nements de padel fran\u00e7ais.<\/p>\n<p class=\"related-title\">Sur le m\u00eame sujet<\/p>\n","protected":false},"excerpt":{"rendered":"Il y a encore quelques ann\u00e9es, l\u2019\u00cele-de-France n\u2019\u00e9tait qu\u2019un territoire p\u00e9riph\u00e9rique dans la cartographie du padel mondial. En&hellip;\n","protected":false},"author":2,"featured_media":599917,"comment_status":"","ping_status":"","sticky":false,"template":"","format":"standard","meta":{"footnotes":""},"categories":[1592],"tags":[1111,11,1777,674,71263,46343,71264,1011,27,51950,662,12,626,71265,25],"class_list":{"0":"post-599916","1":"post","2":"type-post","3":"status-publish","4":"format-standard","5":"has-post-thumbnail","7":"category-ile-de-france","8":"tag-actu","9":"tag-actualites","10":"tag-eu","11":"tag-europe","12":"tag-fip-bronze-marnes","13":"tag-fip-promises-paris","14":"tag-fip-silver-marnes","15":"tag-fr","16":"tag-france","17":"tag-greenweez-paris-premier-padel-major","18":"tag-ile-de-france","19":"tag-news","20":"tag-paris","21":"tag-paris-major-2026","22":"tag-republique-francaise"},"share_on_mastodon":{"url":"https:\/\/pubeurope.com\/@fr\/115721287826830591","error":""},"_links":{"self":[{"href":"https:\/\/www.europesays.com\/fr\/wp-json\/wp\/v2\/posts\/599916","targetHints":{"allow":["GET"]}}],"collection":[{"href":"https:\/\/www.europesays.com\/fr\/wp-json\/wp\/v2\/posts"}],"about":[{"href":"https:\/\/www.europesays.com\/fr\/wp-json\/wp\/v2\/types\/post"}],"author":[{"embeddable":true,"href":"https:\/\/www.europesays.com\/fr\/wp-json\/wp\/v2\/users\/2"}],"replies":[{"embeddable":true,"href":"https:\/\/www.europesays.com\/fr\/wp-json\/wp\/v2\/comments?post=599916"}],"version-history":[{"count":0,"href":"https:\/\/www.europesays.com\/fr\/wp-json\/wp\/v2\/posts\/599916\/revisions"}],"wp:featuredmedia":[{"embeddable":true,"href":"https:\/\/www.europesays.com\/fr\/wp-json\/wp\/v2\/media\/599917"}],"wp:attachment":[{"href":"https:\/\/www.europesays.com\/fr\/wp-json\/wp\/v2\/media?parent=599916"}],"wp:term":[{"taxonomy":"category","embeddable":true,"href":"https:\/\/www.europesays.com\/fr\/wp-json\/wp\/v2\/categories?post=599916"},{"taxonomy":"post_tag","embeddable":true,"href":"https:\/\/www.europesays.com\/fr\/wp-json\/wp\/v2\/tags?post=599916"}],"curies":[{"name":"wp","href":"https:\/\/api.w.org\/{rel}","templated":true}]}}