{"id":599926,"date":"2025-12-15T02:49:16","date_gmt":"2025-12-15T02:49:16","guid":{"rendered":"https:\/\/www.europesays.com\/fr\/599926\/"},"modified":"2025-12-15T02:49:16","modified_gmt":"2025-12-15T02:49:16","slug":"a-koupiansk-lukraine-montre-au-monde-entier-quelle-nest-pas-disposee-a-se-rendre","status":"publish","type":"post","link":"https:\/\/www.europesays.com\/fr\/599926\/","title":{"rendered":"\u00c0 Koupiansk, l\u2019Ukraine montre au monde entier \u201cqu\u2019elle n\u2019est pas dispos\u00e9e \u00e0 se rendre\u201d"},"content":{"rendered":"\n<p>\u00c0 maintes reprises, <a class=\"ithalc\" data-ithal=\"lien_externe\" data-ithalc=\"[nav_article]\" target=\"_blank\" href=\"https:\/\/www.pravda.com.ua\/news\/2025\/12\/12\/8011530\/\" rel=\"noopener\">commente le journal en ligne <strong>Oukra\u00efnska Pravda<\/strong><\/a>, \u201cVladimir\u00a0Poutine et son chef d\u2019\u00e9tat-major des arm\u00e9es ont affirm\u00e9 que la Russie tenait Koupiansk et que \u2018quinze bataillons\u2019 ukrainiens y \u00e9taient encercl\u00e9s\u201d.<\/p>\n<p>Effectivement, \u201cles Russes avaient r\u00e9ussi \u00e0 entrer dans Koupiansk [\u2026] et la situation \u00e9tait devenue critique pour la ville et les villages environnants\u201d. Mais depuis, <a class=\"ithalc\" data-ithal=\"lien_externe\" data-ithalc=\"[nav_article]\" target=\"_blank\" href=\"https:\/\/espreso.tv\/karta-boyovikh-diy-karta-boyovykh-diy-viyna-ukrayina-rosiya-13-12-2025\" rel=\"noopener\">rapporte sur son site la cha\u00eene de t\u00e9l\u00e9vision <strong>Espresso<\/strong><\/a>, \u201cles forces ukrainiennes ont nettoy\u00e9 l\u2019ouest, le sud et le nord de la ville, il ne subsiste des enclaves russes que dans la partie centrale\u201d. \u201cDeux cents occupants\u201d seraient encercl\u00e9s dans le centre-ville, \u201cet leur sort va \u00eatre r\u00e9gl\u00e9 dans un temps tr\u00e8s proche\u201d.<\/p>\n<p>Volodymyr\u00a0Zelensky, <a class=\"ithalc\" data-ithal=\"lien_externe\" data-ithalc=\"[nav_article]\" target=\"_blank\" href=\"https:\/\/www.bbc.com\/ukrainian\/articles\/c246641gqlno\" rel=\"noopener\">qui rencontre<\/a> Steve\u00a0Witkoff, l\u2019\u00e9missaire de Donald Trump, \u00e0 Berlin dimanche 14\u00a0d\u00e9cembre, a \u00e9t\u00e9 prompt \u00e0 exploiter la situation, <a class=\"ithalc\" data-ithal=\"lien_externe\" data-ithalc=\"[nav_article]\" target=\"_blank\" href=\"https:\/\/www.pravda.com.ua\/news\/2025\/12\/12\/8011562\/\" rel=\"noopener\">explique Oukra\u00efnska Pravda<\/a>. Ainsi, le 12\u00a0d\u00e9cembre, \u201cil a tourn\u00e9 une vid\u00e9o pr\u00e8s de la st\u00e8le presque d\u00e9truite qui marque l\u2019entr\u00e9e de la ville\u201d.<\/p>\n<p>Il n\u2019a d\u2019ailleurs pas cach\u00e9 que, de son point de vue, les op\u00e9rations de son arm\u00e9e \u00e0 Koupiansk pouvaient avoir des r\u00e9percussions sur les n\u00e9gociations en cours avec les Am\u00e9ricains et les Russes. \u201cAujourd\u2019hui, a-t-il lanc\u00e9, il est tr\u00e8s important d\u2019obtenir des r\u00e9sultats sur le front pour que l\u2019Ukraine <\/p>\n","protected":false},"excerpt":{"rendered":"\u00c0 maintes reprises, commente le journal en ligne Oukra\u00efnska Pravda, \u201cVladimir\u00a0Poutine et son chef d\u2019\u00e9tat-major des arm\u00e9es ont&hellip;\n","protected":false},"author":2,"featured_media":599927,"comment_status":"","ping_status":"","sticky":false,"template":"","format":"standard","meta":{"footnotes":""},"categories":[1591],"tags":[11,3822,674,1887,1892,131,12,1885,1886,132,770,220],"class_list":{"0":"post-599926","1":"post","2":"type-post","3":"status-publish","4":"format-standard","5":"has-post-thumbnail","7":"category-russie","8":"tag-actualites","9":"tag-amu00e9riques","10":"tag-europe","11":"tag-federation-de-russie","12":"tag-gu00e9opolitique","13":"tag-guerre-en-ukraine","14":"tag-news","15":"tag-russia","16":"tag-russian-federation","17":"tag-russie","18":"tag-u00e9tats-unis","19":"tag-ukraine"},"share_on_mastodon":{"url":"https:\/\/pubeurope.com\/@fr\/115721310372675473","error":""},"_links":{"self":[{"href":"https:\/\/www.europesays.com\/fr\/wp-json\/wp\/v2\/posts\/599926","targetHints":{"allow":["GET"]}}],"collection":[{"href":"https:\/\/www.europesays.com\/fr\/wp-json\/wp\/v2\/posts"}],"about":[{"href":"https:\/\/www.europesays.com\/fr\/wp-json\/wp\/v2\/types\/post"}],"author":[{"embeddable":true,"href":"https:\/\/www.europesays.com\/fr\/wp-json\/wp\/v2\/users\/2"}],"replies":[{"embeddable":true,"href":"https:\/\/www.europesays.com\/fr\/wp-json\/wp\/v2\/comments?post=599926"}],"version-history":[{"count":0,"href":"https:\/\/www.europesays.com\/fr\/wp-json\/wp\/v2\/posts\/599926\/revisions"}],"wp:featuredmedia":[{"embeddable":true,"href":"https:\/\/www.europesays.com\/fr\/wp-json\/wp\/v2\/media\/599927"}],"wp:attachment":[{"href":"https:\/\/www.europesays.com\/fr\/wp-json\/wp\/v2\/media?parent=599926"}],"wp:term":[{"taxonomy":"category","embeddable":true,"href":"https:\/\/www.europesays.com\/fr\/wp-json\/wp\/v2\/categories?post=599926"},{"taxonomy":"post_tag","embeddable":true,"href":"https:\/\/www.europesays.com\/fr\/wp-json\/wp\/v2\/tags?post=599926"}],"curies":[{"name":"wp","href":"https:\/\/api.w.org\/{rel}","templated":true}]}}