{"id":599928,"date":"2025-12-15T02:50:16","date_gmt":"2025-12-15T02:50:16","guid":{"rendered":"https:\/\/www.europesays.com\/fr\/599928\/"},"modified":"2025-12-15T02:50:16","modified_gmt":"2025-12-15T02:50:16","slug":"en-direct-guerre-en-ukraine-%e2%88%92-les-pourparlers-a-berlin-entre-volodymyr-zelensky-et-les-emissaires-americains-se-poursuivent","status":"publish","type":"post","link":"https:\/\/www.europesays.com\/fr\/599928\/","title":{"rendered":"En direct, guerre en Ukraine \u2212 Les pourparlers \u00e0 Berlin entre Volodymyr Zelensky et les \u00e9missaires am\u00e9ricains se poursuivent"},"content":{"rendered":"<p>        03:40<\/p>\n<p>      Face \u00e0 la \u00abmenace\u00bb russe, le chef d&rsquo;\u00e9tat-major des arm\u00e9es britannique appelle \u00e0 la \u00abr\u00e9silience\u00bb<\/p>\n<p>              <a tabindex=\"-1\" title=\"Le Temps avec l\u2019AFP\" href=\"https:\/\/www.letemps.ch\/profil\/le-temps-avec-l-afp\" target=\"_blank\" rel=\"noopener\"><\/p>\n<p>                    <img decoding=\"async\" src=\"https:\/\/www.europesays.com\/fr\/wp-content\/uploads\/2025\/12\/small.jpeg\" class=\"lazy\" alt=\"\"\/><\/p>\n<p><\/a>        <\/p>\n<p>Le chef d&rsquo;\u00e9tat-major des arm\u00e9es du Royaume-Uni, Richard Knighton, va appeler lundi \u00e0 la \u00abr\u00e9silience nationale\u00bb face aux \u00abmenaces croissantes\u00bb, \u00e0 commencer par celles de la Russie contre l&rsquo;Otan, selon un communiqu\u00e9 du minist\u00e8re de la D\u00e9fense. Il s&rsquo;exprimera devant la Royal United Services Institute, prestigieux think tank sp\u00e9cialis\u00e9 dans les questions de d\u00e9fense.<\/p>\n<blockquote>\n<p>La situation (actuelle, ndlr) est plus p\u00e9rilleuse que tout ce que j&rsquo;ai pu vivre au cours de ma carri\u00e8re, et y r\u00e9pondre n\u00e9cessite bien plus que de simplement renforcer nos forces arm\u00e9es (&#8230;) Une nouvelle \u00e8re pour la d\u00e9fense ne signifie pas seulement que notre arm\u00e9e et notre gouvernement se mobilisent (&#8230;) mais que toute notre nation se mobilise.<\/p>\n<\/blockquote>\n<p>Des universit\u00e9s aux services de sant\u00e9 publique (NHS) en passant par le r\u00e9seau ferroviaire national : chaque secteur de la vie britannique aura son r\u00f4le \u00e0 jouer, compte-t-il marteler, appelant \u00e0 \u00abconstruire une r\u00e9silience nationale\u00bb. Car, va-t-il assurer, la \u00abguerre en Ukraine montre la volont\u00e9 de Poutine de viser les Etats voisins, y compris leurs populations civiles (&#8230;) ce qui constitue une menace pour l&rsquo;ensemble de l&rsquo;Otan, y compris le Royaume-Uni\u00bb.<\/p>\n","protected":false},"excerpt":{"rendered":"03:40 Face \u00e0 la \u00abmenace\u00bb russe, le chef d&rsquo;\u00e9tat-major des arm\u00e9es britannique appelle \u00e0 la \u00abr\u00e9silience\u00bb Le chef&hellip;\n","protected":false},"author":2,"featured_media":599929,"comment_status":"","ping_status":"","sticky":false,"template":"","format":"standard","meta":{"footnotes":""},"categories":[1590],"tags":[11,1777,674,4438,12,132,220],"class_list":{"0":"post-599928","1":"post","2":"type-post","3":"status-publish","4":"format-standard","5":"has-post-thumbnail","7":"category-ukraine","8":"tag-actualites","9":"tag-eu","10":"tag-europe","11":"tag-free","12":"tag-news","13":"tag-russie","14":"tag-ukraine"},"share_on_mastodon":{"url":"https:\/\/pubeurope.com\/@fr\/115721315210282917","error":""},"_links":{"self":[{"href":"https:\/\/www.europesays.com\/fr\/wp-json\/wp\/v2\/posts\/599928","targetHints":{"allow":["GET"]}}],"collection":[{"href":"https:\/\/www.europesays.com\/fr\/wp-json\/wp\/v2\/posts"}],"about":[{"href":"https:\/\/www.europesays.com\/fr\/wp-json\/wp\/v2\/types\/post"}],"author":[{"embeddable":true,"href":"https:\/\/www.europesays.com\/fr\/wp-json\/wp\/v2\/users\/2"}],"replies":[{"embeddable":true,"href":"https:\/\/www.europesays.com\/fr\/wp-json\/wp\/v2\/comments?post=599928"}],"version-history":[{"count":0,"href":"https:\/\/www.europesays.com\/fr\/wp-json\/wp\/v2\/posts\/599928\/revisions"}],"wp:featuredmedia":[{"embeddable":true,"href":"https:\/\/www.europesays.com\/fr\/wp-json\/wp\/v2\/media\/599929"}],"wp:attachment":[{"href":"https:\/\/www.europesays.com\/fr\/wp-json\/wp\/v2\/media?parent=599928"}],"wp:term":[{"taxonomy":"category","embeddable":true,"href":"https:\/\/www.europesays.com\/fr\/wp-json\/wp\/v2\/categories?post=599928"},{"taxonomy":"post_tag","embeddable":true,"href":"https:\/\/www.europesays.com\/fr\/wp-json\/wp\/v2\/tags?post=599928"}],"curies":[{"name":"wp","href":"https:\/\/api.w.org\/{rel}","templated":true}]}}