{"id":599930,"date":"2025-12-15T02:51:13","date_gmt":"2025-12-15T02:51:13","guid":{"rendered":"https:\/\/www.europesays.com\/fr\/599930\/"},"modified":"2025-12-15T02:51:13","modified_gmt":"2025-12-15T02:51:13","slug":"depart-aux-etats-unis-la-surprise-inattendue-de-didier-deschamps","status":"publish","type":"post","link":"https:\/\/www.europesays.com\/fr\/599930\/","title":{"rendered":"D\u00e9part aux \u00c9tats-Unis : La surprise inattendue de Didier Deschamps ?"},"content":{"rendered":"<p class=\"heading\">Dans quelques mois aura lieu la Coupe du monde et Didier Deschamps commence d\u00e9j\u00e0 \u00e0 plancher sur la liste de l\u2019\u00e9quipe de France. Le s\u00e9lectionneur conna\u00eet bien s\u00fbr la majorit\u00e9 des noms des joueurs qu\u2019il emm\u00e8nera avec lui aux \u00c9tats-Unis, mais il pourrait \u00e9galement se laisser tenter par quelques surprises. Matthieu Udol pourrait d\u2019ailleurs \u00eatre l\u2019une d\u2019entre elles. <\/p>\n<p>Apr\u00e8s 2014, 2018 et 2022, <a href=\"https:\/\/le10sport.com\/football\/equipe-de-france\/deschamps-jappelle-benzema-lannonce-en-direct-768262\" target=\"_blank\" rel=\"noopener\">Didier Deschamps<\/a> disputera en 2026 sa quatri\u00e8me et derni\u00e8re <strong>Coupe du monde<\/strong> en tant que s\u00e9lectionneur de l\u2019\u00e9quipe de <strong>France<\/strong>. Avant de participer \u00e0 la comp\u00e9tition, le technicien de 57 ans devra d\u2019abord constituer sa liste et il pourrait bien y glisser une ou deux surprises. <\/p>\n<p>                                            Matthieu Udol en \u00e9quipe de France ? <\/p>\n<p>Au poste de lat\u00e9ral gauche, l\u2019\u00e9quipe de <strong>France<\/strong> ne dispose pas d\u2019un r\u00e9servoir illimit\u00e9. Ils sont actuellement trois \u00e0 se battre pour une place \u00e0 la <strong>Coupe du monde<\/strong> :<strong> Lucas Digne<\/strong>, <strong>Th\u00e9o Hernandez<\/strong> et<strong> Lucas Hernandez<\/strong>.<strong> Didier Deschamps <\/strong>pourrait \u00e9galement tenter un coup surprise en faisant appel \u00e0 <strong>Matthieu Udol<\/strong>, le joueur du <strong>RC<\/strong> <strong>Lens<\/strong>, qui reste sur cinq passes d\u00e9cisives lors des six derniers matchs. Ce dernier a d\u2019ailleurs \u00e9voqu\u00e9 les Bleus au micro de Ligue 1+. \u00ab\u00a0\u00c7a en parle pas mal en ce moment (de l&rsquo;\u00e9quipe de France) mais je suis concentr\u00e9 sur ce que je fais avec Lens. Il faut continuer comme \u00e7a pour pouvoir penser \u00e0 cet \u00e9t\u00e9 plus tard.\u00a0\u00bb<\/p>\n<p>                                            Le RC Lens est leader de Ligue 1 <\/p>\n<p>La pr\u00e9sence de <strong>Matthieu Udol <\/strong>\u00e0 la <strong>Coupe du monde<\/strong> avec l\u2019\u00e9quipe de <strong>France<\/strong> repr\u00e9sente une grosse cote, mais il y a tout de m\u00eame des raisons d\u2019y croire. Tout d\u2019abord le lat\u00e9ral gauche se montre donc performant avec cinq passes d\u00e9cisives d\u00e9j\u00e0 depuis le d\u00e9but de la saison, mais le <strong>RC Lens<\/strong> aussi montre de tr\u00e8s bonnes choses. L\u2019\u00e9quipe de <strong>Pierre Sage<\/strong> est actuellement premi\u00e8re de <strong>Ligue 1 <\/strong>avec un point d\u2019avance sur le <strong>PSG<\/strong>, ce qui pourrait donc profiter \u00e0 l\u2019ancien joueur du<strong> FC Metz<\/strong>. Affaire \u00e0 suivre\u2026<\/p>\n","protected":false},"excerpt":{"rendered":"Dans quelques mois aura lieu la Coupe du monde et Didier Deschamps commence d\u00e9j\u00e0 \u00e0 plancher sur la&hellip;\n","protected":false},"author":2,"featured_media":599931,"comment_status":"","ping_status":"","sticky":false,"template":"","format":"standard","meta":{"footnotes":""},"categories":[1589],"tags":[11,73,1866,12,1864,1865,1863,308],"class_list":{"0":"post-599930","1":"post","2":"type-post","3":"status-publish","4":"format-standard","5":"has-post-thumbnail","7":"category-etats-unis","8":"tag-actualites","9":"tag-etats-unis","10":"tag-etats-unis-damerique","11":"tag-news","12":"tag-united-states","13":"tag-united-states-of-america","14":"tag-us","15":"tag-usa"},"share_on_mastodon":{"url":"https:\/\/pubeurope.com\/@fr\/115721318229476716","error":""},"_links":{"self":[{"href":"https:\/\/www.europesays.com\/fr\/wp-json\/wp\/v2\/posts\/599930","targetHints":{"allow":["GET"]}}],"collection":[{"href":"https:\/\/www.europesays.com\/fr\/wp-json\/wp\/v2\/posts"}],"about":[{"href":"https:\/\/www.europesays.com\/fr\/wp-json\/wp\/v2\/types\/post"}],"author":[{"embeddable":true,"href":"https:\/\/www.europesays.com\/fr\/wp-json\/wp\/v2\/users\/2"}],"replies":[{"embeddable":true,"href":"https:\/\/www.europesays.com\/fr\/wp-json\/wp\/v2\/comments?post=599930"}],"version-history":[{"count":0,"href":"https:\/\/www.europesays.com\/fr\/wp-json\/wp\/v2\/posts\/599930\/revisions"}],"wp:featuredmedia":[{"embeddable":true,"href":"https:\/\/www.europesays.com\/fr\/wp-json\/wp\/v2\/media\/599931"}],"wp:attachment":[{"href":"https:\/\/www.europesays.com\/fr\/wp-json\/wp\/v2\/media?parent=599930"}],"wp:term":[{"taxonomy":"category","embeddable":true,"href":"https:\/\/www.europesays.com\/fr\/wp-json\/wp\/v2\/categories?post=599930"},{"taxonomy":"post_tag","embeddable":true,"href":"https:\/\/www.europesays.com\/fr\/wp-json\/wp\/v2\/tags?post=599930"}],"curies":[{"name":"wp","href":"https:\/\/api.w.org\/{rel}","templated":true}]}}