{"id":599932,"date":"2025-12-15T02:52:21","date_gmt":"2025-12-15T02:52:21","guid":{"rendered":"https:\/\/www.europesays.com\/fr\/599932\/"},"modified":"2025-12-15T02:52:21","modified_gmt":"2025-12-15T02:52:21","slug":"royaume-uni-apres-une-pause-de-quatre-semaines-plus-de-700-migrants-ont-traverse-la-manche-en-une-journee","status":"publish","type":"post","link":"https:\/\/www.europesays.com\/fr\/599932\/","title":{"rendered":"Royaume-Uni : Apr\u00e8s une pause de quatre semaines, plus de 700 migrants ont travers\u00e9 la Manche en une journ\u00e9e"},"content":{"rendered":"<p class=\"mb-4 text-lg md:leading-8 break-words\">Un samedi qui met fin \u00e0 <a data-i13n=\"cpos:1;pos:1\" href=\"https:\/\/www.20minutes.fr\/monde\/4191316-20251213-royaume-uni-plus-longue-periode-arrivees-migrants-manche-depuis-2018?at_medium=RSS%20feed&amp;at_campaign=ynews&amp;utm_source=yahoo&amp;utm_medium=rss&amp;utm_campaign=news_feed&amp;utm_content=in_article_link\" rel=\"nofollow noopener\" target=\"_blank\" data-ylk=\"slk:une accalmie de 28 jours;cpos:1;pos:1;elm:context_link;itc:0;sec:content-canvas\" class=\"link \">une accalmie de 28 jours<\/a>, la plus longue depuis sept ans. Plus de <a data-i13n=\"cpos:2;pos:1\" href=\"https:\/\/www.20minutes.fr\/monde\/4186777-20251120-migrants-idee-utiliser-filets-entraver-bateaux-eaux-francaises-inquiete?at_medium=RSS%20feed&amp;at_campaign=ynews&amp;utm_source=yahoo&amp;utm_medium=rss&amp;utm_campaign=news_feed&amp;utm_content=in_article_link\" rel=\"nofollow noopener\" target=\"_blank\" data-ylk=\"slk:700 migrants;cpos:2;pos:1;elm:context_link;itc:0;sec:content-canvas\" class=\"link \">700 migrants<\/a> ont travers\u00e9 <a data-i13n=\"cpos:3;pos:1\" href=\"https:\/\/www.20minutes.fr\/societe\/4180154-20251018-migrants-pres-200-personnes-tentaient-rejoindre-angleterre-secourues-vingt-quatre-heures?at_medium=RSS%20feed&amp;at_campaign=ynews&amp;utm_source=yahoo&amp;utm_medium=rss&amp;utm_campaign=news_feed&amp;utm_content=in_article_link\" rel=\"nofollow noopener\" target=\"_blank\" data-ylk=\"slk:la Manche;cpos:3;pos:1;elm:context_link;itc:0;sec:content-canvas\" class=\"link \">la Manche<\/a> sur de petites embarcations pour rejoindre <a data-i13n=\"cpos:4;pos:1\" href=\"https:\/\/www.20minutes.fr\/societe\/4191219-20251212-plus-sandwich-jambon-beurre-fromage-eurostar-consequence-improbable-mesure-sanitaire?at_medium=RSS%20feed&amp;at_campaign=ynews&amp;utm_source=yahoo&amp;utm_medium=rss&amp;utm_campaign=news_feed&amp;utm_content=in_article_link\" rel=\"nofollow noopener\" target=\"_blank\" data-ylk=\"slk:les c\u00f4tes anglaises;cpos:4;pos:1;elm:context_link;itc:0;sec:content-canvas\" class=\"link \">les c\u00f4tes anglaises<\/a>, selon des chiffres officiels publi\u00e9s dimanche.<\/p>\n<p class=\"mb-4 text-lg md:leading-8 break-words\">Ces 737 arriv\u00e9es, plus pr\u00e9cis\u00e9ment, via 11 bateaux, portent \u00e0 40.029 le nombre de migrants qui ont atteint les c\u00f4tes anglaises cette ann\u00e9e, un chiffre qui d\u00e9passe celui de l\u2019ann\u00e9e 2024 (36.816). Mais, ces chiffres restent, pour l\u2019instant, en de\u00e7\u00e0 de ceux enregistr\u00e9s en 2022 (45.774 arriv\u00e9es), ann\u00e9e record depuis le d\u00e9but du ph\u00e9nom\u00e8ne en 2018.<\/p>\n<p>Travers\u00e9e des migrants : un accord entre Londres et Paris toujours en cours<\/p>\n<p class=\"mb-4 text-lg md:leading-8 break-words\">Avant samedi, les derni\u00e8res travers\u00e9es remontaient au 14 novembre, selon le Home Office, marquant ainsi la plus longue p\u00e9riode ininterrompue sans arriv\u00e9es depuis l\u2019automne 2018. Selon plusieurs observateurs, cette pause \u00e9tait le r\u00e9sultat de mauvaises conditions m\u00e9t\u00e9orologiques.<\/p>\n<p class=\"mb-4 text-lg md:leading-8 break-words\">Le gouvernement travailliste de Keir Starmer a fait de la lutte contre l\u2019immigration irr\u00e9guli\u00e8re une de ses priorit\u00e9s, sous la pression notamment de la mont\u00e9e du parti d\u2019extr\u00eame droite Reform UK.<\/p>\n<p class=\"mb-4 text-lg md:leading-8 break-words\">Pour ce faire, Londres a conclu cet \u00e9t\u00e9 un accord avec Paris qui consiste \u00e0 renvoyer en France des migrants arriv\u00e9s au Royaume-Uni \u00e0 bord d\u2019embarcations pr\u00e9caires. En \u00e9change de l\u2019accueil par le Royaume-Uni de migrants se trouvant en France, sur le principe du \u00ab un pour un \u00bb.<\/p>\n<p class=\"mb-4 text-lg md:leading-8 break-words\"><a data-i13n=\"cpos:5;pos:1\" href=\"https:\/\/www.20minutes.fr\/monde\/royaume-uni\/4191375-20251214-royaume-uni-apres-pause-quatre-semaines-plus-700-migrants-traverse-manche-journee?at_medium=RSS%20feed&amp;at_campaign=ynews&amp;utm_source=yahoo&amp;utm_medium=rss&amp;utm_campaign=news_feed&amp;utm_content=read_more_link%22\" rel=\"nofollow noopener\" target=\"_blank\" data-ylk=\"slk:Lire la suite sur 20minutes;cpos:5;pos:1;elm:context_link;itc:0;sec:content-canvas\" class=\"link \">Lire la suite sur 20minutes<\/a><\/p>\n<p>\u00c0 lire aussi :<br \/><a data-i13n=\"cpos:6;pos:1\" href=\"https:\/\/www.20minutes.fr\/monde\/4191316-20251213-royaume-uni-plus-longue-periode-arrivees-migrants-manche-depuis-2018?at_medium=RSS%20feed&amp;at_campaign=ynews&amp;utm_source=yahoo&amp;utm_medium=rss&amp;utm_campaign=news_feed&amp;utm_content=related_content_link\" rel=\"nofollow noopener\" target=\"_blank\" data-ylk=\"slk:Le Royaume-Uni vient de conna\u00eetre la plus longue p\u00e9riode sans arriv\u00e9es de migrants par la Manche depuis 2018;cpos:6;pos:1;elm:context_link;itc:0;sec:content-canvas\" class=\"link \">Le Royaume-Uni vient de conna\u00eetre la plus longue p\u00e9riode sans arriv\u00e9es de migrants par la Manche depuis 2018<\/a><br \/><a data-i13n=\"cpos:7;pos:1\" href=\"https:\/\/www.20minutes.fr\/justice\/4186515-20251119-huit-passeurs-aveugles-volonte-enrichissement-condamnes-apres-mort-sept-migrants-manche?at_medium=RSS%20feed&amp;at_campaign=ynews&amp;utm_source=yahoo&amp;utm_medium=rss&amp;utm_campaign=news_feed&amp;utm_content=related_content_link\" rel=\"nofollow noopener\" target=\"_blank\" data-ylk=\"slk:Huit passeurs \u00ab aveugl\u00e9s par leur volont\u00e9 d\u2019enrichissement \u00bb condamn\u00e9s apr\u00e8s la mort de sept migrants dans la Manche;cpos:7;pos:1;elm:context_link;itc:0;sec:content-canvas\" class=\"link \">Huit passeurs \u00ab aveugl\u00e9s par leur volont\u00e9 d\u2019enrichissement \u00bb condamn\u00e9s apr\u00e8s la mort de sept migrants dans la Manche<\/a><\/p>\n","protected":false},"excerpt":{"rendered":"Un samedi qui met fin \u00e0 une accalmie de 28 jours, la plus longue depuis sept ans. Plus&hellip;\n","protected":false},"author":2,"featured_media":599933,"comment_status":"","ping_status":"","sticky":false,"template":"","format":"standard","meta":{"footnotes":""},"categories":[1588],"tags":[11,71266,1777,674,37424,1251,12,473,1853,1851,1850,1852],"class_list":{"0":"post-599932","1":"post","2":"type-post","3":"status-publish","4":"format-standard","5":"has-post-thumbnail","7":"category-royaume-uni","8":"tag-actualites","9":"tag-cotes-anglaises","10":"tag-eu","11":"tag-europe","12":"tag-la-manche","13":"tag-migrants","14":"tag-news","15":"tag-royaume-uni","16":"tag-royaume-uni-de-grande-bretagne-et-dirlande-du-nord","17":"tag-uk","18":"tag-united-kingdom","19":"tag-united-kingdom-of-great-britain-and-northern-ireland"},"share_on_mastodon":{"url":"https:\/\/pubeurope.com\/@fr\/115721322098768576","error":""},"_links":{"self":[{"href":"https:\/\/www.europesays.com\/fr\/wp-json\/wp\/v2\/posts\/599932","targetHints":{"allow":["GET"]}}],"collection":[{"href":"https:\/\/www.europesays.com\/fr\/wp-json\/wp\/v2\/posts"}],"about":[{"href":"https:\/\/www.europesays.com\/fr\/wp-json\/wp\/v2\/types\/post"}],"author":[{"embeddable":true,"href":"https:\/\/www.europesays.com\/fr\/wp-json\/wp\/v2\/users\/2"}],"replies":[{"embeddable":true,"href":"https:\/\/www.europesays.com\/fr\/wp-json\/wp\/v2\/comments?post=599932"}],"version-history":[{"count":0,"href":"https:\/\/www.europesays.com\/fr\/wp-json\/wp\/v2\/posts\/599932\/revisions"}],"wp:featuredmedia":[{"embeddable":true,"href":"https:\/\/www.europesays.com\/fr\/wp-json\/wp\/v2\/media\/599933"}],"wp:attachment":[{"href":"https:\/\/www.europesays.com\/fr\/wp-json\/wp\/v2\/media?parent=599932"}],"wp:term":[{"taxonomy":"category","embeddable":true,"href":"https:\/\/www.europesays.com\/fr\/wp-json\/wp\/v2\/categories?post=599932"},{"taxonomy":"post_tag","embeddable":true,"href":"https:\/\/www.europesays.com\/fr\/wp-json\/wp\/v2\/tags?post=599932"}],"curies":[{"name":"wp","href":"https:\/\/api.w.org\/{rel}","templated":true}]}}