{"id":599934,"date":"2025-12-15T02:53:16","date_gmt":"2025-12-15T02:53:16","guid":{"rendered":"https:\/\/www.europesays.com\/fr\/599934\/"},"modified":"2025-12-15T02:53:16","modified_gmt":"2025-12-15T02:53:16","slug":"le-triomphe-absolu-de-la-norvege-sacree-pour-la-cinquieme-fois-apres-sa-victoire-sur-lallemagne","status":"publish","type":"post","link":"https:\/\/www.europesays.com\/fr\/599934\/","title":{"rendered":"le triomphe absolu de la Norv\u00e8ge, sacr\u00e9e pour la cinqui\u00e8me fois apr\u00e8s sa victoire sur l&rsquo;Allemagne"},"content":{"rendered":"<p>3<\/p>\n<p>La Norv\u00e8ge d\u00e9tient d\u00e9sormais les trois titres majeurs, le Mondial 2025 s&rsquo;ajoutant aux JO et \u00e0 l&rsquo;Euro conquis en 2024. Une domination absolue qu&rsquo;elle exer\u00e7ait d\u00e9j\u00e0 en 2011-2012 (JO 2008, Euro 2010, Mondial 2011, JO 2012) et en 2015-2016 (JO 2012, Euro 2014, Mondial 2015, Euro 2016). La seule autre nation \u00e0 y \u00eatre parvenue est le Danemark, apr\u00e8s les JO et l&rsquo;Euro 1996 puis le Mondial 1997.<\/p>\n","protected":false},"excerpt":{"rendered":"3 La Norv\u00e8ge d\u00e9tient d\u00e9sormais les trois titres majeurs, le Mondial 2025 s&rsquo;ajoutant aux JO et \u00e0 l&rsquo;Euro&hellip;\n","protected":false},"author":2,"featured_media":599935,"comment_status":"","ping_status":"","sticky":false,"template":"","format":"standard","meta":{"footnotes":""},"categories":[1587],"tags":[11,672,1804,1805,1803,1777,674,1801,12,1802],"class_list":{"0":"post-599934","1":"post","2":"type-post","3":"status-publish","4":"format-standard","5":"has-post-thumbnail","7":"category-allemagne","8":"tag-actualites","9":"tag-allemagne","10":"tag-bundesrepublik-deutschland","11":"tag-de","12":"tag-deutschland","13":"tag-eu","14":"tag-europe","15":"tag-germany","16":"tag-news","17":"tag-republique-federale-dallemagne"},"share_on_mastodon":{"url":"https:\/\/pubeurope.com\/@fr\/115721326144997442","error":""},"_links":{"self":[{"href":"https:\/\/www.europesays.com\/fr\/wp-json\/wp\/v2\/posts\/599934","targetHints":{"allow":["GET"]}}],"collection":[{"href":"https:\/\/www.europesays.com\/fr\/wp-json\/wp\/v2\/posts"}],"about":[{"href":"https:\/\/www.europesays.com\/fr\/wp-json\/wp\/v2\/types\/post"}],"author":[{"embeddable":true,"href":"https:\/\/www.europesays.com\/fr\/wp-json\/wp\/v2\/users\/2"}],"replies":[{"embeddable":true,"href":"https:\/\/www.europesays.com\/fr\/wp-json\/wp\/v2\/comments?post=599934"}],"version-history":[{"count":0,"href":"https:\/\/www.europesays.com\/fr\/wp-json\/wp\/v2\/posts\/599934\/revisions"}],"wp:featuredmedia":[{"embeddable":true,"href":"https:\/\/www.europesays.com\/fr\/wp-json\/wp\/v2\/media\/599935"}],"wp:attachment":[{"href":"https:\/\/www.europesays.com\/fr\/wp-json\/wp\/v2\/media?parent=599934"}],"wp:term":[{"taxonomy":"category","embeddable":true,"href":"https:\/\/www.europesays.com\/fr\/wp-json\/wp\/v2\/categories?post=599934"},{"taxonomy":"post_tag","embeddable":true,"href":"https:\/\/www.europesays.com\/fr\/wp-json\/wp\/v2\/tags?post=599934"}],"curies":[{"name":"wp","href":"https:\/\/api.w.org\/{rel}","templated":true}]}}