{"id":599938,"date":"2025-12-15T02:55:23","date_gmt":"2025-12-15T02:55:23","guid":{"rendered":"https:\/\/www.europesays.com\/fr\/599938\/"},"modified":"2025-12-15T02:55:23","modified_gmt":"2025-12-15T02:55:23","slug":"ce-traite-nest-pas-acceptable-la-france-durcit-sa-position-sur-laccord-ue-mercosur","status":"publish","type":"post","link":"https:\/\/www.europesays.com\/fr\/599938\/","title":{"rendered":"\u00abCe trait\u00e9 n\u2019est pas acceptable\u00bb : la France durcit sa position sur l\u2019accord UE-Mercosur"},"content":{"rendered":"<p>Sur <a href=\"https:\/\/www.capital.fr\/entreprises-marches\/mercosur-la-bataille-nest-pas-perdue-assure-sophie-primas-face-a-la-pression-de-lue-1517896\" target=\"_blank\" rel=\"noopener\">le trait\u00e9 UE-Mercosur,<\/a> le gouvernement fran\u00e7ais se place sur une ligne ferme. Le ministre Roland Lescure, dans un entretien accord\u00e9 aux <a href=\"https:\/\/www.lesechos.fr\/monde\/europe\/nous-attendons-de-voir-si-nos-conditions-a-laccord-mercosur-sont-remplies-2204692\" target=\"_blank\" rel=\"noopener\">\u00c9chos,<\/a> le dit clairement\u00a0: en l\u2019\u00e9tat, \u00abce trait\u00e9 n\u2019est pas acceptable\u00bb. Raison pour laquelle la France demande <strong>de repousser toute d\u00e9cision <\/strong>sur <a href=\"https:\/\/www.capital.fr\/economie-politique\/accord-de-libre-echange-tout-comprendre-en-120-secondes-1507534\" target=\"_blank\" rel=\"noopener\">cet accord de libre-\u00e9change<\/a>, alors que la Commission europ\u00e9enne se pr\u00e9parait \u00e0 une autorisation de signature d\u00e8s d\u00e9cembre.<\/p>\n<p>Pour le ministre de l\u2019\u00c9conomie,<strong> l\u2019accord ne pr\u00e9sente pour le moment pas de garanties suffisantes <\/strong>pour le pays. Selon lui, si l\u2019UE est ouverte au libre-\u00e9change, on assiste en ce moment<strong> \u00e0 \u00ab<\/strong><strong>un effet boomerang<\/strong><strong>\u00bb sur ces questions.<\/strong> Il faut donc que ces accords soient \u00e9quilibr\u00e9s pour chaque parti, et que ces partis respectent les r\u00e8gles. Ce qui, pour le ministre, <strong>n\u2019est pas le cas aujourd\u2019hui.<\/strong> \u00abL\u2019Europe reste ouverte mais elle doit aussi savoir se prot\u00e9ger des pratiques d\u00e9loyales quand c\u2019est n\u00e9cessaire\u00bb. L\u2019objectif premier pour la France serait donc<strong> d\u2019avancer \u00ab<\/strong><strong>avec des alli\u00e9s sur des partenariats gagnant-gagnant<\/strong><strong>\u00bb.<\/strong><\/p>\n<p>Trois conditions pos\u00e9es par le gouvernement fran\u00e7ais<\/p>\n<p>Avant d\u2019arriver \u00e0 une signature, la France a pos\u00e9<strong> trois exigences claires pour y parvenir<\/strong>. Le gouvernement demande d\u2019abord <strong>\u00ab<\/strong><strong>des clauses de sauvegarde solides et op\u00e9rationnelles<\/strong><strong>\u00bb<\/strong>, un point sur lequel le Parlement europ\u00e9en devrait se prononcer mardi 16\u00a0d\u00e9cembre. Il demande aussi <strong>des \u00ab<\/strong><strong>mesures miroirs<\/strong><strong>\u00bb, <\/strong>pour imposer aux produits import\u00e9s les m\u00eames normes que celles appliqu\u00e9es aux productions europ\u00e9ennes, afin de rendre \u00e9quitable cette concurrence. Roland Lescure demande enfin <strong>des contr\u00f4les renforc\u00e9s sur les importations<\/strong>. Trois exigences qui, pour l\u2019heure, ne sont donc pas remplies.<\/p>\n<p>Pour lui, l\u2019UE <strong>doit apprendre \u00e0 r\u00e9pondre aux pratiques commerciales d\u00e9loyales,<\/strong> et se concentrer sur le fait d\u2019avancer avec des partenaires qui partagent des int\u00e9r\u00eats communs. Et la strat\u00e9gie r\u00e9cente d\u00e9montr\u00e9e par les \u00c9tats-Unis, notamment <a href=\"https:\/\/www.capital.fr\/economie-politique\/droits-de-douane-tout-comprendre-a-l-accord-commercial-entre-les-etats-unis-et-lunion-europeenne-1516658\" target=\"_blank\" rel=\"noopener\">sur les droits de douane,<\/a> d\u00e9montre pour le ministre que l\u2019Europe doit de toute urgence<strong> renforcer son autonomie strat\u00e9gique.<\/strong><\/p>\n","protected":false},"excerpt":{"rendered":"Sur le trait\u00e9 UE-Mercosur, le gouvernement fran\u00e7ais se place sur une ligne ferme. Le ministre Roland Lescure, dans&hellip;\n","protected":false},"author":2,"featured_media":599939,"comment_status":"","ping_status":"","sticky":false,"template":"","format":"standard","meta":{"footnotes":""},"categories":[1586],"tags":[743,11,215,312,1777,674,1779,1011,27,21426,12,25,1778,364,2475],"class_list":{"0":"post-599938","1":"post","2":"type-post","3":"status-publish","4":"format-standard","5":"has-post-thumbnail","7":"category-europe","8":"tag-accord","9":"tag-actualites","10":"tag-commerce","11":"tag-diplomatie","12":"tag-eu","13":"tag-europe","14":"tag-european-union","15":"tag-fr","16":"tag-france","17":"tag-mercosur","18":"tag-news","19":"tag-republique-francaise","20":"tag-ue","21":"tag-union-europeenne","22":"tag-union-europu00e9enne"},"share_on_mastodon":{"url":"https:\/\/pubeurope.com\/@fr\/115721333934282872","error":""},"_links":{"self":[{"href":"https:\/\/www.europesays.com\/fr\/wp-json\/wp\/v2\/posts\/599938","targetHints":{"allow":["GET"]}}],"collection":[{"href":"https:\/\/www.europesays.com\/fr\/wp-json\/wp\/v2\/posts"}],"about":[{"href":"https:\/\/www.europesays.com\/fr\/wp-json\/wp\/v2\/types\/post"}],"author":[{"embeddable":true,"href":"https:\/\/www.europesays.com\/fr\/wp-json\/wp\/v2\/users\/2"}],"replies":[{"embeddable":true,"href":"https:\/\/www.europesays.com\/fr\/wp-json\/wp\/v2\/comments?post=599938"}],"version-history":[{"count":0,"href":"https:\/\/www.europesays.com\/fr\/wp-json\/wp\/v2\/posts\/599938\/revisions"}],"wp:featuredmedia":[{"embeddable":true,"href":"https:\/\/www.europesays.com\/fr\/wp-json\/wp\/v2\/media\/599939"}],"wp:attachment":[{"href":"https:\/\/www.europesays.com\/fr\/wp-json\/wp\/v2\/media?parent=599938"}],"wp:term":[{"taxonomy":"category","embeddable":true,"href":"https:\/\/www.europesays.com\/fr\/wp-json\/wp\/v2\/categories?post=599938"},{"taxonomy":"post_tag","embeddable":true,"href":"https:\/\/www.europesays.com\/fr\/wp-json\/wp\/v2\/tags?post=599938"}],"curies":[{"name":"wp","href":"https:\/\/api.w.org\/{rel}","templated":true}]}}