{"id":599943,"date":"2025-12-15T02:58:39","date_gmt":"2025-12-15T02:58:39","guid":{"rendered":"https:\/\/www.europesays.com\/fr\/599943\/"},"modified":"2025-12-15T02:58:39","modified_gmt":"2025-12-15T02:58:39","slug":"blocages-operations-escargots-les-images-des-mobilisations-en-france-ce-week-end","status":"publish","type":"post","link":"https:\/\/www.europesays.com\/fr\/599943\/","title":{"rendered":"blocages, op\u00e9rations escargots\u2026 Les images des mobilisations en France ce week-end"},"content":{"rendered":"<p>                    Par<br \/>\n        <strong><br \/>\n            <a href=\"https:\/\/actu.fr\/auteur\/maxime-ponsot\" title=\"Consulter tous les articles de Maxime Ponsot\" target=\"_blank\" rel=\"noopener\">Maxime Ponsot<\/a><br \/>\n                    <\/strong><\/p>\n<p>        Publi\u00e9 le<\/p>\n<p>            14 d\u00e9c. 2025 \u00e0 20h52<br \/>\n        ; mis \u00e0 jour le 14 d\u00e9c. 2025 \u00e0 21h10    <\/p>\n<p><a href=\"https:\/\/actu.fr\/nouvelle-aquitaine\/bordeaux_33063\/pour-etre-ecoutes-on-va-faire-sauter-des-ponts-la-coordination-rurale-de-gironde-n-a-plus-rien-a-perdre_63567300.html\" target=\"_blank\" rel=\"noopener\">Routes bloqu\u00e9es, barrages,<\/a> d\u00e9versement de lisier, manifestations dans tout le Sud-Ouest\u2026 Des \u00e9leveurs de bovins ont multipli\u00e9 les actions pour faire monter la pression ce week-end, avant la venue \u00e0 Toulouse de <a href=\"https:\/\/actu.fr\/economie\/dermatose-nodulaire-c-est-quoi-ce-parlement-de-l-elevage-que-reunit-la-ministre-de-l-agriculture-mardi_63547434.html\" target=\"_blank\" rel=\"noopener\">la ministre de l\u2019Agriculture, dont ils contestent la gestion de la dermatose nodulaire contagieuse<\/a> (DNC), pr\u00e9vue lundi.<\/p>\n<p class=\" wall-content\">En fin d\u2019apr\u00e8s-midi ce dimanche 14\u00a0d\u00e9cembre 2025, 27 actions \u00e9taient recens\u00e9es, rassemblant un peu plus de 1\u2009000 agriculteurs, d\u2019apr\u00e8s le minist\u00e8re de l\u2019Int\u00e9rieur.<\/p>\n<p class=\" wall-content\">\u00ab\u2009Il y a des nouveaux blocages en cours [\u2026] \u00e7a continue et \u00e7a se d\u00e9veloppe\u2009\u00bb, a d\u00e9clar\u00e9 \u00e0 l\u2019AFP Bertrand Venteau, pr\u00e9sident de la Coordination rurale, tr\u00e8s remont\u00e9e, comme la Conf\u00e9d\u00e9ration paysanne, contre l\u2019abattage g\u00e9n\u00e9ralis\u00e9 des b\u00eates des foyers affect\u00e9s et pour exiger une large vaccination du cheptel fran\u00e7ais de 16\u00a0millions de bovins contre cette maladie non transmissible \u00e0 l\u2019homme.<\/p>\n<p>Contexte explosif :<\/p>\n<p>Outre la gestion sanitaire de la crise actuelle, d&rsquo;autres dossiers br\u00fblants comme les accords commerciaux du Mercosur et la baisse annonc\u00e9e du budget de la Politique agricole commune (PAC) europ\u00e9enne alimentent la col\u00e8re des agriculteurs.<\/p>\n<p>Des sapins sur l\u2019A64 bloqu\u00e9e<\/p>\n<p class=\" wall-content\">Sur l\u2019A64, bloqu\u00e9e depuis vendredi soir par des dizaines de tracteurs sur plus d\u2019une centaine de kilom\u00e8tres du Pays basque \u00e0 l\u2019est de Tarbes, des agriculteurs ont install\u00e9 des sapins de No\u00ebl. Signe de leur volont\u00e9 de durer.<\/p>\n<p>    <img   decoding=\"async\" loading=\"lazy\" src=\"https:\/\/www.europesays.com\/fr\/wp-content\/uploads\/2025\/12\/600146955-1325711359596228-7139696574404553655-n-960x640.jpg\" alt=\"Les agriculteurs bloquent toujours l'A64 ce dimanche 14 d\u00e9cembre 2025.\" width=\"960\" height=\"640\"\/><br \/>\n    Les agriculteurs bloquaient toujours l\u2019A64 ce dimanche. (\u00a9 Christophe Bex d\u00e9put\u00e9 Haute-Garonne)<\/p>\n<p class=\" wall-content\">Ils ont manifest\u00e9 aux entr\u00e9es de l\u2019autoroute, coup\u00e9e \u00e0 la circulation \u00e0 certains niveaux ce dimanche. Et \u00ab\u2009la situation va se tendre si le pr\u00e9fet d\u00e9cide de faire \u00e9vacuer\u2009\u00bb, a indiqu\u00e9 ce matin un porte-parole et \u00e9leveur de brebis de la CR64 \u00e0 <a href=\"https:\/\/actu.fr\/pays-basque\/\" target=\"_blank\" rel=\"noopener\">notre r\u00e9daction locale d\u2019actu Pays Basque<\/a>. Samedi d\u00e9j\u00e0, <a href=\"https:\/\/actu.fr\/nouvelle-aquitaine\/briscous_64147\/on-ne-lachera-pas-l-a64-et-l-a65-totalement-bloquees-par-les-agriculteurs-des-pyrenees-atlantiques_63573262.html\" target=\"_blank\" rel=\"noopener\">l\u2019autoroute A65 \u00e9tait bloqu\u00e9e<\/a>.<\/p>\n<p>Votre r\u00e9gion, votre actu !<\/p>\n<p>Recevez chaque jour les infos qui comptent pour vous.<\/p>\n<p>\t<a href=\"https:\/\/actu.fr\/newsletter\" class=\"ac-btn ac-btn--corner ac-btn--medium ac-btn--blue800\" target=\"_blank\" rel=\"noopener\">S&rsquo;incrire<\/a><\/p>\n<p>Plus de d\u00e9tails dans cet article\u2009:<\/p>\n<p>    <img   decoding=\"async\" loading=\"lazy\" src=\"https:\/\/www.europesays.com\/fr\/wp-content\/uploads\/2025\/12\/agri-sapin-960x640.jpeg\" alt=\"Des manifestants d\u00e9corent un arbre de No\u00ebl alors qu\u2019ils bloquent l\u2019autoroute A64 entre Bayonne et Pau ce dimanche.\" width=\"960\" height=\"640\"\/><br \/>\n    Des manifestants d\u00e9corent un arbre de No\u00ebl sur l\u2019autoroute A64 entre Bayonne et Pau ce dimanche. (\u00a9 Gaizka Iroz \/ AFP)<\/p>\n<p class=\" wall-content\">Ce dimanche soir, les agriculteurs ne comptaient pas rentrer \u00e0 la maison. Les blocages se poursuivent sur l\u2019A64 et des perturbations s\u2019annoncent sur l\u2019A63.<\/p>\n<p>    <img   decoding=\"async\" loading=\"lazy\" src=\"https:\/\/www.europesays.com\/fr\/wp-content\/uploads\/2025\/12\/600171420-10227848323746202-90868683393856217-n-960x640.jpg\" alt=\"L'A64 reste totalement ferm\u00e9e, la pagaille est pr\u00e9vue sur l'A63 aussi, voici le point ce dimanche soir dans les Pyr\u00e9n\u00e9es-Atlantiques.\" width=\"960\" height=\"640\"\/><br \/>\n    L\u2019A64 reste totalement ferm\u00e9e, la pagaille est pr\u00e9vue sur l\u2019A63 aussi. (\u00a9 M.Lamarque \/ \u00e9lu municipal de Bidart)<\/p>\n<p>Plus de d\u00e9tails dans cet article :<\/p>\n<p>Des actions sur l\u2019A63<\/p>\n<p class=\" wall-content\">En Gironde, ce dimanche, les agriculteurs de la Coordination rurale 33 pr\u00e9voyaient des actions dans la soir\u00e9e, avec le blocage de la zone logistique (Lidl, Carrefour, Aldi\u2026) \u00e0 Cestas et un barrage filtrant sur l\u2019A63 en direction de Bordeaux.<\/p>\n<p class=\" wall-content\">Les camions \u00e9trangers seront cibl\u00e9s. \u00ab\u2009Tout ce qui n\u2019est pas Fran\u00e7ais ne passe pas. Qu\u2019ils ne nous disent pas que Bordeaux sera affam\u00e9e, on a tout ce qu\u2019il faut en France. Qu\u2019ils s\u2019approvisionnent chez nos producteurs\u2009!\u2009\u00bb a communiqu\u00e9 la CR 33 aupr\u00e8s de <a href=\"https:\/\/actu.fr\/bordeaux\/\" target=\"_blank\" rel=\"noopener\">notre r\u00e9daction locale d\u2019actu Bordeaux<\/a>.<\/p>\n<p>Plus de d\u00e9tails dans cet article\u2009:<\/p>\n<p class=\" wall-content\">Par ailleurs, des dizaines de membres de la Conf\u00e9d\u00e9ration paysanne s\u2019\u00e9taient mobilis\u00e9s pour manifester aux abords du centre commercial Rives d\u2019Arcins \u00e0 B\u00e8gles.<\/p>\n<p>    <img   decoding=\"async\" loading=\"lazy\" src=\"https:\/\/www.europesays.com\/fr\/wp-content\/uploads\/2025\/12\/confederation-paysanne-gironde-960x640.jpg\" alt=\"La Conf\u00e9d\u00e9ration paysanne a manifest\u00e9 au niveau du centre commercial Rives d'Arcins \u00e0 B\u00e8gles, ce dimanche 14 d\u00e9cembre.\" width=\"960\" height=\"640\"\/><br \/>\n    La Conf\u00e9d\u00e9ration paysanne a manifest\u00e9 au niveau du centre commercial Rives d\u2019Arcins \u00e0 B\u00e8gles, ce dimanche. (\u00a9 Document transmis \u00e0 actu Bordeaux)<\/p>\n<p>Plus de d\u00e9tails dans cet article\u2009:<\/p>\n<p class=\" wall-content\">\u00c0 Saint-Jean-de-Luz, les agriculteurs des Pyr\u00e9n\u00e9es-Atlantiques ont organis\u00e9 une op\u00e9ration escargot, selon actu Pays Basque. En attendant de nouveaux appels au blocage en soir\u00e9e \u00e0 Bordeaux et en Dordogne.<\/p>\n<p>    <img   decoding=\"async\" loading=\"lazy\" src=\"https:\/\/www.europesays.com\/fr\/wp-content\/uploads\/2025\/12\/st-jean-luz-agric-960x640.jpeg\" alt=\"Une manifestation \u00e0 Saint-Jean de Luz, ce dimanche.\" width=\"960\" height=\"640\"\/><br \/>\n    Une manifestation \u00e0 Saint-Jean de Luz, ce dimanche. (\u00a9 Gaizka Iroz \/ AFP)<\/p>\n<p>Plus de d\u00e9tails dans cet article\u2009:<\/p>\n<p>Forte mobilisation en Haute-Garonne et dans le Tarn<\/p>\n<p class=\" wall-content\">La col\u00e8re grondait toujours et <a href=\"https:\/\/actu.fr\/societe\/direct-4e-jour-de-blocage-en-occitanie-voici-les-secteurs-occupes-par-les-agriculteurs-ce-dimanche_63574103.html\" target=\"_blank\" rel=\"noopener\">les actions se sont poursuivies en Haute-Garonne<\/a>, au quatri\u00e8me jour de mobilisation, comme en a fait \u00e9tat <a href=\"https:\/\/actu.fr\/toulouse\/\" target=\"_blank\" rel=\"noopener\">notre r\u00e9daction locale d\u2019actu Toulouse<\/a>. Les agriculteurs se sont mobilis\u00e9s sur les routes et les autoroutes, en bloquant ou filtrant des axes majeurs.<\/p>\n<p>    <img   decoding=\"async\" loading=\"lazy\" src=\"https:\/\/www.europesays.com\/fr\/wp-content\/uploads\/2025\/12\/benque-manifestation-agriculteurs-haute-garonne-960x640.jpeg\" alt=\"Les agriculteurs sont mobilis\u00e9s devant une ferme de Haute-Garonne o\u00f9 un cas de DNC est suspect\u00e9 ce dimanche 14 d\u00e9cembre 2025.\" width=\"960\" height=\"640\"\/><br \/>\n    Les agriculteurs se sont mobilis\u00e9s devant une ferme de Haute-Garonne o\u00f9 un cas de DNC est suspect\u00e9 ce dimanche. (\u00a9 CR 31)<\/p>\n<p class=\" wall-content\">Entre 100 et 150 agriculteurs se sont r\u00e9unis au pied d\u2019un calvaire \u00e0 Benque, devant une ferme o\u00f9 un bovin est suspect\u00e9 d\u2019\u00eatre infect\u00e9 par la DNC, dans l\u2019attente des r\u00e9sultats des tests. La veille, un nouveau troupeau a \u00e9t\u00e9 abattu dans un petit \u00e9levage \u00e0 Touille, \u00e0 la fronti\u00e8re avec l\u2019Ari\u00e8ge.<\/p>\n<p>Plus de d\u00e9tails dans cet article\u2009:<\/p>\n<p class=\" wall-content\">\u00ab\u2009On est partis pour passer les f\u00eates ici\u2009\u00bb, \u00ab\u2009on ne l\u00e8vera pas le camp comme \u00e7a,\u2009\u00bb a d\u00e9clar\u00e9 \u00e0 l\u2019AFP C\u00e9dric Baron, agriculteur-\u00e9leveur de bovins \u00e0 Montoussin, mobilis\u00e9 \u00e0 Carbonne, point de d\u00e9part d\u2019un pr\u00e9c\u00e9dent mouvement de protestation agricole en janvier\u00a02024.<\/p>\n<p>    <img   decoding=\"async\" loading=\"lazy\" src=\"https:\/\/www.europesays.com\/fr\/wp-content\/uploads\/2025\/12\/agric-autor-960x640.jpeg\" alt=\"Des tracteurs entre Bayonne et Pau ce dimanche.\" width=\"960\" height=\"640\"\/><br \/>\n    Des tracteurs entre Bayonne et Pau ce dimanche. (\u00a9 Gaizka Iroz \/ AFP)<\/p>\n<p class=\" wall-content\">\u00ab\u2009Nous sommes en guerre. Tant que l\u2019\u00c9tat ne renoncera pas \u00e0 l\u2019abattage massif, on sera l\u00e0\u2009\u00bb, a pr\u00e9venu C\u00e9dric Nespoulos, producteur de bovins viande, dans le Tarn o\u00f9 une cinquantaine d\u2019agriculteurs bloquaient la nationale N88 \u00e0 l\u2019entr\u00e9e de la rocade d\u2019Albi.<\/p>\n<p>    <img   decoding=\"async\" loading=\"lazy\" src=\"https:\/\/www.europesays.com\/fr\/wp-content\/uploads\/2025\/12\/agri-auch-960x640.jpeg\" alt=\"Blocage du p\u00e9riph\u00e9rique N124 autour d'Auch samedi.\" width=\"960\" height=\"640\"\/><br \/>\n    Blocage du p\u00e9riph\u00e9rique N124 autour d\u2019Auch dans le Gers samedi. (\u00a9 Jean-Marc Barrere \/ Hans Lucas via AFP)Du fumier d\u00e9vers\u00e9 \u00e0 Millau<\/p>\n<p class=\" wall-content\">Une cinquantaine d\u2019agriculteurs, sous les applaudissements de manifestants et badauds, ont aussi recouvert ce dimanche la sous-pr\u00e9fecture de Millau dans l\u2019Aveyron de lisier, paille et pneus usag\u00e9s.<\/p>\n<p>    <img   decoding=\"async\" loading=\"lazy\" src=\"https:\/\/www.europesays.com\/fr\/wp-content\/uploads\/2025\/12\/millau-agric-960x640.jpg\" alt=\"Des actions ont \u00e9t\u00e9 men\u00e9es devant la sous-pr\u00e9fecture \u00e0 Millau.\" width=\"960\" height=\"640\"\/><br \/>\n    Des actions ont \u00e9t\u00e9 men\u00e9es devant la sous-pr\u00e9fecture \u00e0 Millau ce dimanche. (\u00a9 Idriss Bigou-Gilles \/ AFP)L\u2019acc\u00e8s \u00e0 l\u2019Andorre aussi rendu difficile<\/p>\n<p class=\" wall-content\">Difficile de gagner les Pyr\u00e9n\u00e9es et l\u2019Andorre ce week-end. Ce dimanche, les agriculteurs ont maintenu les blocages sur des axes strat\u00e9giques, rapporte actu Toulouse.<\/p>\n<p class=\" wall-content\">En Ari\u00e8ge, non loin de la ferme des Bordes-sur-Arize <a href=\"https:\/\/actu.fr\/occitanie\/les-bordes-sur-arize_09061\/dermatose-nodulaire-en-ariege-l-abattage-de-plus-de-200-vaches-vient-de-debuter_63568629.html\" target=\"_blank\" rel=\"noopener\">o\u00f9 200 vaches ont \u00e9t\u00e9 abattues cette semaine<\/a> apr\u00e8s des heurts entre agriculteurs et forces de l\u2019ordre, pr\u00e8s de 150 \u00e9leveurs et exploitants agricoles occupaient malgr\u00e9 le froid un rond-point \u00e0 Tarascon-sur-Ari\u00e8ge et bloquaient la route vers l\u2019Andorre, a constat\u00e9 un journaliste de l\u2019AFP.<\/p>\n<p>    <img   decoding=\"async\" loading=\"lazy\" src=\"https:\/\/www.europesays.com\/fr\/wp-content\/uploads\/2025\/12\/mobilisation-andorre-pyrenees-colere-agricole-960x640.jpeg\" alt=\"Ce dimanche 14 d\u00e9cembre 2025, les agriculteurs maintiennent les points de blocage sur la route des Pyr\u00e9n\u00e9es et de l'Andorre.\" width=\"960\" height=\"640\"\/><br \/>\n    Ce dimanche, les agriculteurs ont maintenu les points de blocage sur la route des Pyr\u00e9n\u00e9es et de l\u2019Andorre. (\u00a9 Marie Lamarque \/ Actu Toulouse)<\/p>\n<p>Plus de d\u00e9tails dans cet article\u2009:<\/p>\n<p>Mobilisation dans l\u2019H\u00e9rault et les Bouches-du-Rh\u00f4ne<\/p>\n<p class=\" wall-content\">D\u2019autres agriculteurs se sont mobilis\u00e9s pr\u00e8s de Montpellier, et la col\u00e8re des \u00e9leveurs n\u2019a pas faibli dans l\u2019H\u00e9rault, souligne <a href=\"https:\/\/actu.fr\/metropolitain\/\" target=\"_blank\" rel=\"noopener\">le Metropolitain<\/a>.<\/p>\n<p class=\" wall-content\">\n    <img   decoding=\"async\" loading=\"lazy\" src=\"https:\/\/www.europesays.com\/fr\/wp-content\/uploads\/2025\/12\/capture-decran-2025-12-14-a-123416-960x640.png\" alt=\"Les manifestant organisent une op\u00e9ration escargot. \" width=\"960\" height=\"640\"\/><br \/>\n    Les manifestants ont organis\u00e9 une op\u00e9ration escargot. (\u00a9 DR \/ Coordination Rurale)<br \/>\n    <img   decoding=\"async\" loading=\"lazy\" src=\"https:\/\/www.europesays.com\/fr\/wp-content\/uploads\/2025\/12\/capture-decran-2025-12-14-a-123426-808x640.png\" alt=\"\u00ab Il y a un ras-le-bol g\u00e9n\u00e9ralis\u00e9 qui d\u00e9passe le monde agricole \u00bb, Arnaud Poitrine, secr\u00e9taire g\u00e9n\u00e9ral de la Coordination Rurale et agriculteur.\" width=\"808\" height=\"640\"\/><br \/>\n    \u00ab\u2009Il y a un ras-le-bol g\u00e9n\u00e9ralis\u00e9 qui d\u00e9passe le monde agricole\u2009\u00bb, a estim\u00e9 Arnaud Poitrine, secr\u00e9taire g\u00e9n\u00e9ral de la Coordination Rurale et agriculteur. (\u00a9 DR \/ Coordination Rurale)<\/p>\n<p class=\" wall-content\">Quelques actions avaient aussi \u00e9t\u00e9 men\u00e9es dans les Bouches-du-Rh\u00f4ne samedi.<\/p>\n<p>    <img   decoding=\"async\" loading=\"lazy\" src=\"https:\/\/www.europesays.com\/fr\/wp-content\/uploads\/2025\/12\/agri-bdr-960x640.jpeg\" alt=\"Une \u00e9paisse fum\u00e9e noire s\u2019\u00e9l\u00e8ve du feu bloquant la circulation \u00e0 Saint-Martin-de-Crau dans les Bouches-du-Rh\u00f4ne, samedi.\" width=\"960\" height=\"640\"\/><br \/>\n    Une \u00e9paisse fum\u00e9e noire s\u2019\u00e9l\u00e8ve du feu bloquant la circulation \u00e0 Saint-Martin-de-Crau dans les Bouches-du-Rh\u00f4ne, samedi. (\u00a9 Florence Demeusy \/ Hans Lucas via AFP)<\/p>\n<p>Plus de d\u00e9tails dans cet article\u2009:<\/p>\n<p>Actions dans les Landes<\/p>\n<p class=\" wall-content\">Dans les Landes, <a href=\"https:\/\/actu.fr\/nouvelle-aquitaine\/mont-de-marsan_40192\/les-pneus-brulent-sur-ce-rond-point-des-landes-les-agriculteurs-debarquent-en-colere_63573313.html\" target=\"_blank\" rel=\"noopener\">o\u00f9 des pneus ont br\u00fbl\u00e9 sur des ronds-points la veille<\/a>, les agriculteurs ont bloqu\u00e9s plusieurs secteurs pour faire entendre leur col\u00e8re, impactant fortement la circulation, notamment entre Dax et Mont-de-Marsan, rapporte <a href=\"https:\/\/actu.fr\/landes\/\" target=\"_blank\" rel=\"noopener\">notre r\u00e9daction locale d\u2019actu Landes<\/a>.<\/p>\n<p>    <img   decoding=\"async\" loading=\"lazy\" src=\"https:\/\/www.europesays.com\/fr\/wp-content\/uploads\/2025\/12\/capture-decran-2025-12-14-135054-960x640.png\" alt=\"A Mont-de-Marsan et Tartas (Landes), les agriculteurs poursuivent les blocages ce dimanche. La circulation est donc impact\u00e9e.\" width=\"960\" height=\"640\"\/><br \/>\n    \u00c0 Mont-de-Marsan et Tartas, les agriculteurs ont poursuivi les blocages ce dimanche. (\u00a9 Routes Landaises)<\/p>\n<p>Plus de d\u00e9tails dans cet article\u2009:<\/p>\n<p>Grosse journ\u00e9e de mobilisation en Occitanie samedi<\/p>\n<p class=\" wall-content\"><a href=\"https:\/\/actu.fr\/occitanie\/carbonne_31107\/direct-la-colere-des-agriculteurs-monte-d-un-cran-ou-se-trouvent-les-blocages-en-occitanie-ce-samedi_63572794.html\" target=\"_blank\" rel=\"noopener\">Samedi, pour le troisi\u00e8me jour de contestation des agriculteurs en Occitanie<\/a>, les actions et les blocages \u00e9taient nombreux.<\/p>\n<p class=\" wall-content\">\n    <img   decoding=\"async\" loading=\"lazy\" src=\"https:\/\/www.europesays.com\/fr\/wp-content\/uploads\/2025\/12\/mobilisation-blocages-occitanie-agriculture-960x640.jpeg\" alt=\"La mobilisation des agriculteurs se poursuit ce dimanche 14 d\u00e9cembre 2025 en Occitanie.\" width=\"960\" height=\"640\"\/><br \/>\n    La mobilisation des agriculteurs s\u2019est poursuivie ce dimanche en Occitanie. (\u00a9 Marie Lamarque \/ Actu Toulouse)<br \/>\n    <img   decoding=\"async\" loading=\"lazy\" src=\"https:\/\/www.europesays.com\/fr\/wp-content\/uploads\/2025\/12\/saint-gaudens-toulouse-mobilisation-agriculteurs-960x640.jpeg\" alt=\"Un barrage filtrant s'est mis en place au niveau de l'entr\u00e9e de l'autoroute \u00e0 Saint-Gaudens.\" width=\"960\" height=\"640\"\/><br \/>\n    Un barrage filtrant s\u2019est mis en place au niveau de l\u2019entr\u00e9e de l\u2019autoroute \u00e0 Saint-Gaudens. (\u00a9 CR 31)<\/p>\n<p class=\" wall-content\">La Coordination Rurale 31 avait relay\u00e9 une action devant la pr\u00e9fecture de Saint-Gaudens samedi\u2009: des tracteurs avec des bennes charg\u00e9es sont venus d\u00e9verser devant le portail de la sous-pr\u00e9fecture.<\/p>\n<p>    <img   decoding=\"async\" loading=\"lazy\" src=\"https:\/\/www.europesays.com\/fr\/wp-content\/uploads\/2025\/12\/manif-agriculteur-saint-gaudens-toulouse-960x640.jpg\" alt=\"Les agriculteurs ont effectu\u00e9 des d\u00e9versements devant le portail de la sous-pr\u00e9fecture de Saint-Gaudens.\" width=\"960\" height=\"640\"\/><br \/>\n    Les agriculteurs ont effectu\u00e9 des d\u00e9versements devant le portail de la sous-pr\u00e9fecture de Saint-Gaudens. (\u00a9 CR 31)\u00ab\u2009Aucun foyer actif\u2009\u00bb<\/p>\n<p class=\" wall-content\">Sur les barrages, beaucoup de militants se disent \u00ab\u2009choqu\u00e9s\u2009\u00bb par les images des gaz lacrymog\u00e8nes utilis\u00e9s par les gendarmes en milieu de semaine en Ari\u00e8ge pour disperser les \u00e9leveurs qui bloquaient aux v\u00e9t\u00e9rinaires l\u2019acc\u00e8s \u00e0 la ferme touch\u00e9e par le premier cas de DNC dans cette partie du pays.<\/p>\n<p class=\" wall-content\">\u00ab\u2009Quand il y a une b\u00eate malade, tout le monde est d\u2019accord pour l\u2019abattre, mais tuer des troupeaux entiers, alors qu\u2019il faut des ann\u00e9es pour monter une g\u00e9n\u00e9tique et monter un troupeau, on est totalement contre\u2009\u00bb, a d\u00e9clar\u00e9 \u00e0 l\u2019AFP Christophe Gu\u00e9non, \u00e9leveur de vaches et mara\u00eecher en bio, pr\u00e8s de Bordeaux.<\/p>\n<p class=\" wall-content\">La ministre de l\u2019Agriculture, Annie Genevard, soutenue sur ce dossier par l\u2019alliance syndicale majoritaire FNSEA-Jeunes Agriculteurs, d\u00e9fend \u00ab\u2009un protocole qui a tr\u00e8s bien fonctionn\u00e9\u2009\u00bb, depuis l\u2019apparition du premier cas en France de cette maladie, en juin, en Savoie. Elle a assur\u00e9 samedi au journal Sud Ouest qu\u2019il n\u2019y avait \u00ab\u2009aucun foyer actif de DNC sur le territoire fran\u00e7ais\u2009\u00bb.<\/p>\n<p>    <img   decoding=\"async\" loading=\"lazy\" src=\"https:\/\/www.europesays.com\/fr\/wp-content\/uploads\/2025\/12\/20251212-172736-1-960x640.jpg\" alt=\"Ce vendredi, la contestation des agriculteurs est mont\u00e9e d'un cran en Occitanie. De nombreux blocages ont \u00e9t\u00e9 organis\u00e9s.\" width=\"960\" height=\"640\"\/><br \/>\n    Vendredi d\u00e9j\u00e0, la contestation des agriculteurs \u00e9tait mont\u00e9e d\u2019un cran en Occitanie. De nombreux blocages avaient \u00e9t\u00e9 organis\u00e9s. (\u00a9 Marie Lamarque \/ Actu Toulouse)<\/p>\n<p class=\" wall-content\">Alors que Bertrand Venteau estime que \u00ab\u2009c\u2019est maintenant que la vaccination doit se d\u00e9cr\u00e9ter, sinon on va avoir un drame dans moins d\u2019un mois\u2009\u00bb et \u00ab\u2009tout le sud de la Loire sera contamin\u00e9\u2009\u00bb, la ministre a r\u00e9pondu dimanche sur Europe 1 que \u00ab\u2009le virus n\u2019est pas aux portes de chaque \u00e9levage\u2009\u00bb.<\/p>\n<p class=\" wall-content\">Lundi, elle se rendra en Occitanie pour \u00ab\u2009assister aux d\u00e9buts de la vaccination sur ce territoire\u2009\u00bb pour un million de b\u00eates, \u00ab\u2009parce que c\u2019est le chemin pour lutter contre la maladie\u2009\u00bb, mais le gouvernement reste tr\u00e8s prudent quant \u00e0 une possible g\u00e9n\u00e9ralisation de la vaccination.<\/p>\n<p class=\" wall-content\">\u00ab\u2009Si on vaccinait tout le cheptel, \u00e7a placerait la France comme une zone \u00e0 risque et donc \u00e7a ferait peser un risque \u00e9conomique sur toute la fili\u00e8re agricole\u2009\u00bb, a plaid\u00e9 dimanche S\u00e9bastien Martin, ministre d\u00e9l\u00e9gu\u00e9 charg\u00e9 de l\u2019Industrie, invit\u00e9 du \u00ab\u2009Grand Jury\u2009\u00bb RTL\/M6\/Le Figaro\/Public S\u00e9nat.<\/p>\n<p class=\" wall-content\">La pr\u00e9sidente socialiste de la r\u00e9gion Occitanie, Carole Delga, a adress\u00e9 dimanche une lettre ouverte au Premier ministre S\u00e9bastien Lecornu, jugeant \u00ab\u2009qu\u2019il [\u00e9tait] temps pour [lui] d\u2019intervenir afin de garantir, dans les plus brefs d\u00e9lais, un dialogue franc et sinc\u00e8re avec les agriculteurs de ce pays\u2009\u00bb.<\/p>\n<p>Des d\u00e9fil\u00e9s de tracteurs pour No\u00ebl<\/p>\n<p class=\" wall-content\">Des agriculteurs de la Seine-Maritime et de l\u2019Eure ont organis\u00e9 un rassemblement de soutien \u00e0 leurs coll\u00e8gues de l\u2019Ari\u00e8ge en d\u00e9but de week-end, pr\u00e8s de Rouen, <a href=\"https:\/\/actu.fr\/normandie\/rouen_76540\/on-ne-s-en-remet-pas-des-agriculteurs-se-mobilisent-pres-de-rouen-apres-l-abattage-de-vaches-en-ariege_63574277.html\" target=\"_blank\" rel=\"noopener\">explique 76actu<\/a>.<\/p>\n<p class=\" wall-content\">Ailleurs, la situation est plus d\u00e9tendue. Dans les Yvelines, les agriculteurs ont d\u00e9barqu\u00e9 et d\u00e9fil\u00e9 avec leurs tracteurs d\u2019Ablis \u00e0 Rambouillet. Non pas pour une manifestation, mais un \u00e9v\u00e9nement festif pour c\u00e9l\u00e9brer No\u00ebl avec les citadins, <a href=\"https:\/\/actu.fr\/ile-de-france\/rambouillet_78517\/une-manif-non-cest-noel-quand-les-agriculteurs-du-sud-yvelines-debarquent-en-ville_63574714.html\" target=\"_blank\" rel=\"noopener\">raconte 78actu<\/a>.<\/p>\n<p class=\" wall-content\">Personnalisez votre actualit\u00e9 en ajoutant vos villes et m\u00e9dias en favori avec <a href=\"https:\/\/moncompte.actu.fr\" title=\"D\u00e9couvez Mon Actu\" rel=\"nofollow noopener\" data-trk=\"{&quot;cta&quot;:{&quot;action&quot;:&quot;https:\\\/\\\/moncompte.actu.fr&quot;,&quot;category&quot;:&quot;mon compte&quot;,&quot;from&quot;:&quot;article footer&quot;,&quot;name&quot;:&quot;Mon actu&quot;,&quot;type&quot;:&quot;cta&quot;}}\" target=\"_blank\">Mon Actu<\/a>.<\/p>\n","protected":false},"excerpt":{"rendered":"Par Maxime Ponsot Publi\u00e9 le 14 d\u00e9c. 2025 \u00e0 20h52 ; mis \u00e0 jour le 14 d\u00e9c. 2025&hellip;\n","protected":false},"author":2,"featured_media":599944,"comment_status":"","ping_status":"","sticky":false,"template":"","format":"standard","meta":{"footnotes":""},"categories":[4],"tags":[11,327,70814,1011,27,1272,12,25,104],"class_list":{"0":"post-599943","1":"post","2":"type-post","3":"status-publish","4":"format-standard","5":"has-post-thumbnail","7":"category-france","8":"tag-actualites","9":"tag-agriculture","10":"tag-dermatose-nodulaire","11":"tag-fr","12":"tag-france","13":"tag-manifestations","14":"tag-news","15":"tag-republique-francaise","16":"tag-societe"},"share_on_mastodon":{"url":"https:\/\/pubeurope.com\/@fr\/115721351988017206","error":""},"_links":{"self":[{"href":"https:\/\/www.europesays.com\/fr\/wp-json\/wp\/v2\/posts\/599943","targetHints":{"allow":["GET"]}}],"collection":[{"href":"https:\/\/www.europesays.com\/fr\/wp-json\/wp\/v2\/posts"}],"about":[{"href":"https:\/\/www.europesays.com\/fr\/wp-json\/wp\/v2\/types\/post"}],"author":[{"embeddable":true,"href":"https:\/\/www.europesays.com\/fr\/wp-json\/wp\/v2\/users\/2"}],"replies":[{"embeddable":true,"href":"https:\/\/www.europesays.com\/fr\/wp-json\/wp\/v2\/comments?post=599943"}],"version-history":[{"count":0,"href":"https:\/\/www.europesays.com\/fr\/wp-json\/wp\/v2\/posts\/599943\/revisions"}],"wp:featuredmedia":[{"embeddable":true,"href":"https:\/\/www.europesays.com\/fr\/wp-json\/wp\/v2\/media\/599944"}],"wp:attachment":[{"href":"https:\/\/www.europesays.com\/fr\/wp-json\/wp\/v2\/media?parent=599943"}],"wp:term":[{"taxonomy":"category","embeddable":true,"href":"https:\/\/www.europesays.com\/fr\/wp-json\/wp\/v2\/categories?post=599943"},{"taxonomy":"post_tag","embeddable":true,"href":"https:\/\/www.europesays.com\/fr\/wp-json\/wp\/v2\/tags?post=599943"}],"curies":[{"name":"wp","href":"https:\/\/api.w.org\/{rel}","templated":true}]}}