{"id":599947,"date":"2025-12-15T03:06:13","date_gmt":"2025-12-15T03:06:13","guid":{"rendered":"https:\/\/www.europesays.com\/fr\/599947\/"},"modified":"2025-12-15T03:06:13","modified_gmt":"2025-12-15T03:06:13","slug":"paul-seixas-et-tadej-pogacar-cest-confirme","status":"publish","type":"post","link":"https:\/\/www.europesays.com\/fr\/599947\/","title":{"rendered":"Paul Seixas et Tadej Pogacar, c&rsquo;est confirm\u00e9"},"content":{"rendered":"<p><strong>Alors que Paul Seixas ambitionne<br \/>\nde marcher sur les traces de Tadej Pogacar, un coureur qui conna\u00eet<br \/>\nparfaitement les deux livre son verdict.<\/strong><\/p>\n<p>Paul Seixas n\u2019en finit plus de faire parler de lui. Pour sa<br \/>\ntoute premi\u00e8re saison chez les professionnels, le jeune Fran\u00e7ais a<br \/>\nfrapp\u00e9 fort avec un top 10 au Crit\u00e9rium du Dauphin\u00e9, une m\u00e9daille<br \/>\nde bronze aux Championnats d\u2019Europe et une remarquable 7e place au<br \/>\nTour de Lombardie. Des r\u00e9sultats de haut niveau qui ont rapidement<br \/>\nplac\u00e9 le coureur sur le radar du peloton.<\/p>\n<p>Parmi les observateurs conquis, Tadej Pogacar. Le champion du<br \/>\nmonde et vainqueur du Tour de France 2025 ne cache pas son<br \/>\nadmiration pour le prodige tricolore. \u00ab C\u2019est d\u00e9j\u00e0 un coureur<br \/>\nextraordinaire et un grand talent pour l\u2019avenir \u00bb, avait<br \/>\nconfi\u00e9 le Slov\u00e8ne en novembre dernier dans un entretien bilan<br \/>\nrelay\u00e9 par RMC.<\/p>\n<blockquote class=\"twitter-tweet\"><p><a class=\"twitter-link\" rel=\"noindex, nofollow noopener\" href=\"https:\/\/twitter.com\/sports_fr\/status\/1999752374500413603\" target=\"_blank\"><\/p><\/blockquote>\n<p>Un hommage de taille pour Seixas, qui assume son ambition et<br \/>\ns\u2019inspire ouvertement du quadruple vainqueur du Tour. Car entre les<br \/>\ndeux coureurs, certaines similitudes existent, comme le souligne<br \/>\nPavel Sivakov, co\u00e9quipier du Fran\u00e7ais en \u00e9quipe de France et de<br \/>\nTadej Pogacar au sein d\u2019UAE Team Emirates.<\/p>\n<p>Seixas-Pogacar, les similitudes<\/p>\n<p>Il a livr\u00e9 son analyse dans les colonnes de<br \/>\nCyclism\u2019Actu. \u00ab On a promis \u00e0 Seixas un avenir de<br \/>\ngrand champion, peut-\u00eatre pas \u00e0 la Pogacar. Je trouve qu\u2019ils ont<br \/>\ntous les deux cette approche du cyclisme assez rel\u00e2ch\u00e9e, assez fun.<br \/>\nIls prennent vraiment du plaisir \u00bb, explique Sivakov.<\/p>\n<p>Une approche qui tranche avec celle de nombreux jeunes talents<br \/>\nformat\u00e9s d\u00e8s leurs d\u00e9buts. \u00ab Parfois, on voit des jeunes<br \/>\narriver qui sont tr\u00e8s carr\u00e9s, au millim\u00e8tre, \u00e0 peser chaque gramme<br \/>\nde p\u00e2tes. Paul est hyper pro, hyper intelligent, mais il aime aussi<br \/>\ncourir, faire la course, sans trop se prendre la t\u00eate \u00bb,<br \/>\nconclut-il.<\/p>\n<p><script async src=\"https:\/\/platform.twitter.com\/widgets.js\" charset=\"utf-8\"><\/script><\/p>\n","protected":false},"excerpt":{"rendered":"Alors que Paul Seixas ambitionne de marcher sur les traces de Tadej Pogacar, un coureur qui conna\u00eet parfaitement&hellip;\n","protected":false},"author":2,"featured_media":599948,"comment_status":"","ping_status":"","sticky":false,"template":"","format":"standard","meta":{"footnotes":""},"categories":[1411],"tags":[1154,207,1011,27,60],"class_list":{"0":"post-599947","1":"post","2":"type-post","3":"status-publish","4":"format-standard","5":"has-post-thumbnail","7":"category-cyclisme","8":"tag-cycling","9":"tag-cyclisme","10":"tag-fr","11":"tag-france","12":"tag-sports"},"share_on_mastodon":{"url":"https:\/\/pubeurope.com\/@fr\/115721377168813733","error":""},"_links":{"self":[{"href":"https:\/\/www.europesays.com\/fr\/wp-json\/wp\/v2\/posts\/599947","targetHints":{"allow":["GET"]}}],"collection":[{"href":"https:\/\/www.europesays.com\/fr\/wp-json\/wp\/v2\/posts"}],"about":[{"href":"https:\/\/www.europesays.com\/fr\/wp-json\/wp\/v2\/types\/post"}],"author":[{"embeddable":true,"href":"https:\/\/www.europesays.com\/fr\/wp-json\/wp\/v2\/users\/2"}],"replies":[{"embeddable":true,"href":"https:\/\/www.europesays.com\/fr\/wp-json\/wp\/v2\/comments?post=599947"}],"version-history":[{"count":0,"href":"https:\/\/www.europesays.com\/fr\/wp-json\/wp\/v2\/posts\/599947\/revisions"}],"wp:featuredmedia":[{"embeddable":true,"href":"https:\/\/www.europesays.com\/fr\/wp-json\/wp\/v2\/media\/599948"}],"wp:attachment":[{"href":"https:\/\/www.europesays.com\/fr\/wp-json\/wp\/v2\/media?parent=599947"}],"wp:term":[{"taxonomy":"category","embeddable":true,"href":"https:\/\/www.europesays.com\/fr\/wp-json\/wp\/v2\/categories?post=599947"},{"taxonomy":"post_tag","embeddable":true,"href":"https:\/\/www.europesays.com\/fr\/wp-json\/wp\/v2\/tags?post=599947"}],"curies":[{"name":"wp","href":"https:\/\/api.w.org\/{rel}","templated":true}]}}