{"id":599949,"date":"2025-12-15T03:07:13","date_gmt":"2025-12-15T03:07:13","guid":{"rendered":"https:\/\/www.europesays.com\/fr\/599949\/"},"modified":"2025-12-15T03:07:13","modified_gmt":"2025-12-15T03:07:13","slug":"les-gros-regrets-dakliouche-apres-la-defaite-contre-lom","status":"publish","type":"post","link":"https:\/\/www.europesays.com\/fr\/599949\/","title":{"rendered":"les gros regrets d\u2019Akliouche apr\u00e8s la d\u00e9faite contre l\u2019OM"},"content":{"rendered":"<p>Ce dimanche, <a href=\"https:\/\/www.footmercato.net\/a2875316186869031290-ligue-1-en-difficulte-lom-simpose-contre-monaco-grace-a-greenwood\" target=\"_blank\" rel=\"noopener\">l\u2019AS Monaco s\u2019est inclin\u00e9 en cl\u00f4ture de la 16e journ\u00e9e de Ligue 1 sur la pelouse de l\u2019OM (1-0)<\/a>. Dominateurs pendant une grande partie de la soir\u00e9e, les As\u00e9mistes ont vu deux buts \u00eatre refus\u00e9 en leur d\u00e9faveur pour des positions de hors-jeu plus ou moins claires. Apr\u00e8s la rencontre, <a href=\"https:\/\/www.footmercato.net\/joueur\/maghnes-akliouche\/\" target=\"_blank\" rel=\"noopener\">Maghnes Akliouche<\/a> a fait part de sa frustration apr\u00e8s ce gros match pas r\u00e9compens\u00e9 : <\/p>\n<p>            La suite apr\u00e8s cette publicit\u00e9<\/p>\n<p>\u00abOn \u00e9tait venus pour gagner. On a montr\u00e9 qu\u2019on \u00e9tait capables de faire de belles choses. On a jou\u00e9 avec du coeur et on a eu des occasions. L\u2019\u00e9quipe quii m\u00e9ritait de gagner c\u2019\u00e9tait <a href=\"https:\/\/www.footmercato.net\/club\/as-monaco\/\" target=\"_blank\" rel=\"noopener\">Monaco<\/a>, mais \u00e7a se joue sur des d\u00e9tails. Et quand on ne met pas le ballon au fond, \u00e7a fait beaucoup de mal\u2026Y\u2019a beaucoup de bonnes choses sur ce match. Il faut repartir sur de bonnes bases pour la suite.\u00bb<\/p>\n<p>\n    Pub. le 14\/12\/2025 23:09<br \/>\n            &#8211; MAJ le 15\/12\/2025 00:00\n    <\/p>\n","protected":false},"excerpt":{"rendered":"Ce dimanche, l\u2019AS Monaco s\u2019est inclin\u00e9 en cl\u00f4ture de la 16e journ\u00e9e de Ligue 1 sur la pelouse&hellip;\n","protected":false},"author":2,"featured_media":599950,"comment_status":"","ping_status":"","sticky":false,"template":"","format":"standard","meta":{"footnotes":""},"categories":[1410],"tags":[63,1011,27,60],"class_list":{"0":"post-599949","1":"post","2":"type-post","3":"status-publish","4":"format-standard","5":"has-post-thumbnail","7":"category-football","8":"tag-football","9":"tag-fr","10":"tag-france","11":"tag-sports"},"share_on_mastodon":{"url":"https:\/\/pubeurope.com\/@fr\/115721381254820979","error":""},"_links":{"self":[{"href":"https:\/\/www.europesays.com\/fr\/wp-json\/wp\/v2\/posts\/599949","targetHints":{"allow":["GET"]}}],"collection":[{"href":"https:\/\/www.europesays.com\/fr\/wp-json\/wp\/v2\/posts"}],"about":[{"href":"https:\/\/www.europesays.com\/fr\/wp-json\/wp\/v2\/types\/post"}],"author":[{"embeddable":true,"href":"https:\/\/www.europesays.com\/fr\/wp-json\/wp\/v2\/users\/2"}],"replies":[{"embeddable":true,"href":"https:\/\/www.europesays.com\/fr\/wp-json\/wp\/v2\/comments?post=599949"}],"version-history":[{"count":0,"href":"https:\/\/www.europesays.com\/fr\/wp-json\/wp\/v2\/posts\/599949\/revisions"}],"wp:featuredmedia":[{"embeddable":true,"href":"https:\/\/www.europesays.com\/fr\/wp-json\/wp\/v2\/media\/599950"}],"wp:attachment":[{"href":"https:\/\/www.europesays.com\/fr\/wp-json\/wp\/v2\/media?parent=599949"}],"wp:term":[{"taxonomy":"category","embeddable":true,"href":"https:\/\/www.europesays.com\/fr\/wp-json\/wp\/v2\/categories?post=599949"},{"taxonomy":"post_tag","embeddable":true,"href":"https:\/\/www.europesays.com\/fr\/wp-json\/wp\/v2\/tags?post=599949"}],"curies":[{"name":"wp","href":"https:\/\/api.w.org\/{rel}","templated":true}]}}