{"id":599953,"date":"2025-12-15T03:09:30","date_gmt":"2025-12-15T03:09:30","guid":{"rendered":"https:\/\/www.europesays.com\/fr\/599953\/"},"modified":"2025-12-15T03:09:30","modified_gmt":"2025-12-15T03:09:30","slug":"martin-parr-lhomme-qui-aimait-brouiller-les-pistes-dans-la-photographie-de-mode","status":"publish","type":"post","link":"https:\/\/www.europesays.com\/fr\/599953\/","title":{"rendered":"Martin Parr, l&rsquo;homme qui aimait brouiller les pistes dans la photographie de mode"},"content":{"rendered":"<p>Tomb\u00e9 en amour avec Images Vevey qui lui rendra hommage en 2026, le d\u00e9funt photographe britannique Martin Parr y a \u00e9t\u00e9 invit\u00e9 trois fois pour pr\u00e9senter ses travaux p\u00e9tillants et color\u00e9s. En 2024, son exposition \u00ab\u00a0Fashion Faux Parr\u00a0\u00bb montrait ses photos de mode qui m\u00e9langeaient figurants et mannequins pour rendre les choses plus \u00ab\u00a0excitantes\u00a0\u00bb.<\/p>\n<p>Martin Parr, le c\u00e9l\u00e8bre et attachant photographe britannique d\u00e9c\u00e9d\u00e9 le 6 d\u00e9cembre dernier, \u00e9tait connu pour ses images solaires et dr\u00f4les du quotidien. Fait moins connu, l&rsquo;artiste a aussi pratiqu\u00e9 la photographie de mode, en collaborant avec des marques et des magazines r\u00e9put\u00e9s. Dans une interview in\u00e9dite, n\u00e9e d&rsquo;un projet de podcast entre la biennale Images Vevey et la RTS, Martin Parr confiait en 2024 comment il approchait ce domaine.<\/p>\n<p> &gt;&gt; A \u00e9couter, l&rsquo;interview in\u00e9dite de Martin Parr dans Vertigo\u00a0:    Hommage \u00e0 Martin Parr \/ Vertigo \/ 12 min. \/ mardi \u00e0 17:09 La mode version Parr<\/p>\n<p>Plus habitu\u00e9 \u00e0 la photo documentaire et \u00e0 la soci\u00e9t\u00e9 britannique, Martin Parr s&rsquo;est lanc\u00e9 dans la photographie de mode en 1999, un domaine traditionnellement codifi\u00e9. \u00ab\u00a0Lorsque j&rsquo;ai eu ma premi\u00e8re commande pour un magazine italien appel\u00e9 Amica, je me suis dit que c&rsquo;\u00e9tait int\u00e9ressant parce que je ne l&rsquo;avais jamais fait auparavant. C&rsquo;\u00e9tait un d\u00e9fi. J&rsquo;ai bien aim\u00e9 et je me suis dit que je pourrais en faire plus souvent\u00a0\u00bb, confie Martin Parr.\u00a0<\/p>\n<p> <img decoding=\"async\" src=\"https:\/\/www.europesays.com\/fr\/wp-content\/uploads\/2025\/12\/i2neua-29086414.image\" alt=\"&quot;Fashion Faux Parr&quot;, une exposition de Martin Parr pr\u00e9sent\u00e9e au festival Images Vevey en 2024. [\u00a9Margaux Corda \/ Images Vevey - Margaux Corda]\" title=\"&quot;Fashion Faux Parr&quot;, une exposition de Martin Parr pr\u00e9sent\u00e9e au festival Images Vevey en 2024. [\u00a9Margaux Corda \/ Images Vevey - Margaux Corda]\" loading=\"lazy\"\/>  \u00ab\u00a0Fashion Faux Parr\u00a0\u00bb, une exposition de Martin Parr pr\u00e9sent\u00e9e au festival Images Vevey en 2024. [\u00a9Margaux Corda \/ Images Vevey &#8211; Margaux Corda] <\/p>\n<p>Par la suite, le photographe s&rsquo;amuse \u00e0 d\u00e9tourner les r\u00e8gles, en mettant des bijoux sur des personnes plus \u00e2g\u00e9es, car \u00ab\u00a0c&rsquo;est plus authentique\u00a0\u00bb.\u00a0C&rsquo;est aussi ce souci d&rsquo;authenticit\u00e9 qui le pousse \u00e0 utiliser des vraies personnes dans ses photos. \u00ab\u00a0Si vous regardez la majorit\u00e9 de la mode, c&rsquo;est une forme de propagande.\u00a0Tout le monde est trop beau, tout est tr\u00e8s clinique.\u00a0Les mannequins sont parfaits, avoue Martin Parr. C&rsquo;est pourquoi j&rsquo;aime int\u00e9grer des figurants dans mes images\u00a0\u00bb.<\/p>\n<p>Pour \u00ab\u00a0rendre les choses excitantes\u00a0\u00bb, l&rsquo;artiste britannique confie aussi emmener ses mod\u00e8les dans des lieux atypiques comme les supermarch\u00e9s ou les cabinets de dentiste. Une mani\u00e8re d&rsquo;apporter du r\u00e9el dans un monde g\u00e9n\u00e9ralement codifi\u00e9 et fantasm\u00e9.<\/p>\n<p class=\"sources\">Propos recueillis par Yann Zitouni<\/p>\n<p class=\"credit\">Adaptation web: Sarah Cl\u00e9ment<\/p>\n<p class=\"article-footnote\">\u00ab\u00a0Fashion Faux Parr\u00a0\u00bb, un livre photographique de Martin Parr, Phaidon Press, avril 2024.<\/p>\n<p class=\"article-footnote\">A l&rsquo;occasion de sa 10e \u00e9dition du 5 au 27 septembre\u00a02026, la biennale Images Vevey rendra hommage au photographe britannique Martin Parr.<\/p>\n","protected":false},"excerpt":{"rendered":"Tomb\u00e9 en amour avec Images Vevey qui lui rendra hommage en 2026, le d\u00e9funt photographe britannique Martin Parr&hellip;\n","protected":false},"author":2,"featured_media":599954,"comment_status":"","ping_status":"","sticky":false,"template":"","format":"standard","meta":{"footnotes":""},"categories":[1358],"tags":[1348,1384,1385,1693,2502,1386,58,59,3293,849,1011,27,4879,71267,985,20528,1756],"class_list":{"0":"post-599953","1":"post","2":"type-post","3":"status-publish","4":"format-standard","5":"has-post-thumbnail","7":"category-arts-et-design","8":"tag-arts","9":"tag-arts-and-design","10":"tag-arts-et-design","11":"tag-arts-et-divertissement","12":"tag-arts-visuels","13":"tag-design","14":"tag-divertissement","15":"tag-entertainment","16":"tag-exposition","17":"tag-festival","18":"tag-fr","19":"tag-france","20":"tag-hommage","21":"tag-martin-parr","22":"tag-mode","23":"tag-photographe","24":"tag-photographie"},"share_on_mastodon":{"url":"https:\/\/pubeurope.com\/@fr\/115721389676412534","error":""},"_links":{"self":[{"href":"https:\/\/www.europesays.com\/fr\/wp-json\/wp\/v2\/posts\/599953","targetHints":{"allow":["GET"]}}],"collection":[{"href":"https:\/\/www.europesays.com\/fr\/wp-json\/wp\/v2\/posts"}],"about":[{"href":"https:\/\/www.europesays.com\/fr\/wp-json\/wp\/v2\/types\/post"}],"author":[{"embeddable":true,"href":"https:\/\/www.europesays.com\/fr\/wp-json\/wp\/v2\/users\/2"}],"replies":[{"embeddable":true,"href":"https:\/\/www.europesays.com\/fr\/wp-json\/wp\/v2\/comments?post=599953"}],"version-history":[{"count":0,"href":"https:\/\/www.europesays.com\/fr\/wp-json\/wp\/v2\/posts\/599953\/revisions"}],"wp:featuredmedia":[{"embeddable":true,"href":"https:\/\/www.europesays.com\/fr\/wp-json\/wp\/v2\/media\/599954"}],"wp:attachment":[{"href":"https:\/\/www.europesays.com\/fr\/wp-json\/wp\/v2\/media?parent=599953"}],"wp:term":[{"taxonomy":"category","embeddable":true,"href":"https:\/\/www.europesays.com\/fr\/wp-json\/wp\/v2\/categories?post=599953"},{"taxonomy":"post_tag","embeddable":true,"href":"https:\/\/www.europesays.com\/fr\/wp-json\/wp\/v2\/tags?post=599953"}],"curies":[{"name":"wp","href":"https:\/\/api.w.org\/{rel}","templated":true}]}}