{"id":599974,"date":"2025-12-15T03:25:24","date_gmt":"2025-12-15T03:25:24","guid":{"rendered":"https:\/\/www.europesays.com\/fr\/599974\/"},"modified":"2025-12-15T03:25:24","modified_gmt":"2025-12-15T03:25:24","slug":"je-ne-peux-rien-reprocher-sur-letat-desprit","status":"publish","type":"post","link":"https:\/\/www.europesays.com\/fr\/599974\/","title":{"rendered":"\u00ab Je ne peux rien reprocher sur l\u2019\u00e9tat d\u2019esprit \u00bb"},"content":{"rendered":"<p>\t\t\t\t\t De la fiert\u00e9, mais aussi un peu d\u2019amertume de ne pas avoir r\u00e9ussi l\u2019exploit de l\u2019emporter dans le Chaudron de Saint-\u00c9tienne. C\u2019\u00e9tait un peu l\u2019\u00e9tat d\u2019esprit de R\u00e9ginald Ray, le coach bastiais, au coup de sifflet final. Il faut dire que face aux St\u00e9phanois, les Bastiais ont enfin livr\u00e9 un match au niveau auquel ils \u00e9taient attendus depuis le d\u00e9but de saison, avec l\u2019ouverture du score par J\u00e9r\u00e9my Sebas, puis la capacit\u00e9 de reprendre le dessus apr\u00e8s la premi\u00e8re \u00e9galisation st\u00e9phanoise gr\u00e2ce \u00e0 F\u00e9lix Tomi. <\/p>\n<p>Si la rencontre s\u2019est termin\u00e9e sur le score de 2-2, Johny Placide n\u2019a pas vol\u00e9 son statut d\u2019international en stoppant un penalty dans les derni\u00e8res minutes de jeu : \u00ab Je ne peux rien reprocher sur l\u2019\u00e9tat d\u2019esprit. Sur un plan arithm\u00e9tique et mental, prendre un point ici est quelque chose de tr\u00e8s positif \u00bb, a expliqu\u00e9 l\u2019entra\u00eeneur bastiais en conf\u00e9rence de presse d\u2019apr\u00e8s-match. <\/p>\n<p>Petit regret tout de m\u00eame, les Bastiais auraient pu ramener les trois points de Saint-\u00c9tienne : \u00ab Si on avait \u00e9t\u00e9 capable d\u2019un peu plus appuyer notre action en deuxi\u00e8me mi-temps, le match aurait eu une autre tournure, avec moins de qualit\u00e9 dans le jeu, car le rapport de force \u00e9tait gagn\u00e9 par Saint-\u00c9tienne, qui est une \u00e9quipe taill\u00e9e pour jouer la mont\u00e9e \u00bb, commentera le coach bastiais. <\/p>\n<p>\u00c0 Saint-\u00c9tienne, malgr\u00e9 des manquements sur le plan technique, l\u2019attaque bastiaise a, semble-t-il, enfin retrouv\u00e9 cette confiance qui a fait d\u00e9faut durant toute la premi\u00e8re partie de saison. \u00c0 l\u2019image du but de J\u00e9r\u00e9my Sebas, d\u2019habitude f\u00e9brile devant le but, qui marquera le premier but bastiais de la saison \u00e0 l\u2019ext\u00e9rieur sur une reprise des 20 m\u00e8tres, ou encore de F\u00e9lix Tomi, qui ne l\u00e2chera rien dans son duel pour trouver le fond des filets. <br \/>R\u00e9ginald Ray avait, pour sa part, choisi un 4-4-2 qui s\u2019est av\u00e9r\u00e9 payant : \u00ab L\u2019id\u00e9e, c\u2019\u00e9tait de g\u00e9rer Saint-\u00c9tienne sur le jeu court. Il fallait deux lignes bien compactes et les g\u00eaner avec la vitesse de Sebas, et puis de Tomi. On a rendu des ballons un peu trop vite. J\u2019aurais aim\u00e9 avoir des temps de jeu pour pouvoir respirer \u00bb. Avant d\u2019ajouter : \u00ab On a recul\u00e9 en deuxi\u00e8me mi-temps, car Saint-\u00c9tienne a un banc de tr\u00e8s bonne qualit\u00e9 \u00bb. <br \/>Et sur le plan mental, le coach bastiais a surtout retrouv\u00e9 une attaque : \u00ab On a \u00e9t\u00e9 tr\u00e8s efficaces offensivement. Ce sont des buts d\u2019attaquants qui sont en confiance \u00bb. \u00ab On n\u2019avait pas marqu\u00e9 \u00e0 l\u2019ext\u00e9rieur depuis le d\u00e9but de la saison. Le travail paye, il va falloir surfer dessus \u00bb. <\/p>\n<p>Un point qui vaut de l\u2019or pour les Bastiais, pourtant toujours derniers de Ligue 2 avec seulement sept unit\u00e9s au compteur, \u00e0 huit points du barragiste Boulogne. \u00ab L\u2019objectif, c\u2019est de gagner le prochain match, et ainsi de suite \u00bb. \u00ab Depuis mon arriv\u00e9e, je cherche \u00e0 retrouver une force collective qui permette d\u2019aller chercher un point ou de gagner des matchs o\u00f9 l\u2019on souffre. Il faut r\u00e9cup\u00e9rer nos bless\u00e9s et amener de la qualit\u00e9, de la fra\u00eecheur avec le recrutement. Il est hors de question d\u2019abdiquer. Il faudra \u00eatre plus comp\u00e9titif en termes de qualit\u00e9 et \u00eatre capable de faire une s\u00e9rie \u00bb, a conclu R\u00e9ginald Ray, avant de se projeter sur la rencontre de Coupe de France face \u00e0 Pontivy le 20 d\u00e9cembre, et de d\u00e9buter le long chemin de croix que sera la seconde partie de saison, dans un esprit que l\u2019on esp\u00e8re retrouv\u00e9. <br \/>\u00a0\n\t\t\t\t <\/p>\n","protected":false},"excerpt":{"rendered":"De la fiert\u00e9, mais aussi un peu d\u2019amertume de ne pas avoir r\u00e9ussi l\u2019exploit de l\u2019emporter dans le&hellip;\n","protected":false},"author":2,"featured_media":599975,"comment_status":"","ping_status":"","sticky":false,"template":"","format":"standard","meta":{"footnotes":""},"categories":[9653],"tags":[1111,11,5622,2430,5621,6777,5624,11049,2517,11050,11051,11052,1777,674,118,63,1011,27,45358,14914,2487,12,25,4001,5628],"class_list":{"0":"post-599974","1":"post","2":"type-post","3":"status-publish","4":"format-standard","5":"has-post-thumbnail","7":"category-saint-etienne","8":"tag-actu","9":"tag-actualites","10":"tag-ajaccio","11":"tag-auvergne-rhone-alpes","12":"tag-bastia","13":"tag-bonjour","14":"tag-calvi","15":"tag-cni","16":"tag-corse","17":"tag-corse-net-infos","18":"tag-corsenetinfos","19":"tag-corsica","20":"tag-eu","21":"tag-europe","22":"tag-faits-divers","23":"tag-football","24":"tag-fr","25":"tag-france","26":"tag-ligue-2-bkt","27":"tag-lingua-corsa","28":"tag-meteo","29":"tag-news","30":"tag-republique-francaise","31":"tag-saint-etienne","32":"tag-sc-bastia"},"share_on_mastodon":{"url":"https:\/\/pubeurope.com\/@fr\/115721451900793857","error":""},"_links":{"self":[{"href":"https:\/\/www.europesays.com\/fr\/wp-json\/wp\/v2\/posts\/599974","targetHints":{"allow":["GET"]}}],"collection":[{"href":"https:\/\/www.europesays.com\/fr\/wp-json\/wp\/v2\/posts"}],"about":[{"href":"https:\/\/www.europesays.com\/fr\/wp-json\/wp\/v2\/types\/post"}],"author":[{"embeddable":true,"href":"https:\/\/www.europesays.com\/fr\/wp-json\/wp\/v2\/users\/2"}],"replies":[{"embeddable":true,"href":"https:\/\/www.europesays.com\/fr\/wp-json\/wp\/v2\/comments?post=599974"}],"version-history":[{"count":0,"href":"https:\/\/www.europesays.com\/fr\/wp-json\/wp\/v2\/posts\/599974\/revisions"}],"wp:featuredmedia":[{"embeddable":true,"href":"https:\/\/www.europesays.com\/fr\/wp-json\/wp\/v2\/media\/599975"}],"wp:attachment":[{"href":"https:\/\/www.europesays.com\/fr\/wp-json\/wp\/v2\/media?parent=599974"}],"wp:term":[{"taxonomy":"category","embeddable":true,"href":"https:\/\/www.europesays.com\/fr\/wp-json\/wp\/v2\/categories?post=599974"},{"taxonomy":"post_tag","embeddable":true,"href":"https:\/\/www.europesays.com\/fr\/wp-json\/wp\/v2\/tags?post=599974"}],"curies":[{"name":"wp","href":"https:\/\/api.w.org\/{rel}","templated":true}]}}