{"id":599976,"date":"2025-12-15T03:26:23","date_gmt":"2025-12-15T03:26:23","guid":{"rendered":"https:\/\/www.europesays.com\/fr\/599976\/"},"modified":"2025-12-15T03:26:23","modified_gmt":"2025-12-15T03:26:23","slug":"maison-des-soeurs-macarons-des-fetes-enchantees","status":"publish","type":"post","link":"https:\/\/www.europesays.com\/fr\/599976\/","title":{"rendered":"Maison des S\u0153urs Macarons\u00a0: des f\u00eates enchant\u00e9es"},"content":{"rendered":"<p>Contenu con\u00e7u et propos\u00e9 par EBRA Inspirations en partenariat avec EBRA Inspirations est une marque qui valorise les contenus r\u00e9dactionnels promotionnels.<br \/>La r\u00e9daction n&rsquo;a pas particip\u00e9 \u00e0 la r\u00e9alisation de cet article.<\/p>\n<p>                                                    <strong>Maison des Soeurs Macarons<\/strong><\/p>\n<p>En cette p\u00e9riode, les sp\u00e9cialit\u00e9s embl\u00e9matiques de la Maison des S\u0153urs Macarons s\u2019invitent sur nos tables de f\u00eates avec une promesse intacte\u00a0: celle du respect des recettes authentiques et des mati\u00e8res premi\u00e8res en circuit court.<\/p>\n<p>Macarons, confiseries et chocolats<\/p>\n<p>Les c\u00e9l\u00e8bres macarons, dont la recette secr\u00e8te est transmise depuis 1793, sont \u00e9labor\u00e9s aujourd\u2019hui exactement comme hier, \u00e0 base d\u2019amandes exclusivement fran\u00e7aises, de sucre, de blancs d\u2019\u0153ufs et sans aucun conservateur. Ils\u00a0se conservent au r\u00e9frig\u00e9rateur et se d\u00e9gustent id\u00e9alement dans les quinze jours.<br \/>Aux amateurs de chocolat, la maison propose de d\u00e9licats ballotins et \u00e9crins aux profils vari\u00e9s\u00a0: classiques, grands crus pralin\u00e9s ou ganaches pure origine. Leur particularit\u00e9\u00a0? Une sucrosit\u00e9 volontairement ma\u00eetris\u00e9e, gage d\u2019onctuosit\u00e9 et d\u2019intensit\u00e9 aromatique. La contrepartie de cette authenticit\u00e9\u00a0? Une conservation limit\u00e9e (2\u00a0mois). Mention sp\u00e9ciale aux chocolats v\u00e9g\u00e9taux sans beurre ni cr\u00e8me, d\u00e9clin\u00e9s en trois saveurs\u00a0: chocolat noir, framboise et bergamote.<\/p>\n<p>Exclusivit\u00e9 absolue de la Maison, la Perle de Lorraine est une p\u00e2te de fruits fondante au c\u0153ur d\u2019eau-de-vie de mirabelle. Confectionn\u00e9e en trois jours \u00e0 partir de pur\u00e9e de mirabelle IGP et d\u2019alcool issu de la Maison de la Mirabelle de Rozelieures, elle se d\u00e9guste en une bouch\u00e9e, en fin de repas, comme un v\u00e9ritable digestif.<br \/>Les marrons glac\u00e9s sont \u00e9galement au c\u0153ur des r\u00e9jouissances. Travaill\u00e9s d\u2019octobre \u00e0 janvier et peu sucr\u00e9s pour laisser s\u2019exprimer le fruit, ils se savourent \u00e0 l\u2019unit\u00e9 ou en coffrets, et sont \u00e0 conserver au frais. Les truffes maison, onctueuses et riches d\u2019un chocolat intense \u00e0 minimum 72\u00a0% de cacao, compl\u00e8tent cette collection festive au caract\u00e8re affirm\u00e9.<\/p>\n<p>Notez que tous ces produits peuvent \u00eatre r\u00e9unis dans des coffrets cadeaux enti\u00e8rement personnalisables, tant par leur taille que par leur contenu (\u00e0 partir de 30\u00a0\u20ac). Une invitation \u00e0 composer des pr\u00e9sents sur mesure, fid\u00e8les \u00e0 l\u2019esprit artisanal et gourmand de la Maison des S\u0153urs Macarons.<\/p>\n<p>    &#13;<br \/>\n    &#13;<br \/>\n    &#13;<br \/>\n    <a href=\"https:\/\/cdn-s-www.estrepublicain.fr\/images\/f11f39a2-65c5-4765-bf38-34f9ccb0404a\/NW_raw\/francis-monet-1765536342.jpg\" title=\"\u00a9 Francis MONET\" class=\"chocolat-image GA-tracking\" data-ga_type=\"click\" data-ga_category=\"D\u00e9tail\" data-ga_action=\"zoomer\" data-ga_label=\"aggrandir image\" target=\"_blank\" rel=\"noopener\">&#13;<br \/>\n        <img src=\"https:\/\/www.europesays.com\/fr\/wp-content\/uploads\/2025\/12\/francis-monet-1765536342.jpg\"   alt=\"\u00a9 Francis MONET\" fetchpriority=\"high\" decoding=\"async\" data-mobile=\"NW_listA_M|1765536342\" data-base=\"NW_listA|1765536342\"\/>&#13;<br \/>\n    <\/a>&#13;<\/p>\n<p>\u00a9 Francis MONET<\/p>\n<p>&#13;<br \/>\n    &#13;\n                                         <\/p>\n<p>&#13;<br \/>\n                                            Contenu con\u00e7u et propos\u00e9 par EBRA inspirations&#13;<br \/>\n                        avec Maison des Soeurs Macarons&#13;\n                                    <\/p>\n","protected":false},"excerpt":{"rendered":"Contenu con\u00e7u et propos\u00e9 par EBRA Inspirations en partenariat avec EBRA Inspirations est une marque qui valorise les&hellip;\n","protected":false},"author":2,"featured_media":599977,"comment_status":"","ping_status":"","sticky":false,"template":"","format":"standard","meta":{"footnotes":""},"categories":[9635],"tags":[1111,11,7884,1777,674,1011,27,775,1702,12,25],"class_list":{"0":"post-599976","1":"post","2":"type-post","3":"status-publish","4":"format-standard","5":"has-post-thumbnail","7":"category-nancy","8":"tag-actu","9":"tag-actualites","10":"tag-articles-partenaires","11":"tag-eu","12":"tag-europe","13":"tag-fr","14":"tag-france","15":"tag-grand-est","16":"tag-nancy","17":"tag-news","18":"tag-republique-francaise"},"share_on_mastodon":{"url":"https:\/\/pubeurope.com\/@fr\/115721456514969364","error":""},"_links":{"self":[{"href":"https:\/\/www.europesays.com\/fr\/wp-json\/wp\/v2\/posts\/599976","targetHints":{"allow":["GET"]}}],"collection":[{"href":"https:\/\/www.europesays.com\/fr\/wp-json\/wp\/v2\/posts"}],"about":[{"href":"https:\/\/www.europesays.com\/fr\/wp-json\/wp\/v2\/types\/post"}],"author":[{"embeddable":true,"href":"https:\/\/www.europesays.com\/fr\/wp-json\/wp\/v2\/users\/2"}],"replies":[{"embeddable":true,"href":"https:\/\/www.europesays.com\/fr\/wp-json\/wp\/v2\/comments?post=599976"}],"version-history":[{"count":0,"href":"https:\/\/www.europesays.com\/fr\/wp-json\/wp\/v2\/posts\/599976\/revisions"}],"wp:featuredmedia":[{"embeddable":true,"href":"https:\/\/www.europesays.com\/fr\/wp-json\/wp\/v2\/media\/599977"}],"wp:attachment":[{"href":"https:\/\/www.europesays.com\/fr\/wp-json\/wp\/v2\/media?parent=599976"}],"wp:term":[{"taxonomy":"category","embeddable":true,"href":"https:\/\/www.europesays.com\/fr\/wp-json\/wp\/v2\/categories?post=599976"},{"taxonomy":"post_tag","embeddable":true,"href":"https:\/\/www.europesays.com\/fr\/wp-json\/wp\/v2\/tags?post=599976"}],"curies":[{"name":"wp","href":"https:\/\/api.w.org\/{rel}","templated":true}]}}