{"id":599981,"date":"2025-12-15T03:32:24","date_gmt":"2025-12-15T03:32:24","guid":{"rendered":"https:\/\/www.europesays.com\/fr\/599981\/"},"modified":"2025-12-15T03:32:24","modified_gmt":"2025-12-15T03:32:24","slug":"a-port-ariane-un-faucardage-realise-pour-nettoyer-la-vasque","status":"publish","type":"post","link":"https:\/\/www.europesays.com\/fr\/599981\/","title":{"rendered":"\u00c0 Port-Ariane, un faucardage r\u00e9alis\u00e9 pour nettoyer la vasque"},"content":{"rendered":"<p>Une prolif\u00e9ration d\u2019algues, exceptionnellement rapide et in\u00e9dite cette ann\u00e9e, nuit \u00e0 la qualit\u00e9 de vie des habitants de la vasque de Port-Ariane, \u00e0 Lattes. Consciente de l\u2019importance de pr\u00e9server la qualit\u00e9 esth\u00e9tique de ce site appr\u00e9ci\u00e9 des habitants, la commune a engag\u00e9 une \u00e9tude afin de comprendre les causes de ce ph\u00e9nom\u00e8ne et d\u00e9finir des pr\u00e9conisations d\u2019actions.<\/p>\n<p>Entre septembre et octobre 2025, le bureau d\u2019\u00e9tudes sp\u00e9cialis\u00e9 Aquascop a men\u00e9 une analyse compl\u00e8te portant sur l\u2019identification des esp\u00e8ces d\u2019algues pr\u00e9sentes, l\u2019\u00e9valuation de la qualit\u00e9 de l\u2019eau, l\u2019\u00e9tude des facteurs environnementaux favorisant cette prolif\u00e9ration (temp\u00e9ratures, nutriments, ensoleillement). Les r\u00e9sultats ont confirm\u00e9 l\u2019absence d\u2019esp\u00e8ces d\u2019algues prot\u00e9g\u00e9es et une nette am\u00e9lioration de la qualit\u00e9 de l\u2019eau.<\/p>\n<p>Fort de ce diagnostic, la Ville a \u00e9tabli un plan d\u2019intervention progressif pour limiter la prolif\u00e9ration et restaurer un \u00e9quilibre durable.<\/p>\n<p><b>Co\u00fbt de l\u2019op\u00e9ration : 40 000 \u20ac<\/b><\/p>\n<p>Un faucardage m\u00e9canique de la surface est mis en \u0153uvre depuis la semaine pass\u00e9e et durera jusqu\u2019\u00e0 ce vendredi 19 d\u00e9cembre. Une coupe s\u00e9lective des v\u00e9g\u00e9taux est r\u00e9alis\u00e9e afin de permettre \u00e0 la lumi\u00e8re de p\u00e9n\u00e9trer dans l\u2019eau, limitant ainsi la croissance future. Les d\u00e9chets v\u00e9g\u00e9taux sont \u00e9vacu\u00e9s et valoris\u00e9s. Des contr\u00f4les r\u00e9guliers sont mis en place pour suivre l\u2019\u00e9volution de la situation. Un suivi de la qualit\u00e9 de l\u2019eau est effectu\u00e9. Cette intervention, d\u2019un montant de 40 000 \u20ac, vise \u00e0 rendre \u00e0 la vasque de Port-Ariane son aspect initial. Toutefois, au regard des nouvelles esp\u00e8ces install\u00e9es, les services concern\u00e9s n\u2019ont aucune certitude sur la vitesse de leur repousse.<\/p>\n<p>Correspondant Midi Libre : 06 66 42 02 80<\/p>\n","protected":false},"excerpt":{"rendered":"Une prolif\u00e9ration d\u2019algues, exceptionnellement rapide et in\u00e9dite cette ann\u00e9e, nuit \u00e0 la qualit\u00e9 de vie des habitants de&hellip;\n","protected":false},"author":2,"featured_media":599982,"comment_status":"","ping_status":"","sticky":false,"template":"","format":"standard","meta":{"footnotes":""},"categories":[9599],"tags":[1111,11,436,1777,674,1011,27,7089,66497,2208,12,2680,25],"class_list":{"0":"post-599981","1":"post","2":"type-post","3":"status-publish","4":"format-standard","5":"has-post-thumbnail","7":"category-montpellier","8":"tag-actu","9":"tag-actualites","10":"tag-environnement","11":"tag-eu","12":"tag-europe","13":"tag-fr","14":"tag-france","15":"tag-herault","16":"tag-lattes","17":"tag-montpellier","18":"tag-news","19":"tag-occitanie","20":"tag-republique-francaise"},"share_on_mastodon":{"url":"https:\/\/pubeurope.com\/@fr\/115721479385107977","error":""},"_links":{"self":[{"href":"https:\/\/www.europesays.com\/fr\/wp-json\/wp\/v2\/posts\/599981","targetHints":{"allow":["GET"]}}],"collection":[{"href":"https:\/\/www.europesays.com\/fr\/wp-json\/wp\/v2\/posts"}],"about":[{"href":"https:\/\/www.europesays.com\/fr\/wp-json\/wp\/v2\/types\/post"}],"author":[{"embeddable":true,"href":"https:\/\/www.europesays.com\/fr\/wp-json\/wp\/v2\/users\/2"}],"replies":[{"embeddable":true,"href":"https:\/\/www.europesays.com\/fr\/wp-json\/wp\/v2\/comments?post=599981"}],"version-history":[{"count":0,"href":"https:\/\/www.europesays.com\/fr\/wp-json\/wp\/v2\/posts\/599981\/revisions"}],"wp:featuredmedia":[{"embeddable":true,"href":"https:\/\/www.europesays.com\/fr\/wp-json\/wp\/v2\/media\/599982"}],"wp:attachment":[{"href":"https:\/\/www.europesays.com\/fr\/wp-json\/wp\/v2\/media?parent=599981"}],"wp:term":[{"taxonomy":"category","embeddable":true,"href":"https:\/\/www.europesays.com\/fr\/wp-json\/wp\/v2\/categories?post=599981"},{"taxonomy":"post_tag","embeddable":true,"href":"https:\/\/www.europesays.com\/fr\/wp-json\/wp\/v2\/tags?post=599981"}],"curies":[{"name":"wp","href":"https:\/\/api.w.org\/{rel}","templated":true}]}}