{"id":599998,"date":"2025-12-15T03:47:28","date_gmt":"2025-12-15T03:47:28","guid":{"rendered":"https:\/\/www.europesays.com\/fr\/599998\/"},"modified":"2025-12-15T03:47:28","modified_gmt":"2025-12-15T03:47:28","slug":"la-parade-des-marionnettes-plait-a-nantes","status":"publish","type":"post","link":"https:\/\/www.europesays.com\/fr\/599998\/","title":{"rendered":"La parade des marionnettes pla\u00eet \u00e0 Nantes"},"content":{"rendered":"<p>En cet avant-dernier dimanche avant No\u00ebl, de nombreux commerces du centre-ville \u00e9taient ouverts, dimanche 14 d\u00e9cembre 2025.<\/p>\n<p>En fin d\u2019apr\u00e8s-midi, les promeneurs ont pu assister au spectacle nocturne Totems, offert par les commer\u00e7ants de l\u2019association\u00a0Plein Centre. \u00c0 la nuit tombante, six marionnettes lumineuses ont d\u00e9ambul\u00e9 dans les rues du quartier Bouffay, au rythme de musiques joyeuses, en embarquant le public dans leur danse.<\/p>\n<p>\t<img decoding=\"async\" src=\"https:\/\/www.europesays.com\/fr\/wp-content\/uploads\/2025\/12\/P35639566D7109103G_px_640_.jpg\" alt=\"photo un grand spectacle ce dimanche.  \u00a9  presse oc\u00e9an-nathalie bourreau\" width=\"640\" title=\" Un grand spectacle ce dimanche.   Presse Oc\u00e9an-Nathalie Bourreau \"\/><\/p>\n<p class=\"elmt-legende\"> Un grand spectacle ce dimanche.   Presse Oc\u00e9an-Nathalie Bourreau <\/p>\n<p>Un moment suspendu<\/p>\n<p>Un moment suspendu qui a charm\u00e9 petits et grands, en offrant un peu de po\u00e9sie en pleine fr\u00e9n\u00e9sie des achats de No\u00ebl. Samedi prochain, c\u2019est un ours polaire g\u00e9ant qui prendra le relais pour ajouter un peu de f\u00e9erie aux illuminations du Voyage en hiver, <a href=\"https:\/\/nantes.maville.com\/actu\/actudet_-du-monde-a-nantes-pour-l-ouverture-des-commerces-le-dimanche-_8-7108948_actu.Htm\" target=\"_blank\" rel=\"noopener\">avant l\u2019arriv\u00e9e du p\u00e8re No\u00ebl.<\/a><\/p>\n<p>\t<img decoding=\"async\" src=\"https:\/\/www.europesays.com\/fr\/wp-content\/uploads\/2025\/12\/P35639567D7109103G_px_640_.jpg\" alt=\"photo \u00ab totems\u00bb.  \u00a9  presse oc\u00e9an-nathalie bourreau\" width=\"640\" title=\" \u00ab Totems\u00bb.   Presse Oc\u00e9an-Nathalie Bourreau \"\/><\/p>\n<p class=\"elmt-legende\"> \u00ab Totems\u00bb.   Presse Oc\u00e9an-Nathalie Bourreau <\/p>\n<p>\t<img decoding=\"async\" src=\"https:\/\/www.europesays.com\/fr\/wp-content\/uploads\/2025\/12\/P35639568D7109103G_px_640_.jpg\" alt=\"photo totems.  \u00a9  presse oc\u00e9an-nathalie bourreau\" width=\"640\" title=\" Totems.   Presse Oc\u00e9an-Nathalie Bourreau \"\/><\/p>\n<p class=\"elmt-legende\"> Totems.   Presse Oc\u00e9an-Nathalie Bourreau <\/p>\n<p>\u00a0<\/p>\n","protected":false},"excerpt":{"rendered":"En cet avant-dernier dimanche avant No\u00ebl, de nombreux commerces du centre-ville \u00e9taient ouverts, dimanche 14 d\u00e9cembre 2025. En&hellip;\n","protected":false},"author":2,"featured_media":599999,"comment_status":"","ping_status":"","sticky":false,"template":"","format":"standard","meta":{"footnotes":""},"categories":[2818],"tags":[1111,11,1777,674,1011,27,71278,766,12,18277,2636,53937,25],"class_list":{"0":"post-599998","1":"post","2":"type-post","3":"status-publish","4":"format-standard","5":"has-post-thumbnail","7":"category-nantes","8":"tag-actu","9":"tag-actualites","10":"tag-eu","11":"tag-europe","12":"tag-fr","13":"tag-france","14":"tag-marionnettes","15":"tag-nantes","16":"tag-news","17":"tag-parade","18":"tag-pays-de-la-loire","19":"tag-plait","20":"tag-republique-francaise"},"share_on_mastodon":{"url":"https:\/\/pubeurope.com\/@fr\/115721539336123330","error":""},"_links":{"self":[{"href":"https:\/\/www.europesays.com\/fr\/wp-json\/wp\/v2\/posts\/599998","targetHints":{"allow":["GET"]}}],"collection":[{"href":"https:\/\/www.europesays.com\/fr\/wp-json\/wp\/v2\/posts"}],"about":[{"href":"https:\/\/www.europesays.com\/fr\/wp-json\/wp\/v2\/types\/post"}],"author":[{"embeddable":true,"href":"https:\/\/www.europesays.com\/fr\/wp-json\/wp\/v2\/users\/2"}],"replies":[{"embeddable":true,"href":"https:\/\/www.europesays.com\/fr\/wp-json\/wp\/v2\/comments?post=599998"}],"version-history":[{"count":0,"href":"https:\/\/www.europesays.com\/fr\/wp-json\/wp\/v2\/posts\/599998\/revisions"}],"wp:featuredmedia":[{"embeddable":true,"href":"https:\/\/www.europesays.com\/fr\/wp-json\/wp\/v2\/media\/599999"}],"wp:attachment":[{"href":"https:\/\/www.europesays.com\/fr\/wp-json\/wp\/v2\/media?parent=599998"}],"wp:term":[{"taxonomy":"category","embeddable":true,"href":"https:\/\/www.europesays.com\/fr\/wp-json\/wp\/v2\/categories?post=599998"},{"taxonomy":"post_tag","embeddable":true,"href":"https:\/\/www.europesays.com\/fr\/wp-json\/wp\/v2\/tags?post=599998"}],"curies":[{"name":"wp","href":"https:\/\/api.w.org\/{rel}","templated":true}]}}