{"id":600000,"date":"2025-12-15T03:48:18","date_gmt":"2025-12-15T03:48:18","guid":{"rendered":"https:\/\/www.europesays.com\/fr\/600000\/"},"modified":"2025-12-15T03:48:18","modified_gmt":"2025-12-15T03:48:18","slug":"sur-la10-vers-bordeaux-un-automobiliste-percute-violemment-un-fourgon-dintervention-avec-un-agent-a-bord","status":"publish","type":"post","link":"https:\/\/www.europesays.com\/fr\/600000\/","title":{"rendered":"Sur l&rsquo;A10 vers Bordeaux, un automobiliste percute violemment un fourgon d&rsquo;intervention avec un agent \u00e0 bord"},"content":{"rendered":"<p>                    Par<br \/>\n        <strong><br \/>\n            <a href=\"https:\/\/actu.fr\/auteur\/sports33\" title=\"Consulter tous les articles de Nicolas Gosselin\" target=\"_blank\" rel=\"noopener\">Nicolas Gosselin<\/a><br \/>\n                    <\/strong><\/p>\n<p>        Publi\u00e9 le<\/p>\n<p>            14 d\u00e9c. 2025 \u00e0 16h24        <\/p>\n<p>\u00ab\u00a0Cette<strong> situation dramatique<\/strong> est inadmissible\u00a0\u00bb, s\u2019insurge la soci\u00e9t\u00e9 Vinci Autoroutes. Dans la nuit du samedi 13 au dimanche 14 d\u00e9cembre 2025, un patrouilleur a \u00e9t\u00e9 <strong>gravement bless\u00e9<\/strong> dans un <a href=\"https:\/\/actu.fr\/tag\/accident\" target=\"_blank\" rel=\"noopener\">accident de la route<\/a>.<\/p>\n<p class=\" wall-content\">L\u2019agent intervenait sur l\u2019<a href=\"https:\/\/actu.fr\/tag\/autoroute-10-a10\" target=\"_blank\" rel=\"noopener\">autoroute A10<\/a>, en direction de Bordeaux, au niveau de la sortie 42 d\u2019<a href=\"https:\/\/actu.fr\/nouvelle-aquitaine\/ambares-et-lagrave_33003\" target=\"_blank\" rel=\"noopener\">Ambar\u00e8s-et-Lagrave<\/a> (Gironde), quand un automobiliste a <strong>violemment percut\u00e9 le fourgon<\/strong> dans lequel il se trouvait.<\/p>\n<p class=\" wall-content\">L\u2019homme en jaune s\u00e9curisait un v\u00e9hicule sur la bande d\u2019arr\u00eat d\u2019urgence. L\u2019ensemble de ses dispositifs de signalisation lumineuse \u00e9taient pourtant activ\u00e9s au moment du choc.<\/p>\n<p>Le troisi\u00e8me accident de la semaine<\/p>\n<p class=\" wall-content\">\u00ab\u00a0Il s\u2019agit du <strong>45e heurt \u00e0 d\u00e9plorer depuis le d\u00e9but de l\u2019ann\u00e9e 2025<\/strong>. Cet accident est le troisi\u00e8me heurt dans la m\u00eame semaine : deux fourgons ont \u00e9t\u00e9 heurt\u00e9s cette semaine sur la bifurcation A620\/A62 ce lundi et ce mardi sur l\u2019A10 \u00e9galement\u00a0\u00bb, pr\u00e9cise Vinci Autoroutes.<\/p>\n<p class=\" wall-content\">\u00ab\u00a0Une prise de conscience est plus que jamais n\u00e9cessaire pour assurer la s\u00e9curit\u00e9 des personnels en intervention\u00a0\u00bb, ajoute le concessionnaire autoroutier, qui a annonc\u00e9<strong> d\u00e9poser plainte<\/strong> suite \u00e0 cet accident et d\u00e9ployer une campagne de sensibilisation.<\/p>\n<p class=\" wall-content\">Personnalisez votre actualit\u00e9 en ajoutant vos villes et m\u00e9dias en favori avec <a href=\"https:\/\/moncompte.actu.fr\" title=\"D\u00e9couvez Mon Actu\" rel=\"nofollow noopener\" data-trk=\"{&quot;cta&quot;:{&quot;action&quot;:&quot;https:\\\/\\\/moncompte.actu.fr&quot;,&quot;category&quot;:&quot;mon compte&quot;,&quot;from&quot;:&quot;article footer&quot;,&quot;name&quot;:&quot;Mon actu&quot;,&quot;type&quot;:&quot;cta&quot;}}\" target=\"_blank\">Mon Actu<\/a>.<\/p>\n","protected":false},"excerpt":{"rendered":"Par Nicolas Gosselin Publi\u00e9 le 14 d\u00e9c. 2025 \u00e0 16h24 \u00ab\u00a0Cette situation dramatique est inadmissible\u00a0\u00bb, s\u2019insurge la soci\u00e9t\u00e9&hellip;\n","protected":false},"author":2,"featured_media":600001,"comment_status":"","ping_status":"","sticky":false,"template":"","format":"standard","meta":{"footnotes":""},"categories":[2817],"tags":[119,1111,11,4697,1997,1777,674,118,1011,27,12,2219,25],"class_list":{"0":"post-600000","1":"post","2":"type-post","3":"status-publish","4":"format-standard","5":"has-post-thumbnail","7":"category-bordeaux","8":"tag-accident","9":"tag-actu","10":"tag-actualites","11":"tag-autoroute-10-a10","12":"tag-bordeaux","13":"tag-eu","14":"tag-europe","15":"tag-faits-divers","16":"tag-fr","17":"tag-france","18":"tag-news","19":"tag-nouvelle-aquitaine","20":"tag-republique-francaise"},"share_on_mastodon":{"url":"https:\/\/pubeurope.com\/@fr\/115721542267523164","error":""},"_links":{"self":[{"href":"https:\/\/www.europesays.com\/fr\/wp-json\/wp\/v2\/posts\/600000","targetHints":{"allow":["GET"]}}],"collection":[{"href":"https:\/\/www.europesays.com\/fr\/wp-json\/wp\/v2\/posts"}],"about":[{"href":"https:\/\/www.europesays.com\/fr\/wp-json\/wp\/v2\/types\/post"}],"author":[{"embeddable":true,"href":"https:\/\/www.europesays.com\/fr\/wp-json\/wp\/v2\/users\/2"}],"replies":[{"embeddable":true,"href":"https:\/\/www.europesays.com\/fr\/wp-json\/wp\/v2\/comments?post=600000"}],"version-history":[{"count":0,"href":"https:\/\/www.europesays.com\/fr\/wp-json\/wp\/v2\/posts\/600000\/revisions"}],"wp:featuredmedia":[{"embeddable":true,"href":"https:\/\/www.europesays.com\/fr\/wp-json\/wp\/v2\/media\/600001"}],"wp:attachment":[{"href":"https:\/\/www.europesays.com\/fr\/wp-json\/wp\/v2\/media?parent=600000"}],"wp:term":[{"taxonomy":"category","embeddable":true,"href":"https:\/\/www.europesays.com\/fr\/wp-json\/wp\/v2\/categories?post=600000"},{"taxonomy":"post_tag","embeddable":true,"href":"https:\/\/www.europesays.com\/fr\/wp-json\/wp\/v2\/tags?post=600000"}],"curies":[{"name":"wp","href":"https:\/\/api.w.org\/{rel}","templated":true}]}}