{"id":600004,"date":"2025-12-15T03:50:25","date_gmt":"2025-12-15T03:50:25","guid":{"rendered":"https:\/\/www.europesays.com\/fr\/600004\/"},"modified":"2025-12-15T03:50:25","modified_gmt":"2025-12-15T03:50:25","slug":"cambriolages-a-toulouse-il-faut-davantage-de-citoyens-mobilises-pour-dissuader-les-malfrats-assure-emilion-esnault","status":"publish","type":"post","link":"https:\/\/www.europesays.com\/fr\/600004\/","title":{"rendered":"Cambriolages \u00e0 Toulouse\u00a0: \u00ab\u00a0Il faut davantage de citoyens mobilis\u00e9s pour dissuader les malfrats\u00a0\u00bb, assure Emilion Esnault"},"content":{"rendered":"<p>\n                                                                    l&rsquo;essentiel<br \/>\n                                                                Les cambriolages augmentent durant les f\u00eates de fin d\u2019ann\u00e9e \u00e0 Toulouse. Les absences prolong\u00e9es des habitants cr\u00e9ent des opportunit\u00e9s pour les voleurs. Emilion Esnault, adjoint au maire en charge de la s\u00e9curit\u00e9, rappelle les bonnes pratiques.\n                            <\/p>\n<p><strong>Pourquoi, selon vous, les f\u00eates de fin d\u2019ann\u00e9e constituent-elles chaque ann\u00e9e une fen\u00eatre id\u00e9ale pour les cambrioleurs\u00a0?<\/strong><\/p>\n<p>Pendant les vacances scolaires, de nombreux Toulousains quittent leur domicile pour passer les f\u00eates en famille. Ces absences prolong\u00e9es cr\u00e9ent m\u00e9caniquement des logements vacants, qui deviennent des cibles id\u00e9ales pour les cambrioleurs.<\/p>\n<p><strong>Avez-vous identifi\u00e9 des zones particuli\u00e8rement\u00a0cibl\u00e9es \u00e0 l\u2019approche de No\u00ebl\u00a0?<\/strong><\/p>\n<p>Il n\u2019existe pas de zones durablement ou syst\u00e9matiquement cibl\u00e9es. Les secteurs les plus touch\u00e9s \u00e9voluent dans le temps. Ces informations sont partag\u00e9es en continu avec la police nationale. Nous adaptons nos dispositifs \u00e0 partir des analyses hebdomadaires\u00a0: red\u00e9ploiement des effectifs de la police municipale, renforcement de la pr\u00e9sence humaine, vigilance accrue des op\u00e9rateurs de vid\u00e9oprotection sur les zones identifi\u00e9es comme sensibles \u00e0 un instant donn\u00e9.<\/p>\n<p><strong>Quels sont les modes op\u00e9ratoires qui ressortent le plus fortement dans les cambriolages r\u00e9cents\u00a0?<\/strong><\/p>\n<p>Les modes op\u00e9ratoires restent malheureusement classiques\u00a0: escalade, effraction, ou une combinaison des deux. Ce sont les proc\u00e9d\u00e9s les plus fr\u00e9quemment rencontr\u00e9s aujourd\u2019hui.<\/p>\n<p data-is-last-node=\"\" data-is-only-node=\"\"><strong>Quelles sont les lacunes que vous observez encore du c\u00f4t\u00e9 des habitants et quel message souhaitez-vous faire passer avant les f\u00eates\u00a0?<\/strong><\/p>\n<p data-is-last-node=\"\" data-is-only-node=\"\">Le principal axe d\u2019am\u00e9lioration reste le maillage citoyen. Plus nous aurons de r\u00e9f\u00e9rents de pr\u00e9vention, mieux nous serons collectivement prot\u00e9g\u00e9s. Les cha\u00eenes de citoyens vigilants sont un v\u00e9ritable levier de dissuasion. Nous continuons donc \u00e0 recruter et \u00e0 renforcer les liens avec la police nationale afin qu\u2019elle les forme. Et il faut rappeler, encore et toujours, les r\u00e8gles de bon sens\u00a0: pr\u00e9venir ses voisins de son absence, faire vider r\u00e9guli\u00e8rement sa bo\u00eete aux lettres, demander \u00e0 quelqu\u2019un de passer pour montrer que le logement est occup\u00e9. Des gestes simples, mais efficaces.<\/p>\n","protected":false},"excerpt":{"rendered":"l&rsquo;essentiel Les cambriolages augmentent durant les f\u00eates de fin d\u2019ann\u00e9e \u00e0 Toulouse. Les absences prolong\u00e9es des habitants cr\u00e9ent&hellip;\n","protected":false},"author":2,"featured_media":600005,"comment_status":"","ping_status":"","sticky":false,"template":"","format":"standard","meta":{"footnotes":""},"categories":[2816],"tags":[1111,11,1777,674,118,1011,27,2722,12,2680,25,2312],"class_list":{"0":"post-600004","1":"post","2":"type-post","3":"status-publish","4":"format-standard","5":"has-post-thumbnail","7":"category-toulouse","8":"tag-actu","9":"tag-actualites","10":"tag-eu","11":"tag-europe","12":"tag-faits-divers","13":"tag-fr","14":"tag-france","15":"tag-haute-garonne","16":"tag-news","17":"tag-occitanie","18":"tag-republique-francaise","19":"tag-toulouse"},"share_on_mastodon":{"url":"https:\/\/pubeurope.com\/@fr\/115721550241788247","error":""},"_links":{"self":[{"href":"https:\/\/www.europesays.com\/fr\/wp-json\/wp\/v2\/posts\/600004","targetHints":{"allow":["GET"]}}],"collection":[{"href":"https:\/\/www.europesays.com\/fr\/wp-json\/wp\/v2\/posts"}],"about":[{"href":"https:\/\/www.europesays.com\/fr\/wp-json\/wp\/v2\/types\/post"}],"author":[{"embeddable":true,"href":"https:\/\/www.europesays.com\/fr\/wp-json\/wp\/v2\/users\/2"}],"replies":[{"embeddable":true,"href":"https:\/\/www.europesays.com\/fr\/wp-json\/wp\/v2\/comments?post=600004"}],"version-history":[{"count":0,"href":"https:\/\/www.europesays.com\/fr\/wp-json\/wp\/v2\/posts\/600004\/revisions"}],"wp:featuredmedia":[{"embeddable":true,"href":"https:\/\/www.europesays.com\/fr\/wp-json\/wp\/v2\/media\/600005"}],"wp:attachment":[{"href":"https:\/\/www.europesays.com\/fr\/wp-json\/wp\/v2\/media?parent=600004"}],"wp:term":[{"taxonomy":"category","embeddable":true,"href":"https:\/\/www.europesays.com\/fr\/wp-json\/wp\/v2\/categories?post=600004"},{"taxonomy":"post_tag","embeddable":true,"href":"https:\/\/www.europesays.com\/fr\/wp-json\/wp\/v2\/tags?post=600004"}],"curies":[{"name":"wp","href":"https:\/\/api.w.org\/{rel}","templated":true}]}}