{"id":600006,"date":"2025-12-15T03:51:26","date_gmt":"2025-12-15T03:51:26","guid":{"rendered":"https:\/\/www.europesays.com\/fr\/600006\/"},"modified":"2025-12-15T03:51:26","modified_gmt":"2025-12-15T03:51:26","slug":"mercato-tfc-8-et-9-numeros-gagnants-deux-arrivees-dans-les-rangs-toulousains-cet-hiver","status":"publish","type":"post","link":"https:\/\/www.europesays.com\/fr\/600006\/","title":{"rendered":"MERCATO. TFC\u00a0: 8 et 9, num\u00e9ros gagnants\u2026 Deux arriv\u00e9es dans les rangs toulousains cet hiver\u00a0?"},"content":{"rendered":"<p>\n                                                                    l&rsquo;essentiel<br \/>\n                                                                Il ouvrira ses portes dans quinze jours mais, pour beaucoup, il ne ferme jamais de l\u2019ann\u00e9e\u2026 Le mercato hivernal se d\u00e9roule en cette ann\u00e9e 2026 du 1er\u00a0janvier au 2\u00a0f\u00e9vrier inclus. Le Toulouse FC sera-t-il actif\u00a0? Nos premiers \u00e9l\u00e9ments de r\u00e9ponse.\n                            <\/p>\n<p>Un milieu relayeur en pr\u00eat. Voil\u00e0, selon nos informations, la priorit\u00e9 des dirigeants haut-garonnais pour les soldes d\u2019hiver qui d\u00e9marreront rappelons-le jeudi 1er\u00a0janvier 2026 \u00e0 0 heure (ou, si vous voulez, mercredi\u00a031 \u00e0 minuit) pour s\u2019achever le lundi 2\u00a0f\u00e9vrier \u00e0 20\u00a0heures (nouvel horaire afin d\u2019\u00e9viter tout imbroglio administratif).<\/p>\n<p>        <img decoding=\"async\" class=\"std-img__img responsive-img\" src=\"https:\/\/www.europesays.com\/fr\/wp-content\/uploads\/2025\/12\/1765770686_15_image.jpg\" alt=\"Qui pour remplacer num\u00e9riquement le milieu ghan\u00e9en Francis Abu, dont la saison est d\u2019ores et d\u00e9j\u00e0 termin\u00e9e sur blessure\u2026\"\/><\/p>\n<p>                Qui pour remplacer num\u00e9riquement le milieu ghan\u00e9en Francis Abu, dont la saison est d\u2019ores et d\u00e9j\u00e0 termin\u00e9e sur blessure\u2026<br \/>\n                                    DDM &#8211; LAURENT DARD<\/p>\n<p>Que le board t\u00e9f\u00e9ciste soit en qu\u00eate d\u2019un milieu de terrain n\u2019est, en soi, pas une surprise. C\u2019est \u2013 d\u00e9j\u00e0 \u2013 le cas depuis la grave blessure (double fracture tibia-p\u00e9ron\u00e9 droit) de l\u2019infortun\u00e9 Ghan\u00e9en Francis Abu (photo), survenue avec sa s\u00e9lection en date du 14\u00a0novembre. Fin de saison, d\u00e9but des n\u00e9gociations en quelque sorte. Ou, \u00e0 tout le moins, de l\u2019agitation dans les coulisses d\u2019un T\u00e9f\u00e9c\u00e9 qui n\u2019a pas vers\u00e9 \u2013 derni\u00e8re rime \u2013 dans la pr\u00e9cipitation. Pas le genre de la nouvelle direction sportive et pr\u00e9sidentielle Bezhani\/Cloarec.<\/p>\n<p class=\"std-elt__inline\">\n        <strong>\u00c0 lire aussi :<\/strong><br \/>\n        <a href=\"https:\/\/www.ladepeche.fr\/2025\/12\/14\/analyse-tfc-toulouse-a-t-il-reussi-sa-premiere-partie-de-saison-en-ligue-1-13110442.php\" target=\"_blank\" rel=\"noopener\">ANALYSE. TFC\u00a0: Toulouse a-t-il r\u00e9ussi sa premi\u00e8re partie de saison en Ligue 1\u00a0?<\/a>\n    <\/p>\n<p>\u00ab\u00a0J\u2019ai parl\u00e9 avec le club, m\u00eame si c\u2019est une chose que je ne ma\u00eetrise pas\u00a0: il est important de penser \u00e0 remplacer Abu. Je ne sais pas si \u00e7a sera possible ou pas\u00a0\u00bb confirmait l\u2019entra\u00eeneur du Tef Carles Martinez Novell ce samedi soir \u00e0 l\u2019issue de la rencontre \u00e0 Jean-Bouin.<\/p>\n<p class=\"std-elt__inline\">\n        <strong>\u00c0 lire aussi :<\/strong><br \/>\n        <a href=\"https:\/\/www.ladepeche.fr\/2025\/12\/14\/tfc-on-ne-gagnera-pas-toujours-en-jouant-un-beau-football-mark-mckenzie-decrypte-la-philosophie-toulousaine-et-fait-le-bilan-a-presque-mi-saison-13110396.php\" target=\"_blank\" rel=\"noopener\">TFC\u00a0: \u00ab\u00a0On ne gagnera pas toujours en jouant un beau football\u2026\u00a0\u00bb Mark McKenzie d\u00e9crypte la philosophie toulousaine et fait le bilan \u00e0 presque mi-saison<\/a>\n    <\/p>\n<p>Le TFC aurait pu activer la case joker avant la p\u00e9riode de mutation qui va ouvrir, il ne l\u2019a pas fait. Les contraintes r\u00e9glementaires plus l\u2019\u00e9closion de Vossah et l\u2019absence moins longue que pr\u00e9vue de Sauer ont \u00e9galement pes\u00e9 dans les d\u00e9bats. Au m\u00eame titre, certainement, que la difficult\u00e9 de d\u00e9nicher l\u2019oiseau rare. Par d\u00e9finition, rare donc cher. Et le club de la Ville rose \u2013 malgr\u00e9 une balance achats\/ventes exc\u00e9dentaire d\u2019apr\u00e8s nos calculs de +\u00a033M\u20ac cet \u00e9t\u00e9 \u2013 n\u2019est pas enclin \u00e0 sortir le ch\u00e9quier plus que \u00e7a \u2013 sauf bonne pioche qui ne se refuserait pas. L\u2019hiver pouvant aussi pr\u00e9parer l\u2019\u00e9t\u00e9\u2026<\/p>\n<p class=\"std-elt__inline\">\n        <strong>\u00c0 lire aussi :<\/strong><br \/>\n        <a href=\"https:\/\/www.ladepeche.fr\/2025\/12\/14\/paris-fc-tfc-jai-senti-hidalgo-en-confiance-carles-martinez-novell-debriefe-la-victoire-de-toulouse-et-la-performance-de-largentin-13109581.php\" target=\"_blank\" rel=\"noopener\">Paris FC \u2013 TFC\u00a0: \u00ab\u00a0J\u2019ai senti Hidalgo en confiance\u00a0\u00bb\u2026 Carles Martinez Novell d\u00e9briefe la victoire de Toulouse et la performance de l\u2019Argentin<\/a>\n    <\/p>\n<p>De facto, la cellule recrutement de s\u2019orienter vers un joueur pr\u00eat\u00e9. Quitte, si tout \u00ab\u00a0matche\u00a0\u00bb, \u00e0 y inclure une option d\u2019achat. Pour le profil, il n\u2019a pas beaucoup chang\u00e9 depuis les pr\u00e9c\u00e9dentes saisons\u00a0: un \u00e9l\u00e9ment \u00e9tranger, connaissant la L1 car se devant d\u2019\u00eatre op\u00e9rationnel d\u2019embl\u00e9e, de pr\u00e9f\u00e9rence box to box, dans les 25 ans.<\/p>\n<p class=\"std-elt__inline\">\n        <strong>\u00c0 lire aussi :<\/strong><br \/>\n        <a href=\"https:\/\/www.ladepeche.fr\/2025\/12\/14\/tfc-lheure-de-santiago-hidalgo-comment-largentin-peut-profiter-de-labsence-de-frank-magri-13110043.php\" target=\"_blank\" rel=\"noopener\">TFC\u00a0: l\u2019heure de Santiago Hidalgo\u00a0? Comment l\u2019Argentin peut profiter de l\u2019absence de Frank Magri<\/a>\n    <\/p>\n<p>\u00ab\u00a0Le vestiaire toulousain est anglais, nous indique un ancien recruteur, donc il n\u2019y a pas la barri\u00e8re de la langue. Ensuite, \u00e0 niveau \u00e9gal, le joueur fran\u00e7ais sera toujours plus on\u00e9reux que le joueur \u00e9tranger. Ne l\u2019oublions pas.\u00a0\u00bb<\/p>\n<p>Un avant-centre\u00a0?<\/p>\n<p>Autre secteur de jeu qui pourrait voir bouger les lignes, le front de l\u2019attaque. C\u2019est un secret de Polichinelle\u00a0: en d\u00e9pit de l\u2019impact naissant d\u2019Emersonn voire Hidalgo mais dans une position excentr\u00e9e, Dallinga parti il y a deux saisons n\u2019a pas \u00e9t\u00e9 remplac\u00e9. Aussi, Toulouse ne cracherait pas sur un buteur. Denr\u00e9e encore plus pr\u00e9cieuse qu\u2019un 8\u00a0! Entendu, il ne s\u2019agit pas du dossier sur le dessus de la pile\u00a0; mais le club reste \u00e0 l\u2019aff\u00fbt. On appelle cela un march\u00e9 d\u2019opportunit\u00e9 \u00e0 l\u2019int\u00e9rieur de ce mercato correctif de mi-saison.<\/p>\n<p class=\"std-elt__inline\">\n        <strong>\u00c0 lire aussi :<\/strong><br \/>\n        <a href=\"https:\/\/www.ladepeche.fr\/2025\/12\/14\/paris-fc-tfc-apres-chaque-entrainement-je-reste-un-peu-yann-gboho-parle-de-son-double-et-de-son-travail-quotidien-qui-paye-13109583.php\" target=\"_blank\" rel=\"noopener\">Paris FC \u2013 TFC\u00a0: \u00ab\u00a0Apr\u00e8s chaque entra\u00eenement, je reste un peu\u2026\u00a0\u00bb Yann Gboho parle de son doubl\u00e9 et de son travail quotidien qui paye<\/a>\n    <\/p>\n<p>Et dans le sens des d\u00e9parts qui avaient \u00e9gay\u00e9 la fen\u00eatre de janvier dernier (transferts de Genreau et Zand\u00e9n, pr\u00eats de Dominguez et Cissoko)\u00a0? A priori, RAS. Rendez-vous dans un mois et demi pour faire les comptes.<\/p>\n","protected":false},"excerpt":{"rendered":"l&rsquo;essentiel Il ouvrira ses portes dans quinze jours mais, pour beaucoup, il ne ferme jamais de l\u2019ann\u00e9e\u2026 Le&hellip;\n","protected":false},"author":2,"featured_media":600007,"comment_status":"","ping_status":"","sticky":false,"template":"","format":"standard","meta":{"footnotes":""},"categories":[2816],"tags":[1111,11,1777,674,63,1011,27,2722,12,2680,25,517,2312,68922],"class_list":{"0":"post-600006","1":"post","2":"type-post","3":"status-publish","4":"format-standard","5":"has-post-thumbnail","7":"category-toulouse","8":"tag-actu","9":"tag-actualites","10":"tag-eu","11":"tag-europe","12":"tag-football","13":"tag-fr","14":"tag-france","15":"tag-haute-garonne","16":"tag-news","17":"tag-occitanie","18":"tag-republique-francaise","19":"tag-sport","20":"tag-toulouse","21":"tag-toulouse-football-club"},"share_on_mastodon":{"url":"https:\/\/pubeurope.com\/@fr\/115721554816775030","error":""},"_links":{"self":[{"href":"https:\/\/www.europesays.com\/fr\/wp-json\/wp\/v2\/posts\/600006","targetHints":{"allow":["GET"]}}],"collection":[{"href":"https:\/\/www.europesays.com\/fr\/wp-json\/wp\/v2\/posts"}],"about":[{"href":"https:\/\/www.europesays.com\/fr\/wp-json\/wp\/v2\/types\/post"}],"author":[{"embeddable":true,"href":"https:\/\/www.europesays.com\/fr\/wp-json\/wp\/v2\/users\/2"}],"replies":[{"embeddable":true,"href":"https:\/\/www.europesays.com\/fr\/wp-json\/wp\/v2\/comments?post=600006"}],"version-history":[{"count":0,"href":"https:\/\/www.europesays.com\/fr\/wp-json\/wp\/v2\/posts\/600006\/revisions"}],"wp:featuredmedia":[{"embeddable":true,"href":"https:\/\/www.europesays.com\/fr\/wp-json\/wp\/v2\/media\/600007"}],"wp:attachment":[{"href":"https:\/\/www.europesays.com\/fr\/wp-json\/wp\/v2\/media?parent=600006"}],"wp:term":[{"taxonomy":"category","embeddable":true,"href":"https:\/\/www.europesays.com\/fr\/wp-json\/wp\/v2\/categories?post=600006"},{"taxonomy":"post_tag","embeddable":true,"href":"https:\/\/www.europesays.com\/fr\/wp-json\/wp\/v2\/tags?post=600006"}],"curies":[{"name":"wp","href":"https:\/\/api.w.org\/{rel}","templated":true}]}}